{"id":1265673,"date":"2026-08-28T07:54:17","date_gmt":"2026-08-28T07:54:17","guid":{"rendered":"https:\/\/www.europesays.com\/de\/1265673\/"},"modified":"2026-08-28T07:54:17","modified_gmt":"2026-08-28T07:54:17","slug":"sv-ruespel-volkensen-glaenzt-bei-lichtpunkt-dm-in-frankfurt","status":"publish","type":"post","link":"https:\/\/www.europesays.com\/de\/1265673\/","title":{"rendered":"SV R\u00fcspel-Volkensen gl\u00e4nzt bei Lichtpunkt-DM in Frankfurt"},"content":{"rendered":"<p>Mit drei Nachwuchssch\u00fctzen war der SV R\u00fcspel-Volkensen am ersten Augustwochenende bei der Deutschen Meisterschaft im Lichtpunktschie\u00dfen in Frankfurt am Main vertreten. Begleitet wurden Jonas Zemann, Anna Fricke und Merle Beckmann vom Ehrenpr\u00e4sidenten Heinz Meyer, der kurzfristig als Trainer einsprang.<\/p>\n<p>Bereits am ersten Tag \u00fcberzeugten die drei im Freihandschie\u00dfen. Jonas belegte mit 168 Ringen Platz zehn, Merle kam mit 164 Ringen auf Platz 18 und Anna mit 123 Ringen auf Platz 54. Als Mannschaft erreichte das Trio mit 455 Ringen einen starken vierten Platz.<\/p>\n<p>Am zweiten Wettkampftag folgte der Dreistellungskampf mit einem besonderen H\u00f6hepunkt: Jonas Zemann sicherte sich bei seinem ersten Start in dieser Disziplin mit 270 Ringen den dritten Platz. Merle erreichte mit 268 Ringen Platz sechs, Anna kam mit 237 Ringen auf Platz 13.<\/p>\n<p>Damit blickt der R\u00fcspeler Nachwuchs auf ein erfolgreiches Meisterschaftswochenende mit starken Ergebnissen und wertvollen Erfahrungen zur\u00fcck. (pm\/isw)<\/p>\n","protected":false},"excerpt":{"rendered":"Mit drei Nachwuchssch\u00fctzen war der SV R\u00fcspel-Volkensen am ersten Augustwochenende bei der Deutschen Meisterschaft im Lichtpunktschie\u00dfen in Frankfurt&hellip;\n","protected":false},"author":2,"featured_media":1265674,"comment_status":"","ping_status":"","sticky":false,"template":"","format":"standard","meta":{"footnotes":"","_share_on_mastodon":"0"},"categories":[1829],"tags":[261493,29,61862,2050,2051,30,135791,2052,261492,261494,100028,261495,265,261491],"class_list":["post-1265673","post","type-post","status-publish","format-standard","has-post-thumbnail","category-frankfurt-am-main","tag-anna-fricke","tag-deutschland","tag-drive-1","tag-frankfurt","tag-frankfurt-am-main","tag-germany","tag-heinz-meyer","tag-hessen","tag-jonas-zemann","tag-merle-beckmann","tag-noecho","tag-schiesport","tag-sport","tag-sv-rspel-volkensen"],"share_on_mastodon":{"url":"https:\/\/pubeurope.com\/@de\/117172061226519623","error":""},"_links":{"self":[{"href":"https:\/\/www.europesays.com\/de\/wp-json\/wp\/v2\/posts\/1265673","targetHints":{"allow":["GET"]}}],"collection":[{"href":"https:\/\/www.europesays.com\/de\/wp-json\/wp\/v2\/posts"}],"about":[{"href":"https:\/\/www.europesays.com\/de\/wp-json\/wp\/v2\/types\/post"}],"author":[{"embeddable":true,"href":"https:\/\/www.europesays.com\/de\/wp-json\/wp\/v2\/users\/2"}],"replies":[{"embeddable":true,"href":"https:\/\/www.europesays.com\/de\/wp-json\/wp\/v2\/comments?post=1265673"}],"version-history":[{"count":0,"href":"https:\/\/www.europesays.com\/de\/wp-json\/wp\/v2\/posts\/1265673\/revisions"}],"wp:featuredmedia":[{"embeddable":true,"href":"https:\/\/www.europesays.com\/de\/wp-json\/wp\/v2\/media\/1265674"}],"wp:attachment":[{"href":"https:\/\/www.europesays.com\/de\/wp-json\/wp\/v2\/media?parent=1265673"}],"wp:term":[{"taxonomy":"category","embeddable":true,"href":"https:\/\/www.europesays.com\/de\/wp-json\/wp\/v2\/categories?post=1265673"},{"taxonomy":"post_tag","embeddable":true,"href":"https:\/\/www.europesays.com\/de\/wp-json\/wp\/v2\/tags?post=1265673"}],"curies":[{"name":"wp","href":"https:\/\/api.w.org\/{rel}","templated":true}]}}