{"id":1265688,"date":"2026-08-28T08:02:15","date_gmt":"2026-08-28T08:02:15","guid":{"rendered":"https:\/\/www.europesays.com\/de\/1265688\/"},"modified":"2026-08-28T08:02:15","modified_gmt":"2026-08-28T08:02:15","slug":"berlin-zwischen-sorgen-und-skandalen-norwegens-neuer-koenig-haakon","status":"publish","type":"post","link":"https:\/\/www.europesays.com\/de\/1265688\/","title":{"rendered":"Berlin | Zwischen Sorgen und Skandalen: Norwegens neuer K\u00f6nig Haakon"},"content":{"rendered":"<p>Nach dem Tod von Harald V.<\/p>\n<p>Berlin (dpa) &#8211; Norwegens neuer K\u00f6nig Haakon (53) genie\u00dft trotz der j\u00fcngsten Skandale rund um das K\u00f6nigshaus hohes Ansehen im Land. Knapp vier von f\u00fcnf Befragten glaubten in einer Umfrage im M\u00e4rz, dass Haakon ein \u00absehr guter\u00bb oder \u00abziemlich guter\u00bb K\u00f6nig sein werde.\u00a0<\/p>\n<p>Zu diesem Zeitpunkt waren sowohl das Ausma\u00df der Kontakte seiner Frau Mette-Marit (53) zu dem 2019 gestorbenen US-Sexualstraft\u00e4ter Jeffrey Epstein als auch Vergewaltigungsvorw\u00fcrfe gegen Marius Borg H\u00f8iby (28), Mette-Marits Sohn aus einer fr\u00fcheren Beziehung, bekannt. Die Verurteilung H\u00f8ibys zu vier Jahren Haft in erster Instanz Mitte Juni \u00fcberschattete auch den norwegischen Hof. Berufung ist eingelegt.\u00a0<\/p>\n<p>Wie stehen die Norweger zu Haakon und zur Monarchie?<\/p>\n<p>Die Norweger sehen die Institution Monarchie in Umfragen zwar etwas kritischer als fr\u00fcher, auf Haakon aber lassen sie nichts kommen: Er gilt als moderner, fitter und zukunftsorientierter Monarch.\u00a0<\/p>\n<p>Der neue K\u00f6nig absolvierte nicht nur die norwegische Marineakademie. Er studierte unter anderem auch Politikwissenschaft an der University of California in Berkeley und Entwicklungswissenschaften an der London School of Economics.\u00a0<\/p>\n<p>Fr\u00fch in die Verantwortung hineingewachsen<\/p>\n<p>Bereits seit dem Tod seines Gro\u00dfvaters Olav V. 1991 ist Haakon ein Kronprinz mit Verantwortung. Da K\u00f6nig Harald im hohen Alter immer wieder mit schweren gesundheitlichen Problemen k\u00e4mpfte, \u00fcbernahm Haakon seit langem zeitweise die Amtsgesch\u00e4fte als Regent. Bekannt ist auch sein Engagement f\u00fcr Gleichberechtigung, klimafreundliche Technologien und Armutsbek\u00e4mpfung.\u00a0<\/p>\n<p>Im Privatleben beweist Haakon Mut zum Bruch mit Traditionen. 2001 heiratete er gegen Widerst\u00e4nde die bis dahin b\u00fcrgerliche Mette-Marit Tjessem H\u00f8iby. Damals war sie alleinerziehende Mutter mit einer Vergangenheit in der Osloer Partyszene. 2004 und 2005 kamen die gemeinsamen Kinder Erbprinzessin Ingrid Alexandra und Prinz Sverre Magnus zur Welt. Die Patchwork-Familie wurde vielfach als Ausdruck einer moderneren Monarchie wahrgenommen.<\/p>\n<p>Die Norweger haben gelernt: Haakon steht bei allen Schwierigkeiten fest an Mette-Marits Seite &#8211; komme, was wolle. Seit langem ist bekannt, dass ihre neue K\u00f6nigin an der unheilbaren Krankheit Lungenfibrose erkrankt ist. In diesem Sommer erhielt sie eine neue Lunge. Eine Feier zur Silberhochzeit im Sommer wurde deshalb verschoben, und Haakon wollte w\u00e4hrend Mette-Marits Genesung eigentlich k\u00fcrzertreten &#8211; als K\u00f6nig wird er das nicht mehr k\u00f6nnen.<\/p>\n","protected":false},"excerpt":{"rendered":"Nach dem Tod von Harald V. Berlin (dpa) &#8211; Norwegens neuer K\u00f6nig Haakon (53) genie\u00dft trotz der j\u00fcngsten&hellip;\n","protected":false},"author":2,"featured_media":1265689,"comment_status":"","ping_status":"","sticky":false,"template":"","format":"standard","meta":{"footnotes":"","_share_on_mastodon":"0"},"categories":[1825],"tags":[37777,1941,1939,296,1937,29,30,2549,1940,1938,913,261496],"class_list":["post-1265688","post","type-post","status-publish","format-standard","has-post-thumbnail","category-berlin","tag-adel","tag-aktuelle-nachrichten-aus-berlin","tag-aktuelle-news-aus-berlin","tag-berlin","tag-berlin-news","tag-deutschland","tag-germany","tag-leute","tag-nachrichten-aus-berlin","tag-news-aus-berlin","tag-norwegen","tag-norwegen-monarchie"],"share_on_mastodon":{"url":"https:\/\/pubeurope.com\/@de\/117172092765890473","error":""},"_links":{"self":[{"href":"https:\/\/www.europesays.com\/de\/wp-json\/wp\/v2\/posts\/1265688","targetHints":{"allow":["GET"]}}],"collection":[{"href":"https:\/\/www.europesays.com\/de\/wp-json\/wp\/v2\/posts"}],"about":[{"href":"https:\/\/www.europesays.com\/de\/wp-json\/wp\/v2\/types\/post"}],"author":[{"embeddable":true,"href":"https:\/\/www.europesays.com\/de\/wp-json\/wp\/v2\/users\/2"}],"replies":[{"embeddable":true,"href":"https:\/\/www.europesays.com\/de\/wp-json\/wp\/v2\/comments?post=1265688"}],"version-history":[{"count":0,"href":"https:\/\/www.europesays.com\/de\/wp-json\/wp\/v2\/posts\/1265688\/revisions"}],"wp:featuredmedia":[{"embeddable":true,"href":"https:\/\/www.europesays.com\/de\/wp-json\/wp\/v2\/media\/1265689"}],"wp:attachment":[{"href":"https:\/\/www.europesays.com\/de\/wp-json\/wp\/v2\/media?parent=1265688"}],"wp:term":[{"taxonomy":"category","embeddable":true,"href":"https:\/\/www.europesays.com\/de\/wp-json\/wp\/v2\/categories?post=1265688"},{"taxonomy":"post_tag","embeddable":true,"href":"https:\/\/www.europesays.com\/de\/wp-json\/wp\/v2\/tags?post=1265688"}],"curies":[{"name":"wp","href":"https:\/\/api.w.org\/{rel}","templated":true}]}}