{"id":1265760,"date":"2026-08-28T08:51:05","date_gmt":"2026-08-28T08:51:05","guid":{"rendered":"https:\/\/www.europesays.com\/de\/1265760\/"},"modified":"2026-08-28T08:51:05","modified_gmt":"2026-08-28T08:51:05","slug":"veranstaltungsarchiv-mark-twain-center","status":"publish","type":"post","link":"https:\/\/www.europesays.com\/de\/1265760\/","title":{"rendered":"Veranstaltungsarchiv &#8211; Mark Twain Center"},"content":{"rendered":"<p><img decoding=\"async\" alt=\"\" src=\"https:\/\/www.europesays.com\/de\/wp-content\/uploads\/2026\/08\/2006522_Amerika_MTC_Web_Lay013.jpg\"\/>&#13;<br \/>\n&#13;<br \/>\n  250 Jahre US-amerikanische Demokratie&#13;<br \/>\n&#13;<br \/>\n  &#13;<br \/>\n&#13;<\/p>\n<p class=\"basecontent-line-break-text basecontent-line-break-text--text-mit-zeilenumbruch\" id=\"anker2159731\">An diesem Tag organisiert das MTC ein spannendes Angebot anl\u00e4sslich des<strong> 250. Geburtstages der Verabschiedung der amerikanischen Unabh\u00e4ngigkeitserkl\u00e4rung.<\/strong><\/p>\n<p>Vor 250 Jahren erkl\u00e4rten die Vereinigten Staaten von Amerika ihre Unabh\u00e4ngigkeit vom Britischen K\u00f6nigreich und begr\u00fcndeten damit die Geschichte der \u00e4ltesten noch bestehenden Demokratie der Welt. <strong>Am 4. Juli 2026<\/strong> wollen wir dieses besondere Ereignis feiern und dabei auch nach dem Zustand der Demokratie in den USA fragen.<\/p>\n<p><strong>Zwischen 15.00 und 18.00 Uhr erwartet Sie ein abwechslungsreiches Programm, darunter<\/strong><\/p>\n<p>15.00\u00a0 \u00a0 \u00a0 \u00a0 \u00a0 \u00a0 \u00a0 \u00a0 der Weg zur US-amerikanischen Demokratie:<br \/>\u00a0 \u00a0 \u00a0 \u00a0 \u00a0 \u00a0 \u00a0 \u00a0 \u00a0 \u00a0 \u00a0 \u00a0 \u00a0Einf\u00fchrung durch Dr. Uwe Wenzel<\/p>\n<p>15.15\u00a0 \u00a0 \u00a0 \u00a0 \u00a0 \u00a0 \u00a0 \u00a0 Demokratie in einem polarisierten Land: Gespr\u00e4chsrunde mit<br \/>\u00a0 \u00a0 \u00a0 \u00a0 \u00a0 \u00a0 \u00a0 \u00a0 \u00a0 \u00a0 \u00a0 \u00a0 \u00a0Karin Lister, Ron Rash und Robert Munoz \u00fcber ihre<br \/>\u00a0 \u00a0 \u00a0 \u00a0 \u00a0 \u00a0 \u00a0 \u00a0 \u00a0 \u00a0 \u00a0 \u00a0 \u00a0pers\u00f6nliche Sicht auf die gespaltenen USA<\/p>\n<p>16.00 \/ 17.00\u00a0 \u00a0 Square Dancing mit den Swinging Stars Heidelberg und<br \/>\u00a0 \u00a0 \u00a0 \u00a0 \u00a0 \u00a0 \u00a0 \u00a0 \u00a0 \u00a0 \u00a0 \u00a0 \u00a0den Heidelberg Hoedowners<\/p>\n<p>16.30\u00a0 \u00a0 \u00a0 \u00a0 \u00a0 \u00a0 \u00a0 \u00a0 Wissen und gewinnen:<br \/>\u00a0 \u00a0 \u00a0 \u00a0 \u00a0 \u00a0 \u00a0 \u00a0 \u00a0 \u00a0 \u00a0 \u00a0 \u00a0ein Quiz zur US-amerikanischen Demokratie<\/p>\n<p>17.30\u00a0 \u00a0 \u00a0 \u00a0 \u00a0 \u00a0 \u00a0 \u00a0 eine Sonderf\u00fchrung durch unsere Ausstellung mit Fotografien<br \/>\u00a0 \u00a0 \u00a0 \u00a0 \u00a0 \u00a0 \u00a0 \u00a0 \u00a0 \u00a0 \u00a0 \u00a0 \u00a0von Max Scheler aus den USA der 1950er und 1960er Jahre<\/p>\n<p><strong>Und au\u00dferdem:\u00a0<\/strong><\/p>\n<p>Kleine Spiel- und Sportangebote f\u00fcr Jung und Alt im Park<\/p>\n<p>Kaffee und Kuchen: Deutsch-Amerikanischer Frauenclub Heidelberg<\/p>\n<p>Kalte Getr\u00e4nke aus dem Wintergarten<\/p>\n<p><strong>Samstag, 04. Juli 2026, 15.00 Uhr<\/strong><\/p>\n<p><strong>Ort:<\/strong> Mark Twain Center f\u00fcr transatlantische Beziehungen Heidelberg,<br \/>R\u00f6merstr. 162, 69126 Heidelberg<\/p>\n<p>&#13;<br \/>\n<a id=\"anker5543146\"\/>&#13;<br \/>\n&#13;<\/p>\n","protected":false},"excerpt":{"rendered":"&#13; &#13; 250 Jahre US-amerikanische Demokratie&#13; &#13; &#13; &#13; An diesem Tag organisiert das MTC ein spannendes Angebot&hellip;\n","protected":false},"author":2,"featured_media":1265761,"comment_status":"","ping_status":"","sticky":false,"template":"","format":"standard","meta":{"footnotes":"","_share_on_mastodon":"0"},"categories":[3977],"tags":[13586,331,332,261509,261507,13,2476,261508,14,15,12,4017,4018,4016,64,4019,4020],"class_list":["post-1265760","post","type-post","status-publish","format-standard","has-post-thumbnail","category-usa","tag-sammlung","tag-aktuelle-nachrichten","tag-aktuelle-news","tag-campbell-barracks","tag-dauerausstellung-join-the-story-history-harvest","tag-headlines","tag-heidelberg","tag-mark-twain-center","tag-nachrichten","tag-news","tag-schlagzeilen","tag-united-states","tag-united-states-of-america","tag-us","tag-usa","tag-vereinigte-staaten","tag-vereinigte-staaten-von-amerika"],"share_on_mastodon":{"url":"https:\/\/pubeurope.com\/@de\/117172287430545813","error":""},"_links":{"self":[{"href":"https:\/\/www.europesays.com\/de\/wp-json\/wp\/v2\/posts\/1265760","targetHints":{"allow":["GET"]}}],"collection":[{"href":"https:\/\/www.europesays.com\/de\/wp-json\/wp\/v2\/posts"}],"about":[{"href":"https:\/\/www.europesays.com\/de\/wp-json\/wp\/v2\/types\/post"}],"author":[{"embeddable":true,"href":"https:\/\/www.europesays.com\/de\/wp-json\/wp\/v2\/users\/2"}],"replies":[{"embeddable":true,"href":"https:\/\/www.europesays.com\/de\/wp-json\/wp\/v2\/comments?post=1265760"}],"version-history":[{"count":0,"href":"https:\/\/www.europesays.com\/de\/wp-json\/wp\/v2\/posts\/1265760\/revisions"}],"wp:featuredmedia":[{"embeddable":true,"href":"https:\/\/www.europesays.com\/de\/wp-json\/wp\/v2\/media\/1265761"}],"wp:attachment":[{"href":"https:\/\/www.europesays.com\/de\/wp-json\/wp\/v2\/media?parent=1265760"}],"wp:term":[{"taxonomy":"category","embeddable":true,"href":"https:\/\/www.europesays.com\/de\/wp-json\/wp\/v2\/categories?post=1265760"},{"taxonomy":"post_tag","embeddable":true,"href":"https:\/\/www.europesays.com\/de\/wp-json\/wp\/v2\/tags?post=1265760"}],"curies":[{"name":"wp","href":"https:\/\/api.w.org\/{rel}","templated":true}]}}