{"id":1265764,"date":"2026-08-28T08:54:34","date_gmt":"2026-08-28T08:54:34","guid":{"rendered":"https:\/\/www.europesays.com\/de\/1265764\/"},"modified":"2026-08-28T08:54:34","modified_gmt":"2026-08-28T08:54:34","slug":"wut-in-ceuta-anwohner-blockieren-zufahrt-des-roten-kreuzes-zu-migranten","status":"publish","type":"post","link":"https:\/\/www.europesays.com\/de\/1265764\/","title":{"rendered":"Wut in Ceuta: Anwohner blockieren Zufahrt des Roten Kreuzes zu Migranten"},"content":{"rendered":"<p>  Von&amp;nbsp<a href=\"https:\/\/de.euronews.com\/profile\/2828\" rel=\"nofollow noopener\" target=\"_blank\">Christina Thykjaer<\/a><\/p>\n<p>\n                    Zuerst ver\u00f6ffentlicht am                 27\/08\/2026 &#8211; 20:49 MESZ\u2022Zuletzt aktualisiert<br \/>\n                                     28\/08\/2026 &#8211; 8:47 MESZ\n                                        <\/p>\n<p>In Ceuta w\u00e4chst die Spannung erneut. Nach mehreren von Protesten und Zwischenf\u00e4llen in den von der Migrationskrise gepr\u00e4gten Tagen haben am Donnerstag Dutzende Anwohner versucht, Fahrzeuge des Roten Kreuzes aufzuhalten. Die Konvois waren unterwegs zu Migranten, die weiter im Gebiet El Trampol\u00edn bleiben.<\/p>\n<p>          <img decoding=\"async\" class=\"c-ad__placeholder__logo\" src=\"https:\/\/static.euronews.com\/website\/images\/logos\/logo-euronews-stacked-outlined-72x72-grey-9.svg\" width=\"72\" height=\"72\" alt=\"\" loading=\"lazy\"\/><br \/>\n          WERBUNG<\/p>\n<p>          <img decoding=\"async\" class=\"c-ad__placeholder__logo\" src=\"https:\/\/static.euronews.com\/website\/images\/logos\/logo-euronews-stacked-outlined-72x72-grey-9.svg\" width=\"72\" height=\"72\" alt=\"\" loading=\"lazy\"\/><br \/>\n          WERBUNG<\/p>\n<p>Der neue Protest folgte nur wenige Stunden auf eine Nacht mit <a href=\"https:\/\/de.euronews.com\/2026\/08\/27\/ceuta-proteste-presseuebergriffe-verletzte-soldaten-migranten\" rel=\"nofollow noopener\" target=\"_blank\"><strong>weiteren Vorf\u00e4llen in der autonomen Stadt<\/strong><\/a>, in der die Polizei zw\u00f6lf Migranten festnahm, nachdem diese ein Milit\u00e4rfahrzeug mit Steinen angegriffen hatten. In dem Wagen sa\u00dfen vier Soldaten, die verletzt wurden. Die Ereignisse reihen sich ein in die Auseinandersetzungen der vergangenen N\u00e4chte zwischen Anwohnern, Migranten und Sicherheitskr\u00e4ften.<\/p>\n<p>Die j\u00fcngste Szene spielte sich auf der Zufahrtsstra\u00dfe zum <a href=\"https:\/\/de.euronews.com\/2026\/08\/20\/grosseinsatz-in-ceuta-behorden-raumen-strand-mit-rund-4000-migranten\" rel=\"nofollow noopener\" target=\"_blank\"><strong>Strand El Trampol\u00edn<\/strong><\/a> ab. Rund hundert Menschen setzten sich auf die Fahrbahn, um einen Konvoi des Roten Kreuzes zu stoppen. Der bestand aus einem Lastwagen und drei Kleintransportern, die Lebensmittel f\u00fcr die Migranten brachten. W\u00e4hrend der Aktion waren Rufe wie &#8222;La Cruz Roja es una mafia!&#8220; zu h\u00f6ren (\u00fcbersetzt: Das Rote Kreuz ist eine Mafia). Ein gro\u00dfes Aufgebot von Nationalpolizei, Stadtpolizei und Milit\u00e4r \u00fcberwachte die Versammlung.<\/p>\n<p>Die Sicherheitskr\u00e4fte versuchten, <strong>die Stra\u00dfe zu r\u00e4umen und die Beamten sprachen mit den Versammelten<\/strong>, damit diese zur\u00fcckwichen und den Konvoi passieren lie\u00dfen. Unter den Teilnehmenden gab es Streit, ob die Blockade bestehen bleiben sollte oder ob man den Anweisungen der Polizei folgt. Am Ende wichen die Demonstranten zur\u00fcck, ohne dass die Polizei Gewalt einsetzte, und die Hilfsfahrzeuge konnten weiterfahren.<\/p>\n<p>Die anhaltende Migrationskrise verst\u00e4rkt die Spannungen in Teilen der Bev\u00f6lkerung von Ceuta. Die Versammlung an diesem Donnerstag entstand \u00fcber soziale Netzwerke, ohne erkennbare F\u00fchrungspers\u00f6nlichkeiten. Einige Anwohner berichten, sie f\u00fchlten sich unsicher, und verlangen Ma\u00dfnahmen, damit die Neuank\u00f6mmlinge die Stadt wieder verlassen. Die Sicherheitskr\u00e4fte haben ihre Pr\u00e4senz an den wichtigsten Konfliktpunkten verst\u00e4rkt, um weitere Zusammenst\u00f6\u00dfe zu verhindern.<\/p>\n<p>Der aktuelle Vorfall ereignet sich fast einen Monat nach der massiven Einreise von Migranten Ende Juli, als mehr als 72.000 Menschen in nur wenigen Stunden die Grenze zwischen Ceuta und Marokko \u00fcberquerten. Seither steht die autonome Stadt unter erheblichem Druck. Ceuta z\u00e4hlt rund 85.000 Einwohner.<\/p>\n","protected":false},"excerpt":{"rendered":"Von&amp;nbspChristina Thykjaer Zuerst ver\u00f6ffentlicht am 27\/08\/2026 &#8211; 20:49 MESZ\u2022Zuletzt aktualisiert 28\/08\/2026 &#8211; 8:47 MESZ In Ceuta w\u00e4chst die&hellip;\n","protected":false},"author":2,"featured_media":1265765,"comment_status":"","ping_status":"","sticky":false,"template":"","format":"standard","meta":{"footnotes":"","_share_on_mastodon":"0"},"categories":[3933],"tags":[5100,331,332,250953,7876,548,663,158,3934,3935,13,1589,30629,14,15,12,4026],"class_list":["post-1265764","post","type-post","status-publish","format-standard","has-post-thumbnail","category-eu","tag-rotes-kreuz","tag-aktuelle-nachrichten","tag-aktuelle-news","tag-ceuta","tag-einwanderung","tag-eu","tag-europa","tag-europaeische-union","tag-europe","tag-european-union","tag-headlines","tag-humanitaere-hilfe","tag-illegale-einwanderung","tag-nachrichten","tag-news","tag-schlagzeilen","tag-spanien"],"share_on_mastodon":{"url":"https:\/\/pubeurope.com\/@de\/117172299308536036","error":""},"_links":{"self":[{"href":"https:\/\/www.europesays.com\/de\/wp-json\/wp\/v2\/posts\/1265764","targetHints":{"allow":["GET"]}}],"collection":[{"href":"https:\/\/www.europesays.com\/de\/wp-json\/wp\/v2\/posts"}],"about":[{"href":"https:\/\/www.europesays.com\/de\/wp-json\/wp\/v2\/types\/post"}],"author":[{"embeddable":true,"href":"https:\/\/www.europesays.com\/de\/wp-json\/wp\/v2\/users\/2"}],"replies":[{"embeddable":true,"href":"https:\/\/www.europesays.com\/de\/wp-json\/wp\/v2\/comments?post=1265764"}],"version-history":[{"count":0,"href":"https:\/\/www.europesays.com\/de\/wp-json\/wp\/v2\/posts\/1265764\/revisions"}],"wp:featuredmedia":[{"embeddable":true,"href":"https:\/\/www.europesays.com\/de\/wp-json\/wp\/v2\/media\/1265765"}],"wp:attachment":[{"href":"https:\/\/www.europesays.com\/de\/wp-json\/wp\/v2\/media?parent=1265764"}],"wp:term":[{"taxonomy":"category","embeddable":true,"href":"https:\/\/www.europesays.com\/de\/wp-json\/wp\/v2\/categories?post=1265764"},{"taxonomy":"post_tag","embeddable":true,"href":"https:\/\/www.europesays.com\/de\/wp-json\/wp\/v2\/tags?post=1265764"}],"curies":[{"name":"wp","href":"https:\/\/api.w.org\/{rel}","templated":true}]}}