{"id":1265766,"date":"2026-08-28T08:55:20","date_gmt":"2026-08-28T08:55:20","guid":{"rendered":"https:\/\/www.europesays.com\/de\/1265766\/"},"modified":"2026-08-28T08:55:20","modified_gmt":"2026-08-28T08:55:20","slug":"europa-league-auslosung-ligaphase-26-27-live-im-tv-und-stream-uebertragung-termin-uhrzeit-teams-lostoepfe","status":"publish","type":"post","link":"https:\/\/www.europesays.com\/de\/1265766\/","title":{"rendered":"Europa League Auslosung Ligaphase 26\/27 live im TV und Stream: \u00dcbertragung, Termin, Uhrzeit, Teams, Lost\u00f6pfe"},"content":{"rendered":"<p class=\"mb-6 text-xs-varying md:text-m lg:text-l font-serif group-[.font-sans]:font-sans \">\n    Die <a href=\"https:\/\/www.augsburger-allgemeine.de\/organisationen\/europa-league\" target=\"_self\" class=\"underline \" rel=\"nofollow noopener\">Europa League<\/a> geht in der Saison 2026\/27 in ihre 56. Spielzeit. Der Wettbewerb startete im Juli mit der Qualifikation, bevor im September die Ligaphase mit insgesamt 36 Mannschaften beginnt. Acht Spieltage entscheiden dar\u00fcber, welche Teams den Sprung in die K.-o.-Phase schaffen. Das Finale wird am 26. Mai 2027 in Frankfurt am Main ausgetragen.\n  <\/p>\n<p class=\"mb-6 text-xs-varying md:text-m lg:text-l font-serif group-[.font-sans]:font-sans \">\n    Zuvor steht jedoch die Auslosung der Ligaphase auf dem Programm. Wann findet die Europa-League-Auslosung 2026\/27 statt? Wo wird sie live im <a href=\"https:\/\/www.augsburger-allgemeine.de\/panorama\/tv\" target=\"_self\" class=\"underline \" rel=\"nofollow noopener\">TV<\/a> und Stream \u00fcbertragen? Und wie funktioniert die Auslosung? Die Antworten auf diese Fragen sowie alle wichtigen Informationen zu Teilnehmern, Lost\u00f6pfen und Terminen finden Sie hier im Artikel.\n  <\/p>\n<p>            Europa-League-Auslosung der Ligaphase 2026\/27: Termin, Uhrzeit und Datum<\/p>\n<p class=\"mb-6 text-xs-varying md:text-m lg:text-l font-serif group-[.font-sans]:font-sans \">\n    Die Auslosung der Ligaphase der Europa League 2026\/27 findet am Freitag, 28. August 2026, statt. Ab 13 Uhr werden die Begegnungen f\u00fcr die neue Ligaphase ausgelost. Die Lost\u00f6pfe und weitere Informationen zum Ablauf der Auslosung werden am selben Tag ver\u00f6ffentlicht. Der vollst\u00e4ndige Spielplan mit den genauen Terminen und Ansto\u00dfzeiten soll sp\u00e4testens am Sonntag, 30. August, feststehen. Die Ligaphase selbst beginnt am Mittwoch, 16. September 2026.\n  <\/p>\n<p class=\"mb-6 text-xs-varying md:text-m lg:text-l font-serif group-[.font-sans]:font-sans \">\n    Hier finden Sie die wichtigsten Eckdaten zur Europa-League-Auslosung 2026\/27 im \u00dcberblick:\n  <\/p>\n<ul rel=\"\" class=\"[&amp;&gt;li]:relative list-none  [&amp;&gt;li]:pl-[1.2em] [&amp;&gt;li]:marker:text-[0] [&amp;&gt;li]:relative [&amp;&gt;li]:before:absolute [&amp;&gt;li]:before:w-3 [&amp;&gt;li]:before:h-3 [&amp;&gt;li]:before:bg-brand [&amp;&gt;li]:before:left-0 [&amp;&gt;li]:before:rounded-full [&amp;&gt;li]:before:top-[8px] md:[&amp;&gt;li]:before:top-[9px] lg:[&amp;&gt;li]:before:top-[11px]  my-5\">\n<li class=\" mb-3 text-xs-varying md:text-m lg:text-l\">Datum: Freitag, 28. August 2026<\/li>\n<li class=\" mb-3 text-xs-varying md:text-m lg:text-l\">Uhrzeit: ab 13 Uhr<\/li>\n<li class=\" mb-3 text-xs-varying md:text-m lg:text-l\">Dauer: ca. eine Stunde<\/li>\n<\/ul>\n<p>            \u00dcbertragung der Europa-League-Auslosung 2026\/27 live im TV und Stream<\/p>\n<p class=\"mb-6 text-xs-varying md:text-m lg:text-l font-serif group-[.font-sans]:font-sans \">\n    Die Auslosung der Europa-League-Ligaphase 2026\/27 kann auch in Deutschland live verfolgt werden. Sky Sport \u00fcbertr\u00e4gt die Ziehung am Freitag, 28. August 2026, ab 13 Uhr auf Sky Sport News. Zus\u00e4tzlich stellt der Sender einen kostenlosen Live-Stream \u00fcber seine Website und die Sky Sport App zur Verf\u00fcgung.<\/p>\n<p>Auch die UEFA zeigt die Auslosung kostenlos im Live-Stream auf <a href=\"https:\/\/de.uefa.com\/uefaeuropaleague\/draws\/\" rel=\"nofollow noopener\" target=\"_blank\" class=\"underline \">UEFA.com<\/a> sowie \u00fcber die UEFA-App. Damit stehen mehrere M\u00f6glichkeiten zur Verf\u00fcgung, die Ziehung der Europa-League-Ligaphase live zu verfolgen.\n  <\/p>\n<p>            Europa-League-Auslosung 2026\/27: Wie funktioniert die Auslosung der Ligaphase?<\/p>\n<p class=\"mb-6 text-xs-varying md:text-m lg:text-l font-serif group-[.font-sans]:font-sans \">\n    Die 36 Mannschaften der Ligaphase werden anhand ihres UEFA-Klubkoeffizienten auf vier Lost\u00f6pfe mit jeweils neun Teams verteilt. Jeder Verein bekommt anschlie\u00dfend zwei Gegner aus jedem Topf zugelost und bestreitet damit insgesamt acht Partien. Gegen einen Gegner aus jedem Topf spielt das Team zu Hause, gegen den jeweils anderen ausw\u00e4rts. Hin- und R\u00fcckspiele gegen denselben Klub gibt es in der Ligaphase nicht.\n  <\/p>\n<p class=\"mb-6 text-xs-varying md:text-m lg:text-l font-serif group-[.font-sans]:font-sans \">\n    Die Gegner werden mithilfe einer Software ermittelt. Nach dem Start der Auslosung werden die Paarungen sowie die Heim- und Ausw\u00e4rtsspiele nach und nach bekannt gegeben. Begonnen wird dabei mit den Mannschaften aus Topf 1.\n  <\/p>\n<p>            Termine der Europa-League-Saison 2026\/27<\/p>\n<p class=\"mb-6 text-xs-varying md:text-m lg:text-l font-serif group-[.font-sans]:font-sans \">\n    Die Europa-League-Saison 2026\/27 beginnt im September 2026 mit der Ligaphase und endet im Mai 2027 mit dem Finale. Dazwischen stehen die Play-offs sowie die verschiedenen Runden der K.-o.-Phase auf dem Programm. Hier finden Sie die wichtigsten Termine der Europa League 2026\/27 im \u00dcberblick:\n  <\/p>\n<ul rel=\"\" class=\"[&amp;&gt;li]:relative list-none  [&amp;&gt;li]:pl-[1.2em] [&amp;&gt;li]:marker:text-[0] [&amp;&gt;li]:relative [&amp;&gt;li]:before:absolute [&amp;&gt;li]:before:w-3 [&amp;&gt;li]:before:h-3 [&amp;&gt;li]:before:bg-brand [&amp;&gt;li]:before:left-0 [&amp;&gt;li]:before:rounded-full [&amp;&gt;li]:before:top-[8px] md:[&amp;&gt;li]:before:top-[9px] lg:[&amp;&gt;li]:before:top-[11px]  my-5\">\n<li class=\" mb-3 text-xs-varying md:text-m lg:text-l\">Ligaphase: 16. September 2026 \u2013 28. Januar 2027<\/li>\n<li class=\" mb-3 text-xs-varying md:text-m lg:text-l\">Play-offs der K.-o.-Phase: 18. und 25. Februar 2027<\/li>\n<li class=\" mb-3 text-xs-varying md:text-m lg:text-l\">Achtelfinale: 11. und 18. M\u00e4rz 2027<\/li>\n<li class=\" mb-3 text-xs-varying md:text-m lg:text-l\">Viertelfinale: 8. und 15. April 2027<\/li>\n<li class=\" mb-3 text-xs-varying md:text-m lg:text-l\">Halbfinale: 29. April und 6. Mai 2027<\/li>\n<li class=\" mb-3 text-xs-varying md:text-m lg:text-l\">Finale: 26. Mai 2027<\/li>\n<\/ul>\n<p class=\"mb-6 text-xs-varying md:text-m lg:text-l font-serif group-[.font-sans]:font-sans \">\n    Das Finale der UEFA Europa League 2026\/27 steigt am 26. Mai 2027 in Frankfurt am Main. Austragungsort ist der Deutsche Bank Park, die Heimspielst\u00e4tte von Eintracht Frankfurt. Damit kehrt das Europa-League-Endspiel nach Deutschland zur\u00fcck.\n  <\/p>\n<p>            Europa-League-Auslosung 2026\/27: Die Lost\u00f6pfe f\u00fcr die Ligaphase<\/p>\n<p class=\"mb-6 text-xs-varying md:text-m lg:text-l font-serif group-[.font-sans]:font-sans \">\n    F\u00fcr die Auslosung der Europa-League-Ligaphase werden die 36 teilnehmenden Mannschaften auf vier Lost\u00f6pfe mit jeweils neun Teams verteilt. Grundlage f\u00fcr die Einteilung ist der UEFA-Klubkoeffizient. Aus jedem der vier T\u00f6pfe bekommt eine Mannschaft zwei Gegner zugelost. Die endg\u00fcltigen T\u00f6pfe f\u00fcr die Europa League 2026\/27 werden am Tag der Auslosung ver\u00f6ffentlicht. Hier die Lost\u00f6pfe im \u00dcberblick:\n  <\/p>\n<p class=\"mb-6 text-xs-varying md:text-m lg:text-l font-serif group-[.font-sans]:font-sans \">\n    Topf 1\n  <\/p>\n<ul rel=\"\" class=\"[&amp;&gt;li]:relative list-none  [&amp;&gt;li]:pl-[1.2em] [&amp;&gt;li]:marker:text-[0] [&amp;&gt;li]:relative [&amp;&gt;li]:before:absolute [&amp;&gt;li]:before:w-3 [&amp;&gt;li]:before:h-3 [&amp;&gt;li]:before:bg-brand [&amp;&gt;li]:before:left-0 [&amp;&gt;li]:before:rounded-full [&amp;&gt;li]:before:top-[8px] md:[&amp;&gt;li]:before:top-[9px] lg:[&amp;&gt;li]:before:top-[11px]  my-5\">\n<li class=\" mb-3 text-xs-varying md:text-m lg:text-l\">Bayer 04 Leverkusen<\/li>\n<li class=\" mb-3 text-xs-varying md:text-m lg:text-l\">Benfica Lissabon<\/li>\n<li class=\" mb-3 text-xs-varying md:text-m lg:text-l\">Juventus Turin<\/li>\n<li class=\" mb-3 text-xs-varying md:text-m lg:text-l\">AC Mailand<\/li>\n<li class=\" mb-3 text-xs-varying md:text-m lg:text-l\">Olympique Lyon<\/li>\n<li class=\" mb-3 text-xs-varying md:text-m lg:text-l\">AZ Alkmaar<\/li>\n<li class=\" mb-3 text-xs-varying md:text-m lg:text-l\">Olympiakos Pir\u00e4us<\/li>\n<li class=\" mb-3 text-xs-varying md:text-m lg:text-l\">Real Sociedad<\/li>\n<li class=\" mb-3 text-xs-varying md:text-m lg:text-l\">Olympique Marseille<\/li>\n<\/ul>\n<p class=\"mb-6 text-xs-varying md:text-m lg:text-l font-serif group-[.font-sans]:font-sans \">\n    Topf 2\n  <\/p>\n<ul rel=\"\" class=\"[&amp;&gt;li]:relative list-none  [&amp;&gt;li]:pl-[1.2em] [&amp;&gt;li]:marker:text-[0] [&amp;&gt;li]:relative [&amp;&gt;li]:before:absolute [&amp;&gt;li]:before:w-3 [&amp;&gt;li]:before:h-3 [&amp;&gt;li]:before:bg-brand [&amp;&gt;li]:before:left-0 [&amp;&gt;li]:before:rounded-full [&amp;&gt;li]:before:top-[8px] md:[&amp;&gt;li]:before:top-[9px] lg:[&amp;&gt;li]:before:top-[11px]  my-5\">\n<li class=\" mb-3 text-xs-varying md:text-m lg:text-l\">Ferencv\u00e1rosi TC<\/li>\n<li class=\" mb-3 text-xs-varying md:text-m lg:text-l\">Viktoria Pilsen<\/li>\n<li class=\" mb-3 text-xs-varying md:text-m lg:text-l\">Union St. Gilloise<\/li>\n<li class=\" mb-3 text-xs-varying md:text-m lg:text-l\">Dinamo Zagreb<\/li>\n<li class=\" mb-3 text-xs-varying md:text-m lg:text-l\">RB Salzburg<\/li>\n<li class=\" mb-3 text-xs-varying md:text-m lg:text-l\">Celtic Glasgow<\/li>\n<li class=\" mb-3 text-xs-varying md:text-m lg:text-l\">Sparta Prag<\/li>\n<li class=\" mb-3 text-xs-varying md:text-m lg:text-l\">Stade Rennes<\/li>\n<li class=\" mb-3 text-xs-varying md:text-m lg:text-l\">RSC Anderlecht<\/li>\n<\/ul>\n<p class=\"mb-6 text-xs-varying md:text-m lg:text-l font-serif group-[.font-sans]:font-sans \">\n    Topf 3\n  <\/p>\n<ul rel=\"\" class=\"[&amp;&gt;li]:relative list-none  [&amp;&gt;li]:pl-[1.2em] [&amp;&gt;li]:marker:text-[0] [&amp;&gt;li]:relative [&amp;&gt;li]:before:absolute [&amp;&gt;li]:before:w-3 [&amp;&gt;li]:before:h-3 [&amp;&gt;li]:before:bg-brand [&amp;&gt;li]:before:left-0 [&amp;&gt;li]:before:rounded-full [&amp;&gt;li]:before:top-[8px] md:[&amp;&gt;li]:before:top-[9px] lg:[&amp;&gt;li]:before:top-[11px]  my-5\">\n<li class=\" mb-3 text-xs-varying md:text-m lg:text-l\">Sturm Graz<\/li>\n<li class=\" mb-3 text-xs-varying md:text-m lg:text-l\">Lech Posen<\/li>\n<li class=\" mb-3 text-xs-varying md:text-m lg:text-l\">Crystal Palace<\/li>\n<li class=\" mb-3 text-xs-varying md:text-m lg:text-l\">Bournemouth<\/li>\n<li class=\" mb-3 text-xs-varying md:text-m lg:text-l\">Sunderland<\/li>\n<li class=\" mb-3 text-xs-varying md:text-m lg:text-l\">NK Celje<\/li>\n<li class=\" mb-3 text-xs-varying md:text-m lg:text-l\">Jagiellonia Bialystok<\/li>\n<li class=\" mb-3 text-xs-varying md:text-m lg:text-l\">Omonia Nikosia<\/li>\n<li class=\" mb-3 text-xs-varying md:text-m lg:text-l\">Celta Vigo<\/li>\n<\/ul>\n<p class=\"mb-6 text-xs-varying md:text-m lg:text-l font-serif group-[.font-sans]:font-sans \">\n    Topf 4\n  <\/p>\n<ul rel=\"\" class=\"[&amp;&gt;li]:relative list-none  [&amp;&gt;li]:pl-[1.2em] [&amp;&gt;li]:marker:text-[0] [&amp;&gt;li]:relative [&amp;&gt;li]:before:absolute [&amp;&gt;li]:before:w-3 [&amp;&gt;li]:before:h-3 [&amp;&gt;li]:before:bg-brand [&amp;&gt;li]:before:left-0 [&amp;&gt;li]:before:rounded-full [&amp;&gt;li]:before:top-[8px] md:[&amp;&gt;li]:before:top-[9px] lg:[&amp;&gt;li]:before:top-[11px]  my-5\">\n<li class=\" mb-3 text-xs-varying md:text-m lg:text-l\">TSG Hoffenheim<\/li>\n<li class=\" mb-3 text-xs-varying md:text-m lg:text-l\">Besiktas Istanbul<\/li>\n<li class=\" mb-3 text-xs-varying md:text-m lg:text-l\">Torreense<\/li>\n<li class=\" mb-3 text-xs-varying md:text-m lg:text-l\">Hapoel Beer-Sheva FC<\/li>\n<li class=\" mb-3 text-xs-varying md:text-m lg:text-l\">NEC Nijmegen<\/li>\n<li class=\" mb-3 text-xs-varying md:text-m lg:text-l\">OFI Kreta<\/li>\n<li class=\" mb-3 text-xs-varying md:text-m lg:text-l\">Lillestr\u00f6m SK<\/li>\n<li class=\" mb-3 text-xs-varying md:text-m lg:text-l\">Lewski Sofia<\/li>\n<li class=\" mb-3 text-xs-varying md:text-m lg:text-l\">FC Ararat-Armenia<\/li>\n<\/ul>\n<p>            Europa-League-Auslosung: Diese Teams sind 2026\/27 dabei<\/p>\n<p class=\"mb-6 text-xs-varying md:text-m lg:text-l font-serif group-[.font-sans]:font-sans \">\n    Die ersten Teilnehmer der Europa League 2026\/27 stehen bereits fest. Sobald weitere Mannschaften hinzukommen, wird die \u00dcbersicht entsprechend aktualisiert.\n  <\/p>\n<p class=\"mb-6 text-xs-varying md:text-m lg:text-l font-serif group-[.font-sans]:font-sans \">\n    <strong class=\"font-bold\">England (ENG)<\/strong>\n  <\/p>\n<ul rel=\"\" class=\"[&amp;&gt;li]:relative list-none  [&amp;&gt;li]:pl-[1.2em] [&amp;&gt;li]:marker:text-[0] [&amp;&gt;li]:relative [&amp;&gt;li]:before:absolute [&amp;&gt;li]:before:w-3 [&amp;&gt;li]:before:h-3 [&amp;&gt;li]:before:bg-brand [&amp;&gt;li]:before:left-0 [&amp;&gt;li]:before:rounded-full [&amp;&gt;li]:before:top-[8px] md:[&amp;&gt;li]:before:top-[9px] lg:[&amp;&gt;li]:before:top-[11px]  my-5\">\n<li class=\" mb-3 text-xs-varying md:text-m lg:text-l\">Crystal Palace<\/li>\n<li class=\" mb-3 text-xs-varying md:text-m lg:text-l\">Bournemouth<\/li>\n<li class=\" mb-3 text-xs-varying md:text-m lg:text-l\">Sunderland<\/li>\n<\/ul>\n<p class=\"mb-6 text-xs-varying md:text-m lg:text-l font-serif group-[.font-sans]:font-sans \">\n    <strong class=\"font-bold\">Italien (ITA)<\/strong>\n  <\/p>\n<p class=\"mb-6 text-xs-varying md:text-m lg:text-l font-serif group-[.font-sans]:font-sans \">\n    <strong class=\"font-bold\">Spanien (ESP)<\/strong>\n  <\/p>\n<p class=\"mb-6 text-xs-varying md:text-m lg:text-l font-serif group-[.font-sans]:font-sans \">\n    <strong class=\"font-bold\">Deutschland (GER)<\/strong>\n  <\/p>\n<ul rel=\"\" class=\"[&amp;&gt;li]:relative list-none  [&amp;&gt;li]:pl-[1.2em] [&amp;&gt;li]:marker:text-[0] [&amp;&gt;li]:relative [&amp;&gt;li]:before:absolute [&amp;&gt;li]:before:w-3 [&amp;&gt;li]:before:h-3 [&amp;&gt;li]:before:bg-brand [&amp;&gt;li]:before:left-0 [&amp;&gt;li]:before:rounded-full [&amp;&gt;li]:before:top-[8px] md:[&amp;&gt;li]:before:top-[9px] lg:[&amp;&gt;li]:before:top-[11px]  my-5\">\n<li class=\" mb-3 text-xs-varying md:text-m lg:text-l\">TSG Hoffenheim<\/li>\n<li class=\" mb-3 text-xs-varying md:text-m lg:text-l\">Bayer Leverkusen<\/li>\n<\/ul>\n<p class=\"mb-6 text-xs-varying md:text-m lg:text-l font-serif group-[.font-sans]:font-sans \">\n    <strong class=\"font-bold\">Frankreich (FRA)<\/strong>\n  <\/p>\n<ul rel=\"\" class=\"[&amp;&gt;li]:relative list-none  [&amp;&gt;li]:pl-[1.2em] [&amp;&gt;li]:marker:text-[0] [&amp;&gt;li]:relative [&amp;&gt;li]:before:absolute [&amp;&gt;li]:before:w-3 [&amp;&gt;li]:before:h-3 [&amp;&gt;li]:before:bg-brand [&amp;&gt;li]:before:left-0 [&amp;&gt;li]:before:rounded-full [&amp;&gt;li]:before:top-[8px] md:[&amp;&gt;li]:before:top-[9px] lg:[&amp;&gt;li]:before:top-[11px]  my-5\">\n<li class=\" mb-3 text-xs-varying md:text-m lg:text-l\">Olympique Marseille<\/li>\n<li class=\" mb-3 text-xs-varying md:text-m lg:text-l\">Stade Rennes<\/li>\n<li class=\" mb-3 text-xs-varying md:text-m lg:text-l\">Olympique Lyon<\/li>\n<\/ul>\n<p class=\"mb-6 text-xs-varying md:text-m lg:text-l font-serif group-[.font-sans]:font-sans \">\n    <strong class=\"font-bold\">Niederlande (NED)<\/strong>\n  <\/p>\n<p class=\"mb-6 text-xs-varying md:text-m lg:text-l font-serif group-[.font-sans]:font-sans \">\n    <strong class=\"font-bold\">Portugal (POR)<\/strong>\n  <\/p>\n<ul rel=\"\" class=\"[&amp;&gt;li]:relative list-none  [&amp;&gt;li]:pl-[1.2em] [&amp;&gt;li]:marker:text-[0] [&amp;&gt;li]:relative [&amp;&gt;li]:before:absolute [&amp;&gt;li]:before:w-3 [&amp;&gt;li]:before:h-3 [&amp;&gt;li]:before:bg-brand [&amp;&gt;li]:before:left-0 [&amp;&gt;li]:before:rounded-full [&amp;&gt;li]:before:top-[8px] md:[&amp;&gt;li]:before:top-[9px] lg:[&amp;&gt;li]:before:top-[11px]  my-5\">\n<li class=\" mb-3 text-xs-varying md:text-m lg:text-l\">Torreense<\/li>\n<li class=\" mb-3 text-xs-varying md:text-m lg:text-l\">Benfica Lissabon<\/li>\n<\/ul>\n<p class=\"mb-6 text-xs-varying md:text-m lg:text-l font-serif group-[.font-sans]:font-sans \">\n    <strong class=\"font-bold\">Griechenland (GRE)<\/strong>\n  <\/p>\n<ul rel=\"\" class=\"[&amp;&gt;li]:relative list-none  [&amp;&gt;li]:pl-[1.2em] [&amp;&gt;li]:marker:text-[0] [&amp;&gt;li]:relative [&amp;&gt;li]:before:absolute [&amp;&gt;li]:before:w-3 [&amp;&gt;li]:before:h-3 [&amp;&gt;li]:before:bg-brand [&amp;&gt;li]:before:left-0 [&amp;&gt;li]:before:rounded-full [&amp;&gt;li]:before:top-[8px] md:[&amp;&gt;li]:before:top-[9px] lg:[&amp;&gt;li]:before:top-[11px]  my-5\">\n<li class=\" mb-3 text-xs-varying md:text-m lg:text-l\">Olympiakos Pir\u00e4us<\/li>\n<li class=\" mb-3 text-xs-varying md:text-m lg:text-l\">OFI Kreta<\/li>\n<\/ul>\n<p class=\"mb-6 text-xs-varying md:text-m lg:text-l font-serif group-[.font-sans]:font-sans \">\n    <strong class=\"font-bold\">Ungarn (HUN)<\/strong>\n  <\/p>\n<p class=\"mb-6 text-xs-varying md:text-m lg:text-l font-serif group-[.font-sans]:font-sans \">\n    <strong class=\"font-bold\">Tschechien (CZE)<\/strong>\n  <\/p>\n<ul rel=\"\" class=\"[&amp;&gt;li]:relative list-none  [&amp;&gt;li]:pl-[1.2em] [&amp;&gt;li]:marker:text-[0] [&amp;&gt;li]:relative [&amp;&gt;li]:before:absolute [&amp;&gt;li]:before:w-3 [&amp;&gt;li]:before:h-3 [&amp;&gt;li]:before:bg-brand [&amp;&gt;li]:before:left-0 [&amp;&gt;li]:before:rounded-full [&amp;&gt;li]:before:top-[8px] md:[&amp;&gt;li]:before:top-[9px] lg:[&amp;&gt;li]:before:top-[11px]  my-5\">\n<li class=\" mb-3 text-xs-varying md:text-m lg:text-l\">Viktoria Pilsen<\/li>\n<li class=\" mb-3 text-xs-varying md:text-m lg:text-l\">Sparta Prag<\/li>\n<\/ul>\n<p class=\"mb-6 text-xs-varying md:text-m lg:text-l font-serif group-[.font-sans]:font-sans \">\n    <strong class=\"font-bold\">Belgien (BEL)<\/strong>\n  <\/p>\n<ul rel=\"\" class=\"[&amp;&gt;li]:relative list-none  [&amp;&gt;li]:pl-[1.2em] [&amp;&gt;li]:marker:text-[0] [&amp;&gt;li]:relative [&amp;&gt;li]:before:absolute [&amp;&gt;li]:before:w-3 [&amp;&gt;li]:before:h-3 [&amp;&gt;li]:before:bg-brand [&amp;&gt;li]:before:left-0 [&amp;&gt;li]:before:rounded-full [&amp;&gt;li]:before:top-[8px] md:[&amp;&gt;li]:before:top-[9px] lg:[&amp;&gt;li]:before:top-[11px]  my-5\">\n<li class=\" mb-3 text-xs-varying md:text-m lg:text-l\">Union St. Gilloise<\/li>\n<li class=\" mb-3 text-xs-varying md:text-m lg:text-l\">RSC Anderlecht<\/li>\n<\/ul>\n<p class=\"mb-6 text-xs-varying md:text-m lg:text-l font-serif group-[.font-sans]:font-sans \">\n    <strong class=\"font-bold\">Kroatien (CRO)<\/strong>\n  <\/p>\n<p class=\"mb-6 text-xs-varying md:text-m lg:text-l font-serif group-[.font-sans]:font-sans \">\n    <strong class=\"font-bold\">\u00d6sterreich (AUT)<\/strong>\n  <\/p>\n<p class=\"mb-6 text-xs-varying md:text-m lg:text-l font-serif group-[.font-sans]:font-sans \">\n    <strong class=\"font-bold\">Schottland (SCO)<\/strong>\n  <\/p>\n<p class=\"mb-6 text-xs-varying md:text-m lg:text-l font-serif group-[.font-sans]:font-sans \">\n    <strong class=\"font-bold\">Polen (POL)<\/strong>\n  <\/p>\n<ul rel=\"\" class=\"[&amp;&gt;li]:relative list-none  [&amp;&gt;li]:pl-[1.2em] [&amp;&gt;li]:marker:text-[0] [&amp;&gt;li]:relative [&amp;&gt;li]:before:absolute [&amp;&gt;li]:before:w-3 [&amp;&gt;li]:before:h-3 [&amp;&gt;li]:before:bg-brand [&amp;&gt;li]:before:left-0 [&amp;&gt;li]:before:rounded-full [&amp;&gt;li]:before:top-[8px] md:[&amp;&gt;li]:before:top-[9px] lg:[&amp;&gt;li]:before:top-[11px]  my-5\">\n<li class=\" mb-3 text-xs-varying md:text-m lg:text-l\">Lech Posen<\/li>\n<li class=\" mb-3 text-xs-varying md:text-m lg:text-l\">Jagiellonia Bialystok<\/li>\n<\/ul>\n<p class=\"mb-6 text-xs-varying md:text-m lg:text-l font-serif group-[.font-sans]:font-sans \">\n    <strong class=\"font-bold\">Slowenien (SVN)<\/strong>\n  <\/p>\n<p class=\"mb-6 text-xs-varying md:text-m lg:text-l font-serif group-[.font-sans]:font-sans \">\n    <strong class=\"font-bold\">Zypern (CYP)<\/strong>\n  <\/p>\n<p class=\"mb-6 text-xs-varying md:text-m lg:text-l font-serif group-[.font-sans]:font-sans \">\n    <strong class=\"font-bold\">T\u00fcrkei (TUR)<\/strong>\n  <\/p>\n<p class=\"mb-6 text-xs-varying md:text-m lg:text-l font-serif group-[.font-sans]:font-sans \">\n    <strong class=\"font-bold\">Israel (ISR)<\/strong>\n  <\/p>\n<p class=\"mb-6 text-xs-varying md:text-m lg:text-l font-serif group-[.font-sans]:font-sans \">\n    <strong class=\"font-bold\">Norwegen (NOR)<\/strong>\n  <\/p>\n<p class=\"mb-6 text-xs-varying md:text-m lg:text-l font-serif group-[.font-sans]:font-sans \">\n    <strong class=\"font-bold\">Bulgarien (BUL)<\/strong>\n  <\/p>\n<p class=\"mb-6 text-xs-varying md:text-m lg:text-l font-serif group-[.font-sans]:font-sans \">\n    <strong class=\"font-bold\">Armenien (ARM)<\/strong>\n  <\/p>\n","protected":false},"excerpt":{"rendered":"Die Europa League geht in der Saison 2026\/27 in ihre 56. Spielzeit. Der Wettbewerb startete im Juli mit&hellip;\n","protected":false},"author":2,"featured_media":1265767,"comment_status":"","ping_status":"","sticky":false,"template":"","format":"standard","meta":{"footnotes":"","_share_on_mastodon":"0"},"categories":[3933],"tags":[331,332,13766,29,548,663,5855,158,3934,3935,2051,13,103055,64131,14657,14,15,12,265,684,1681],"class_list":["post-1265766","post","type-post","status-publish","format-standard","has-post-thumbnail","category-eu","tag-aktuelle-nachrichten","tag-aktuelle-news","tag-auslosung","tag-deutschland","tag-eu","tag-europa","tag-europa-league","tag-europaeische-union","tag-europe","tag-european-union","tag-frankfurt-am-main","tag-headlines","tag-ligaphase","tag-lostopf","tag-main","tag-nachrichten","tag-news","tag-schlagzeilen","tag-sport","tag-tv","tag-uefa"],"share_on_mastodon":{"url":"https:\/\/pubeurope.com\/@de\/117172301132345904","error":""},"_links":{"self":[{"href":"https:\/\/www.europesays.com\/de\/wp-json\/wp\/v2\/posts\/1265766","targetHints":{"allow":["GET"]}}],"collection":[{"href":"https:\/\/www.europesays.com\/de\/wp-json\/wp\/v2\/posts"}],"about":[{"href":"https:\/\/www.europesays.com\/de\/wp-json\/wp\/v2\/types\/post"}],"author":[{"embeddable":true,"href":"https:\/\/www.europesays.com\/de\/wp-json\/wp\/v2\/users\/2"}],"replies":[{"embeddable":true,"href":"https:\/\/www.europesays.com\/de\/wp-json\/wp\/v2\/comments?post=1265766"}],"version-history":[{"count":0,"href":"https:\/\/www.europesays.com\/de\/wp-json\/wp\/v2\/posts\/1265766\/revisions"}],"wp:featuredmedia":[{"embeddable":true,"href":"https:\/\/www.europesays.com\/de\/wp-json\/wp\/v2\/media\/1265767"}],"wp:attachment":[{"href":"https:\/\/www.europesays.com\/de\/wp-json\/wp\/v2\/media?parent=1265766"}],"wp:term":[{"taxonomy":"category","embeddable":true,"href":"https:\/\/www.europesays.com\/de\/wp-json\/wp\/v2\/categories?post=1265766"},{"taxonomy":"post_tag","embeddable":true,"href":"https:\/\/www.europesays.com\/de\/wp-json\/wp\/v2\/tags?post=1265766"}],"curies":[{"name":"wp","href":"https:\/\/api.w.org\/{rel}","templated":true}]}}