{"id":1265770,"date":"2026-08-28T08:58:28","date_gmt":"2026-08-28T08:58:28","guid":{"rendered":"https:\/\/www.europesays.com\/de\/1265770\/"},"modified":"2026-08-28T08:58:28","modified_gmt":"2026-08-28T08:58:28","slug":"fc-bayern-reine-schikane-uli-hoeness-von-nachbarn-wegen-zwei-lindenbaeumen-verklagt","status":"publish","type":"post","link":"https:\/\/www.europesays.com\/de\/1265770\/","title":{"rendered":"FC Bayern: \u201eReine Schikane\u201c \u2013 Uli Hoene\u00df von Nachbarn wegen zwei Lindenb\u00e4umen verklagt"},"content":{"rendered":"<p>In einem skurrilen Prozess muss sich Uli Hoene\u00df vor Gericht verantworten. Es geht um zwei B\u00e4ume in seinem Garten in Bad Wiessee am Tegernsee. Der Patron des FC Bayern M\u00fcnchen vermutet \u201ereine Schikane\u201c.<\/p>\n<p class=\"c-inline-alert__description\">Klicken Sie hier, um sich Artikel von WELT in der Google-Suche bevorzugt anzeigen zu lassen.<\/p>\n<p class=\"is-first-paragraph\" data-external=\"Article.FirstParagraph\">Es ist ein Prozess, wie es ihn wahrscheinlich nur in Deutschland geben kann. Uli Hoene\u00df (74), Ehrenpr\u00e4sident des FC Bayern M\u00fcnchen, und seine Ehefrau Susi werden von ihren Nachbarn vor Gericht gezerrt. Der skurrile Grund: zwei junge Lindenb\u00e4ume, die im Mai 2026 vor dem Hoene\u00df-Anwesen in Bad Wiessee am Tegernsee gepflanzt worden sind.<\/p>\n<p>Die Nachbarn st\u00f6ren sich an den zwei Linden, die neben drei \u00e4lteren Spitzahornb\u00e4umen stehen. Sie behaupten: Die beiden Linden h\u00e4tten gar nicht gepflanzt werden d\u00fcrfen. Das soll aus einer Grunddienstbarkeit im Grundbuch aus dem Jahre 1975 hervorgehen. Hoene\u00df-Anwalt Peter Gauweiler (77) bestreitet das.<\/p>\n<p>Die Nachbarn fordern, dass die beiden B\u00e4ume versetzt werden. Der Anwalt der Nachbarn kritisiert, dass man Gut Kaltenbrunn im Norden des Tegernsees nicht mehr sehen k\u00f6nne.<\/p>\n<p>\u201eVon A bis Z falsch\u201c<\/p>\n<p>Hoene\u00df h\u00e4lt dagegen: \u201eIhre Ausf\u00fchrungen sind von A bis Z falsch. Die Familie kann Kaltenbrunn seit 50 Jahren nicht mehr sehen. Da stehen 5000 B\u00e4ume. Die Wahrheit ist: Wir haben dieses Grundst\u00fcck vor 20 Jahren gekauft und Ihre Schwiegereltern sogar gefragt, ob sie ein Problem damit h\u00e4tten, wenn dort B\u00e4ume gepflanzt werden.\u201c<\/p>\n<p>F\u00fcr den Bayern-Patron waren die Schwiegereltern der Kl\u00e4gerin \u201etolle Leute\u201c. Vor gut drei Jahren sind sie gestorben. Das Grundst\u00fcck ging auf die Kl\u00e4gerin und ihren Mann \u00fcber. Hoene\u00df wirft der Nachbarin vor: \u201eSie haben 20 Jahre gebraucht, das jetzt mit den B\u00e4umen festzustellen. Wir werden keinen einzigen Baum verpflanzen.\u201c<\/p>\n<p>Nachbarn lehnen Vergleich ab<\/p>\n<p>Die Richterin schlug schlie\u00dflich einen Vergleich vor: Eine junge Linde soll weg und zwei alte Ahornb\u00e4ume d\u00fcrfen bleiben. Der dritte Ahornbaum soll bald gef\u00e4llt werden, weil er durch eine Schneelast zerst\u00f6rt wurde. Die Nachbarn lehnten das ab. In einem anderen Verfahren fordern sie sogar, dass alle f\u00fcnf B\u00e4ume entfernt werden.<\/p>\n<p>Hoene\u00df vermutet \u201ereine Schikane\u201c hinter der Klage. Der Ehrenpr\u00e4sident der <a class=\"is-link c-block-items__link is-external c-link--rich-text-renderer\" href=\"https:\/\/www.bild.de\/themen\/orte\/bayern\/nachrichten-news-fotos-videos-16977732.bild.html\" rel=\"nofollow noopener\" data-internal-tracking-enabled=\"true\" data-internal-tracking=\"{&quot;action&quot;:&quot;click&quot;,&quot;label&quot;:&quot;link&quot;,&quot;name&quot;:&quot;Inline Element&quot;,&quot;data&quot;:{&quot;source&quot;:&quot;&quot;,&quot;target&quot;:&quot;https:\/\/www.bild.de\/themen\/orte\/bayern\/nachrichten-news-fotos-videos-16977732.bild.html&quot;,&quot;trackingName&quot;:&quot;&quot;,&quot;trackingLabel&quot;:&quot;&quot;}}\" target=\"_blank\">Bayern<\/a> zu \u201eBild\u201c: \u201eSie wollten vor rund drei Jahren ein St\u00fcck Land von uns f\u00fcr eine Rinderzucht kaufen. Das haben wir aber nach R\u00fccksprache mit unseren Kindern abgelehnt.\u201c <a class=\"is-link c-block-items__link is-external c-link--rich-text-renderer\" href=\"https:\/\/www.bild.de\/themen\/personen\/uli-hoeness\/fussball-nachrichten-news-fotos-videos-15796152.bild.html\" rel=\"nofollow noopener\" data-internal-tracking-enabled=\"true\" data-internal-tracking=\"{&quot;action&quot;:&quot;click&quot;,&quot;label&quot;:&quot;link&quot;,&quot;name&quot;:&quot;Inline Element&quot;,&quot;data&quot;:{&quot;source&quot;:&quot;&quot;,&quot;target&quot;:&quot;https:\/\/www.bild.de\/themen\/personen\/uli-hoeness\/fussball-nachrichten-news-fotos-videos-15796152.bild.html&quot;,&quot;trackingName&quot;:&quot;&quot;,&quot;trackingLabel&quot;:&quot;&quot;}}\" target=\"_blank\">Hoene\u00df<\/a> wolle lieber zehn Spieler kaufen, als mit seinen Nachbarn zu reden. Der Nachbar wies den Schikane-Vorwurf zur\u00fcck.<\/p>\n<p>Auf das zuk\u00fcnftige Nachbarschaftsverh\u00e4ltnis angesprochen, sagte er: \u201eSchlechter kann es nicht mehr werden. Aber das liegt an denen.\u201c Am 24. September will die Richterin ein Urteil in <a class=\"is-link c-block-items__link is-external c-link--rich-text-renderer\" href=\"https:\/\/www.bild.de\/regional\/muenchen\/muenchen-regional\/home-16344438.bild.html\" rel=\"nofollow noopener\" data-internal-tracking-enabled=\"true\" data-internal-tracking=\"{&quot;action&quot;:&quot;click&quot;,&quot;label&quot;:&quot;link&quot;,&quot;name&quot;:&quot;Inline Element&quot;,&quot;data&quot;:{&quot;source&quot;:&quot;&quot;,&quot;target&quot;:&quot;https:\/\/www.bild.de\/regional\/muenchen\/muenchen-regional\/home-16344438.bild.html&quot;,&quot;trackingName&quot;:&quot;&quot;,&quot;trackingLabel&quot;:&quot;&quot;}}\" target=\"_blank\">M\u00fcnchen<\/a> verk\u00fcnden.<\/p>\n","protected":false},"excerpt":{"rendered":"In einem skurrilen Prozess muss sich Uli Hoene\u00df vor Gericht verantworten. Es geht um zwei B\u00e4ume in seinem&hellip;\n","protected":false},"author":2,"featured_media":1265771,"comment_status":"","ping_status":"","sticky":false,"template":"","format":"standard","meta":{"footnotes":"","_share_on_mastodon":"0"},"categories":[5],"tags":[331,332,3364,29,458,1993,30,13,24908,14,15,12,45,24909],"class_list":["post-1265770","post","type-post","status-publish","format-standard","has-post-thumbnail","category-nachrichten","tag-aktuelle-nachrichten","tag-aktuelle-news","tag-de","tag-deutschland","tag-fc-bayern-muenchen","tag-gerichte","tag-germany","tag-headlines","tag-hoeness","tag-nachrichten","tag-news","tag-schlagzeilen","tag-texttospeech","tag-uli"],"share_on_mastodon":{"url":"https:\/\/pubeurope.com\/@de\/117172312810402522","error":""},"_links":{"self":[{"href":"https:\/\/www.europesays.com\/de\/wp-json\/wp\/v2\/posts\/1265770","targetHints":{"allow":["GET"]}}],"collection":[{"href":"https:\/\/www.europesays.com\/de\/wp-json\/wp\/v2\/posts"}],"about":[{"href":"https:\/\/www.europesays.com\/de\/wp-json\/wp\/v2\/types\/post"}],"author":[{"embeddable":true,"href":"https:\/\/www.europesays.com\/de\/wp-json\/wp\/v2\/users\/2"}],"replies":[{"embeddable":true,"href":"https:\/\/www.europesays.com\/de\/wp-json\/wp\/v2\/comments?post=1265770"}],"version-history":[{"count":0,"href":"https:\/\/www.europesays.com\/de\/wp-json\/wp\/v2\/posts\/1265770\/revisions"}],"wp:featuredmedia":[{"embeddable":true,"href":"https:\/\/www.europesays.com\/de\/wp-json\/wp\/v2\/media\/1265771"}],"wp:attachment":[{"href":"https:\/\/www.europesays.com\/de\/wp-json\/wp\/v2\/media?parent=1265770"}],"wp:term":[{"taxonomy":"category","embeddable":true,"href":"https:\/\/www.europesays.com\/de\/wp-json\/wp\/v2\/categories?post=1265770"},{"taxonomy":"post_tag","embeddable":true,"href":"https:\/\/www.europesays.com\/de\/wp-json\/wp\/v2\/tags?post=1265770"}],"curies":[{"name":"wp","href":"https:\/\/api.w.org\/{rel}","templated":true}]}}