{"id":1265786,"date":"2026-08-28T09:09:16","date_gmt":"2026-08-28T09:09:16","guid":{"rendered":"https:\/\/www.europesays.com\/de\/1265786\/"},"modified":"2026-08-28T09:09:16","modified_gmt":"2026-08-28T09:09:16","slug":"ausbildung-staerken-fachkraefte-sichern-aga-politikzeit-erstmals-in-hannover","status":"publish","type":"post","link":"https:\/\/www.europesays.com\/de\/1265786\/","title":{"rendered":"Ausbildung st\u00e4rken, Fachkr\u00e4fte sichern: AGA-PolitikZeit erstmals in Hannover"},"content":{"rendered":"<p class=\"date\">28.08.2026 \u2013 09:37<\/p>\n<p class=\"customer\">\n                        <a class=\"story-customer\" title=\"weiter zum newsroom von AGA Unternehmensverband\" href=\"https:\/\/www.presseportal.de\/nr\/43060\" rel=\"nofollow noopener\" target=\"_blank\">AGA Unternehmensverband<\/a>\n                    <\/p>\n<p><a class=\"glightbox-pseudo event-trigger\" href=\"https:\/\/cache.pressmailing.net\/thumbnail\/story_hires\/27369efa-2a18-4f47-af36-a6a85c5363d9\/PZ26_Gruppe.jpg.jpg\" data-description=\"AGA-Gesch\u00e4ftsf\u00fchrer Niedersachsen Philipp Neddermeyer, Mareike Lotte Wulf MdB, AGA-Rechtsanw\u00e4ltin Nadine Hotze und AGA-Hauptgesch\u00e4ftsf\u00fchrer Volker Tschirch (v.l.) \/\/ Foto: Christian Str\u00f6der\" data-category=\"medialightbox\" data-action=\"click\" data-label=\"single\" data-value=\"6a913aac270000fd2cb95581\" rel=\"nofollow noopener\" target=\"_blank\"><img decoding=\"async\" height=\"540\" with=\"720\" src=\"https:\/\/www.europesays.com\/de\/wp-content\/uploads\/2026\/08\/ausbildung-st-rken-fachkr-fte-sichern-aga-politikzeit-erstmals-in-hannover.jpeg\"   alt=\"Ausbildung st\u00e4rken, Fachkr\u00e4fte sichern: AGA-PolitikZeit erstmals in Hannover\" class=\"single\"\/><\/a><\/p>\n<p><b>Hannover, 28. August 2026. Erstmals fand die beliebte &#8222;PolitikZeit&#8220; des AGA Unternehmensverbandes in Hannover statt. Zur Premiere am 27. August begr\u00fc\u00dfte der Verband Mareike Lotte Wulf MdB, Parlamentarische Staatssekret\u00e4rin im Bundesministerium f\u00fcr Bildung, Familie, Senioren, Frauen und Jugend. Gemeinsam mit Vertreterinnen und Vertretern aus Wirtschaft und Politik diskutierte sie dar\u00fcber, wie mehr junge Menschen f\u00fcr Ausbildung und Beruf gewonnen werden k\u00f6nnen, welche Bedeutung die duale Ausbildung f\u00fcr die Zukunftsf\u00e4higkeit der Wirtschaft hat und wie sich der steigende Fachkr\u00e4ftebedarf nachhaltig sichern l\u00e4sst.<\/b><\/p>\n<p><b>Mareike Lotte Wulf MdB<\/b>: &#8222;Die berufliche Bildung ist der Motor der Fachkr\u00e4ftesicherung. Wir brauchen gut ausgebildete Fachkr\u00e4fte, um den Bedarf in Zukunft zu decken.<\/p>\n<p>Die Unternehmen und Betriebe sind die S\u00e4ulen der beruflichen Bildung in diesem Land. Sie sind es, die den Menschen Perspektiven er\u00f6ffnen. Sie sorgen daf\u00fcr, dass die berufliche Bildung in Deutschland gelingt.&#8220;<\/p>\n<p><b>Helmut M\u00fcnnich<\/b>, Vorsitzender der AGA-Landesgruppen Niedersachsen und Bremen: &#8222;Die Fachkr\u00e4fte von morgen fallen nicht vom Himmel. Sie entstehen durch gute Bildung, eine starke Berufsorientierung und engagierte Ausbildungsbetriebe. Damit mehr junge Menschen erfolgreich den Weg von der Schule in Ausbildung und Beruf finden, m\u00fcssen wir vorhandene Talente fr\u00fchzeitig f\u00f6rdern und die duale Ausbildung weiter st\u00e4rken. Gleichzeitig braucht es verl\u00e4ssliche Rahmenbedingungen f\u00fcr Unternehmen: Wer ausbildet und Verantwortung \u00fcbernimmt, sollte nicht durch immer neue b\u00fcrokratische H\u00fcrden ausgebremst werden.&#8220;<\/p>\n<p>Die PolitikZeit 2026 in Hannover fand mit freundlicher Unterst\u00fctzung von KPMG und der Deutschen Gesellschaft f\u00fcr Verbandsmanagement e.V. (DGVM) statt.<\/p>\n<p><b>\u00dcber die AGA-PolitikZeit<\/b><\/p>\n<p>Die PolitikZeit ist ein etabliertes Dialogformat des AGA Unternehmensverbandes. Sie bringt Vertreterinnen und Vertreter aus Politik, Wirtschaft und Gesellschaft zusammen, um \u00fcber zentrale Zukunftsfragen f\u00fcr Norddeutschland zu diskutieren. In Impulsvortr\u00e4gen und moderierten Gespr\u00e4chsrunden stehen aktuelle politische, wirtschaftliche und gesellschaftliche Themen im Mittelpunkt. Ziel des Formats ist es, den Austausch zwischen politischen Entscheidern und Unternehmen zu f\u00f6rdern und Impulse f\u00fcr die wirtschaftliche Entwicklung im Norden zu setzen.<\/p>\n<p>Kontakt:<br \/>\nChristian Str\u00f6der<br \/>\nLeiter Kommunikation &amp; PR<br \/>\nAGA Unternehmensverband<br \/>\nTelefon: (040) 30801-162<br \/>\nE-Mail:  <a target=\"_blank\" class=\"uri-ext outbound\" rel=\"noopener nofollow\" href=\"https:\/\/www.presseportal.de\/pm\/43060\/mailto:christian.stroeder@aga.de\">christian.stroeder@aga.de<\/a><br \/>\nInternet:  <a target=\"_blank\" class=\"uri-ext outbound\" rel=\"noopener nofollow\" href=\"http:\/\/www.aga.de\">www.aga.de<\/a>  <\/p>\n","protected":false},"excerpt":{"rendered":"28.08.2026 \u2013 09:37 AGA Unternehmensverband Hannover, 28. August 2026. Erstmals fand die beliebte &#8222;PolitikZeit&#8220; des AGA Unternehmensverbandes in&hellip;\n","protected":false},"author":2,"featured_media":1265787,"comment_status":"","ping_status":"","sticky":false,"template":"","format":"standard","meta":{"footnotes":"","_share_on_mastodon":"0"},"categories":[1836],"tags":[3477,3364,29,30,46,1411,178,180,179,181],"class_list":["post-1265786","post","type-post","status-publish","format-standard","has-post-thumbnail","category-hannover","tag-bild","tag-de","tag-deutschland","tag-germany","tag-hannover","tag-niedersachsen","tag-presse","tag-pressemeldung","tag-pressemitteilung","tag-pressemitteilungen"],"share_on_mastodon":{"url":"","error":""},"_links":{"self":[{"href":"https:\/\/www.europesays.com\/de\/wp-json\/wp\/v2\/posts\/1265786","targetHints":{"allow":["GET"]}}],"collection":[{"href":"https:\/\/www.europesays.com\/de\/wp-json\/wp\/v2\/posts"}],"about":[{"href":"https:\/\/www.europesays.com\/de\/wp-json\/wp\/v2\/types\/post"}],"author":[{"embeddable":true,"href":"https:\/\/www.europesays.com\/de\/wp-json\/wp\/v2\/users\/2"}],"replies":[{"embeddable":true,"href":"https:\/\/www.europesays.com\/de\/wp-json\/wp\/v2\/comments?post=1265786"}],"version-history":[{"count":0,"href":"https:\/\/www.europesays.com\/de\/wp-json\/wp\/v2\/posts\/1265786\/revisions"}],"wp:featuredmedia":[{"embeddable":true,"href":"https:\/\/www.europesays.com\/de\/wp-json\/wp\/v2\/media\/1265787"}],"wp:attachment":[{"href":"https:\/\/www.europesays.com\/de\/wp-json\/wp\/v2\/media?parent=1265786"}],"wp:term":[{"taxonomy":"category","embeddable":true,"href":"https:\/\/www.europesays.com\/de\/wp-json\/wp\/v2\/categories?post=1265786"},{"taxonomy":"post_tag","embeddable":true,"href":"https:\/\/www.europesays.com\/de\/wp-json\/wp\/v2\/tags?post=1265786"}],"curies":[{"name":"wp","href":"https:\/\/api.w.org\/{rel}","templated":true}]}}