{"id":1265799,"date":"2026-08-28T09:18:29","date_gmt":"2026-08-28T09:18:29","guid":{"rendered":"https:\/\/www.europesays.com\/de\/1265799\/"},"modified":"2026-08-28T09:18:29","modified_gmt":"2026-08-28T09:18:29","slug":"kino-in-meerbusch-ein-essen-mit-nachbarn-mischt-die-ehe-auf","status":"publish","type":"post","link":"https:\/\/www.europesays.com\/de\/1265799\/","title":{"rendered":"Kino in Meerbusch: Ein Essen mit Nachbarn mischt die Ehe auf"},"content":{"rendered":"<p class=\"text_ohne_einzug richtext text-em-55 !leading-serif mx-6 desktop:mx-0\">Auf die Kinofreunde warten im September im Forum Wasserturm f\u00fcnf neue Filme \u2013 jeden Dienstag jeweils um 17 und 20 Uhr. Der regul\u00e4re Eintritt kostet acht Euro, ab einer Filml\u00e4nge von 120 Minuten neun Euro. Kinder bis einschlie\u00dflich elf Jahren zahlen sechs Euro. Die Tickets sind nur am Tag der Ausstrahlung an der Kasse erh\u00e4ltlich. Und das sind die Filme:<\/p>\n<p class=\"text_ohne_einzug richtext text-em-55 !leading-serif mx-6 desktop:mx-0\"><strong class=\"font-bold dark:text-white-solid\">\u201eDer Klang der Stradivari\u201c<\/strong> ist ein franz\u00f6sischer Musikfilm. Darin m\u00f6chte die Erbin Astrid Carlson den Traum ihres verstorbenen Vaters verwirklichen, vier weltber\u00fchmte und rare Instrumente aus der Werkstatt von Antonio Stradivari f\u00fcr ein au\u00dfergew\u00f6hnliches Konzert zusammenzubringen. Allerdings gestaltet sich die Zusammenarbeit mit den hochkar\u00e4tigen Solisten schwierig. Eitelkeiten, starke Egos und k\u00fcnstlerische Differenzen prallen aufeinander. Schlie\u00dflich soll der Komponist der Partitur, Charlie Beaumont, das Projekt retten. 1. September, 17 und 20 Uhr, FSK 0, 102 Minuten.<\/p>\n<p class=\"text_ohne_einzug richtext text-em-55 !leading-serif mx-6 desktop:mx-0\"><strong class=\"font-bold dark:text-white-solid\">\u201eThe Invite\u201c<\/strong> thematisiert die Ehe von Angela und Joe, die in der Krise steckt. Als die Nachbarn Pina und Hawk zum Essen vorbeikommen, entwickelt sich der Abend vom harmlosen Smalltalk zur emotionalen Achterbahnfahrt. Denn die beiden Nachbarn machen den Gastgebern offene Avancen und sind durchaus offen f\u00fcr mehr als nur traute Zweisamkeit. Die Filmkritikerin des NDR spricht von einem \u201eam\u00fcsant-s\u00fcffisanten Kino-Date mit Tiefgang\u201c. In dem US-amerikanischen Film spielen <a href=\"https:\/\/rp-online.de\/thema\/olivia-wilde\/\" rel=\"nofollow noopener\" target=\"_blank\">Olivia Wilde<\/a>, Seth Rogen, Pen\u00e9lope Cruz und Edward Norton die beiden Paare. 8. September, 17 und 20 Uhr, FSK 12, 107 Minuten.<\/p>\n<p class=\"text_ohne_einzug richtext text-em-55 !leading-serif mx-6 desktop:mx-0\"><strong class=\"font-bold dark:text-white-solid\">\u201eDer Regenmeister\u201c<\/strong> erz\u00e4hlt die Geschichte von dem ehemaligen Theaterregisseur Ingmar Karlsson, der nach dem Tod seiner Frau zur\u00fcckgezogen in einer s\u00fcdschwedischen Kleinstadt lebt. Ein starres Konzept aus Regeln und Routinen gibt ihm Stabilit\u00e4t, f\u00fcr seine Tochter Erika ist darin nur wenig Platz. Und auch sein Nachbar Rolf nervt Ingmar nur. Als dann ganz Schweden im hei\u00dfesten Sommer seit Aufzeichnungsbeginn auf Regen wartet, liegen die Nerven blank. Im Traum hat Ingmar eine Vision, die der Ausgangspunkt f\u00fcr eine \u00fcberraschende Entwicklung ist. 15. September, 17 und 20 Uhr, FSK 12, 109 Minuten.<\/p>\n<p class=\"text_ohne_einzug richtext text-em-55 !leading-serif mx-6 desktop:mx-0\"><strong class=\"font-bold dark:text-white-solid\">\u201eSteckerlfischfiasko\u201c<\/strong> ist eine neue Auflage der Kriminalkom\u00f6die mit dem Dorfpolizisten Franz Eberhofer, gespielt von Sebastian Bezzel. Dieser ermittelt den Mord an einem Gesch\u00e4ftsmann, dem Steckerlfischk\u00f6nig, im Wellnessbereich des neu er\u00f6ffneten Golfclubs. Dabei ger\u00e4t er ins Umfeld von rivalisierenden Volksfestclans und wohlhabenden Golfclub-Mitgliedern. Turbulent geht es auch in Eberhofers Privatleben zu. Freundin Susi kandidiert f\u00fcr das B\u00fcrgermeisteramt. Zwischen Mordfall, Wahlkampf und spannungsreichem Dorfleben hat der Polizist alle H\u00e4nde voll zu tun. 22. September, 17 und 20 Uhr, FSK 12, 99 Minuten.<\/p>\n<p class=\"text_ohne_einzug richtext text-em-55 !leading-serif mx-6 desktop:mx-0\"><strong class=\"font-bold dark:text-white-solid\">\u201eVaterland\u201c<\/strong> von dem Regisseur Pawel Pawlikowski erhielt bei den Filmfestspielen in Cannes den Preis f\u00fcr die beste Regie. Der Schwarz-Wei\u00df-Film spielt im Sommer 1949 im Nachkriegsdeutschland. Der Literaturnobelpreistr\u00e4ger Thomas Mann (Hanns Zischler) und seine Tochter, die Autorin, Schauspielerin und Rallyefahrerin Erika Mann (Sandra H\u00fcller) begeben sich nach 15 Jahren im Exil auf eine Reise durch ein zerfallenes Deutschland. Die Route f\u00fchrt vom westlich besetzten Frankfurt ins sowjetisch kontrollierte Weimar. In beiden St\u00e4dten soll Thomas Mann zum 200. Geburtstag von Johann Wolfgang von Goethe der Goethepreis verliehen werden und er soll historische Reden halten. Auf der Reise erh\u00e4lt Thomas Mann auch die Nachricht vom Suizid seines Sohnes Klaus Mann. So verbinden sich gro\u00dfe Politik und Familientrag\u00f6die in dem Roadmovie, bei dem es um Fragen der Schuld, Kultur und famili\u00e4re Beziehungen geht. 29. September, 17 und 20 Uhr, FSK 0, 82 Minuten.<\/p>\n","protected":false},"excerpt":{"rendered":"Auf die Kinofreunde warten im September im Forum Wasserturm f\u00fcnf neue Filme \u2013 jeden Dienstag jeweils um 17&hellip;\n","protected":false},"author":2,"featured_media":1265800,"comment_status":"","ping_status":"","sticky":false,"template":"","format":"standard","meta":{"footnotes":"","_share_on_mastodon":"0"},"categories":[1834],"tags":[261512,3364,29,3688,11548,55900,30,1209,9717],"class_list":["post-1265799","post","type-post","status-publish","format-standard","has-post-thumbnail","category-essen","tag-antonio-stradivari","tag-de","tag-deutschland","tag-essen","tag-filme","tag-fsk","tag-germany","tag-nordrhein-westfalen","tag-uhr"],"share_on_mastodon":{"url":"https:\/\/pubeurope.com\/@de\/117172391406079877","error":""},"_links":{"self":[{"href":"https:\/\/www.europesays.com\/de\/wp-json\/wp\/v2\/posts\/1265799","targetHints":{"allow":["GET"]}}],"collection":[{"href":"https:\/\/www.europesays.com\/de\/wp-json\/wp\/v2\/posts"}],"about":[{"href":"https:\/\/www.europesays.com\/de\/wp-json\/wp\/v2\/types\/post"}],"author":[{"embeddable":true,"href":"https:\/\/www.europesays.com\/de\/wp-json\/wp\/v2\/users\/2"}],"replies":[{"embeddable":true,"href":"https:\/\/www.europesays.com\/de\/wp-json\/wp\/v2\/comments?post=1265799"}],"version-history":[{"count":0,"href":"https:\/\/www.europesays.com\/de\/wp-json\/wp\/v2\/posts\/1265799\/revisions"}],"wp:featuredmedia":[{"embeddable":true,"href":"https:\/\/www.europesays.com\/de\/wp-json\/wp\/v2\/media\/1265800"}],"wp:attachment":[{"href":"https:\/\/www.europesays.com\/de\/wp-json\/wp\/v2\/media?parent=1265799"}],"wp:term":[{"taxonomy":"category","embeddable":true,"href":"https:\/\/www.europesays.com\/de\/wp-json\/wp\/v2\/categories?post=1265799"},{"taxonomy":"post_tag","embeddable":true,"href":"https:\/\/www.europesays.com\/de\/wp-json\/wp\/v2\/tags?post=1265799"}],"curies":[{"name":"wp","href":"https:\/\/api.w.org\/{rel}","templated":true}]}}