{"id":1265834,"date":"2026-08-28T09:42:26","date_gmt":"2026-08-28T09:42:26","guid":{"rendered":"https:\/\/www.europesays.com\/de\/1265834\/"},"modified":"2026-08-28T09:42:26","modified_gmt":"2026-08-28T09:42:26","slug":"ex-freund-von-18-jaehriger-festgenommen-schuelerin-und-horterzieher-bei-gewalttat-an-brandenburger-schule-mit-messer-getoetet","status":"publish","type":"post","link":"https:\/\/www.europesays.com\/de\/1265834\/","title":{"rendered":"Ex-Freund von 18-J\u00e4hriger festgenommen: Sch\u00fclerin und Horterzieher bei Gewalttat an Brandenburger Schule mit Messer get\u00f6tet"},"content":{"rendered":"<p class=\"tspCJpg tspCJph\">Bei einer Gewalttat an einer Schule in Gosen-Neu Zittau s\u00fcd\u00f6stlich von Berlin sind am Donnerstag eine Frau und ein Mann get\u00f6tet worden. Die Polizei best\u00e4tigte, dass ein 19 Jahre alter Verd\u00e4chtiger vorl\u00e4ufig festgenommen wurde.<\/p>\n<p class=\"tspCJpg\">Bei einem der Opfer handelt es sich nach Tagesspiegel-Informationen aus Sicherheitskreisen um eine 18 Jahre alte Sch\u00fclerin der Sekundarschule. Zuvor hatte die \u201eM\u00e4rkische Allgemeine\u201c (MAZ) berichtet. Zudem wurde ein 30 Jahre alter Mann get\u00f6tet. Bei dem Opfer handelt es sich um einen Horterzieher. Das best\u00e4tigte eine Polizeisprecherin am Freitagmorgen vor Ort in Gosen.<\/p>\n<p class=\"tspCJpg\">Der Tatverd\u00e4chtige soll nach bislang unbest\u00e4tigten Tagesspiegel-Informationen der 19 Jahre alte Ex-Freund der jungen Frau sein, der selbst kein Sch\u00fcler an der Einrichtung war. Er soll eine andere Schule in der Region besucht haben. Er wurde vorl\u00e4ufig festgenommen und ist in Polizeigewahrsam.<\/p>\n<p class=\"tspCJpg\">Am Freitag kommt ein Notfallteam des Schulamts auf den Campus. Schulpsychologische Fachkr\u00e4fte werden Sch\u00fclerinnen und Sch\u00fclern sowie Lehrkr\u00e4ften der Schule in Gosen-Neu Zittau unterst\u00fctzend zur Seite stehen, wie das Bildungsministerium in Brandenburg mitteilte.<\/p>\n<p class=\"tspCJpg\">Auch die Notfallseelsorge wird wieder vor Ort sein. Bereits am Donnerstag waren acht bis neun Vertreter an der Schule in Ostbrandenburg und sprachen mit Betroffenen. \u201eWir versuchen, ein Schutzraum zu sein\u201c, sagte Stefan Baier von der Notfallseelsorge Brandenburg im \u201eRBB-Spezial\u201c. Am Donnerstagabend gedachten Trauernde der Toten und legten Blumen, Kerzen und Kuscheltiere nieder.<\/p>\n<p><img decoding=\"async\" src=\"https:\/\/www.europesays.com\/de\/wp-content\/uploads\/2026\/08\/bild-von-ios-2.jpeg\"   alt=\"Gewalttaten an Brandenburger Schule in Gosen-Neu Zittau. Trauernde legen Blumen ab.\" aria-labelledby=\"caption-15991328\" width=\"440\" height=\"330\" loading=\"lazy\" class=\"tspA0ja\"\/> Trauernde legten vor der Schule Blumen ab. <\/p>\n<p class=\"tspABgd\"> \u00a9 Marion Kaufmann\/Marion Kaufmann <\/p>\n<p> Polizei hat Tatortarbeit abgeschlossen <\/p>\n<p class=\"tspCJpg\">Die Polizei sei am Donnerstag bis in die sp\u00e4ten Abendstunden am Tatort gewesen, um Spuren zu sichern, sagte Polizeisprecherin Hanna Echle. Die eigentliche Tatortarbeit ist abgeschlossen, aber auch am Freitag sind Polizisten vor der Schule, um ansprechbar zu sein f\u00fcr Sch\u00fcler und Eltern und den Ort zu sichern.<\/p>\n<p class=\"tspCJpg\">Den Angaben zufolge ist der Verd\u00e4chtige deutscher Staatsb\u00fcrger und nach ersten Erkenntnissen bereits polizeilich in Erscheinung getreten, aber offenbar nicht im Zusammenhang mit Vorf\u00e4llen, die auf eine Bedrohung der jungen Frau hindeuteten. Bei der Polizei ist der Tatverd\u00e4chtige nach Tagesspiegel-Informationen mit einem Fall von Volksverhetzung bekannt.<\/p>\n<p class=\"tspCJpg\">Ein Sprecher der Brandenburger Polizei konnte am Donnerstagabend keine Angaben zu den Identit\u00e4ten der Opfer oder zu einem m\u00f6glichen Motiv des T\u00e4ters machen. Die Polizei teilte in einer Mitteilung lediglich mit, dass es sich um eine \u201eBeziehungstat\u201c handeln soll.<\/p>\n<p> T\u00e4ter soll mit Messer auf Opfer eingestochen haben <\/p>\n<p class=\"tspCJpg\">Der 19-J\u00e4hrige soll am Donnerstagnachmittag in der Schule mit einem \u201emesser\u00e4hnlichen Gegenstand\u201c auf seine Ex-Freundin eingestochen haben. Der 30-j\u00e4hrige Mann, der dazwischengehen wollte, ist nach Informationen aus Sicherheitskreisen in der Herzgegend getroffen worden und dann gestorben. Zuvor war davon ausgegangen worden, dass es sich bei dem get\u00f6teten 30-J\u00e4hrigen um den Hausmeister handelte. Die Polizei hatte das nicht best\u00e4tigt.<\/p>\n<p class=\"tspCJpg\">Am Donnerstagabend best\u00e4tigte die Polizeidirektion Ost, dass ein 19-j\u00e4hriger Deutscher vorl\u00e4ufig festgenommen wurde. Er gelte nach gegenw\u00e4rtigen Erkenntnissen als dringend tatverd\u00e4chtig. Die Polizei hat zudem ein Hinweis- und Auskunftstelefon geschaltet. Wer Hinweise zur Tat oder Fragen \u00fcber den Verbleib von Angeh\u00f6rigen habe, k\u00f6nne sich unter 0331\/505905 melden.<\/p>\n<p><img decoding=\"async\" src=\"https:\/\/www.europesays.com\/de\/wp-content\/uploads\/2026\/08\/1787865022_595_gewalttat-an-brandenburger-schule.jpeg\"   alt=\"27.08.2026, Brandenburg, Gosen-Neu-Zittau: Polizisten stehen vor einer Schule. Bei einer Gewalttat an einer Schule in Gosen-Neu Zittau sind nach Informationen der Deutschen Presse-Agentur eine Frau und ein Mann get\u00f6tet worden. Ein Verd\u00e4chtiger wurde vorl\u00e4ufig festgenommen. Foto: Manuel Genolet\/dpa +++ dpa-Bildfunk +++\" aria-labelledby=\"caption-15990204\" width=\"440\" height=\"330\" loading=\"lazy\" class=\"tspA0ja\"\/> Polizisten stehen vor der Schule in Gosen-Neu Zittau. <\/p>\n<p class=\"tspABgd\"> \u00a9 dpa\/Manuel Genolet <\/p>\n<p class=\"tspCJpg\">Der Campus befindet sich in der 3500-Einwohner-Gemeinde Gosen-Neu Zittau im Landkreis Oder-Spree an der Landesgrenze zu Berlin. Gegen 13.45 Uhr waren mehrere Anrufe wegen einer Gewalttat eingegangen, hatte eine Polizeisprecherin mitgeteilt.<\/p>\n<p class=\"tspCJpg\">Die Polizei war am Nachmittag gemeinsam mit dem Rettungsdienst in einem Gro\u00dfeinsatz. \u201eWir sichern aktuell den Tatort\u201c, berichtete die Polizei bei X. Die Beamten sperrten das Umfeld der Schule ab und stellten Sichtschutz auf dem Schulhof auf. Eltern kamen am Nachmittag zur Schule, um ihre Kinder abzuholen.<\/p>\n<p class=\"tspCJpg\">Am Abend kamen zahlreiche Menschen zum Tatort, um ihre Betroffenheit auszudr\u00fccken und vor Ort Blumen und Kerzen abzulegen. Die Polizei sperrte daf\u00fcr die Stra\u00dfe vor der Schule. Zudem waren Seelsorger und Betreuer der Polizei vor Ort, die den Betroffenen Gespr\u00e4chsm\u00f6glichkeiten anbieten und bei Bedarf Kontakte vermitteln sollen.<\/p>\n<p> Kein regul\u00e4rer Unterricht am Freitag <\/p>\n<p class=\"tspCJpg\">Die Tat ereignete sich auf einem Schulcampus des privaten Tr\u00e4gers Docemus, umgeben von Wald und Seen am Rande von Gosen-Neu Zittau. Dort befinden sich ein Gymnasium, eine Oberschule und eine Fachoberschule mit Platz f\u00fcr insgesamt rund 550 Sch\u00fcler. Nach diesem Modell sollen die Gemeinsamkeiten gef\u00f6rdert werden, die Durchl\u00e4ssigkeit zwischen den einzelnen Schulformen wird betont.<\/p>\n<p><img decoding=\"async\" src=\"https:\/\/www.europesays.com\/de\/wp-content\/uploads\/2026\/08\/germany-crime-school.jpeg\" alt=\"A photo taken on August 27, 2026 shows a school in Gosen-Neu Zittau, south-east of Berlin, where two people were killed in a &quot;violent incident&quot;. Local media reported August 27 that an 18-year-old female student and a 30-year-old man had died. Regional public broadcaster RBB and a local daily said that an alarm had been triggered at a secondary school in the town of Gosen-Neu Zittau, with police confirming they were on the scene and that a suspect had been arrested. (Photo by RALF HIRSCHBERGER \/ AFP)\" aria-labelledby=\"caption-15990436\" width=\"620\" height=\"413\" loading=\"lazy\" class=\"tspA0ja\"\/> Der Blick auf den Docemus-Campus in Gosen-Neu Zittau. <\/p>\n<p class=\"tspABgd\"> \u00a9 AFP\/Ralf Hirschberger <\/p>\n<p class=\"tspCJpg\">Der Gesch\u00e4ftsf\u00fchrer des Tr\u00e4gers, Michael Kunz, erkl\u00e4rte laut MAZ: \u201eZu den konkreten Umst\u00e4nden und zum Tathergang k\u00f6nnen und werden wir mit Blick auf die laufenden Ermittlungen zum jetzigen Zeitpunkt keine Angaben machen. Die Aufkl\u00e4rung des Geschehens liegt bei den zust\u00e4ndigen Ermittlungsbeh\u00f6rden.\u201c<\/p>\n<p class=\"tspCJpg\">\u201eDas ist nichts, was normal ist an einer Schule\u201c, sagte Kunz am Freitag. \u201eDie Sch\u00fclerin war allen gut bekannt.\u201c Es werde sehr schwer sein, zu irgendeiner Form der Normalit\u00e4t zur\u00fcckzukehren, so Kunz. Man wolle nun schauen, wie es f\u00fcr die Schule mit Blick auf den Unterricht weitergehe. Die Schule sei am Freitag als \u201eBegegnungsraum\u201c und Ort der Trauer ge\u00f6ffnet. Mindestens die H\u00e4lfte der Sch\u00fcler war laut Kunz am Vormittag teilweise mit Familienangeh\u00f6rigen zum Trauern gekommen. Regul\u00e4rer Unterricht fand am Freitag nicht statt.<\/p>\n<p class=\"tspCJpg\">Wie der RBB am Donnerstagabend berichtete, hat die Gemeinde Gosen-Neu Zittau das f\u00fcr das kommende Wochenende geplante Dorffest abgesagt.<\/p>\n<p> Bildungsministerium k\u00fcndigt Unterst\u00fctzung an <\/p>\n<p class=\"tspCJpg\">\u201eWir sind ersch\u00fcttert \u00fcber die Tat\u201c, teilte das von Gordon Hoffmann (CDU) gef\u00fchrte Brandenburger Bildungsministerium mit. Das Staatliche Schulamt Frankfurt (Oder) habe dem Tr\u00e4ger der freien Schulen auf dem Docemus-Campus sofort Unterst\u00fctzung angeboten und sei in enger Abstimmung mit Polizei und Rettungsdienst.<\/p>\n<p class=\"tspCJpg\">Auf demselben Gel\u00e4nde befindet sich die (\u00f6ffentliche) Grundschule \u201eAn der Spree\u201c. \u201eDas Schulamt hat im engen Kontakt mit der Schulleitung das weitere Vorgehen abgestimmt, um den Sch\u00fclerinnen und Sch\u00fclern sowie den Lehrkr\u00e4ften professionelle Unterst\u00fctzung und Betreuung zukommen zu lassen\u201c, so Ministeriumssprecher Alexander Engels.<\/p>\n<p> Landtagspr\u00e4sidentin spricht von \u201efeigem Femizid\u201c <\/p>\n<p class=\"tspCJpg\">\u201eDiese Tat ersch\u00fcttert unser ganzes Land\u201c, sagte Brandenburgs Ministerpr\u00e4sident Dietmar Woidke (SPD). \u201eWir stehen an der Seite der gesamten Schulgemeinschaft \u2013 der Sch\u00fclerinnen und Sch\u00fcler, der Lehrerinnen und Lehrer sowie der Eltern\u201c, so der Regierungschef.<\/p>\n<p class=\"tspCJpg\">Sie verurteile \u201ediesen Akt der Gewalt an Frauen aufs Sch\u00e4rfste\u201c und bezeichne die Tat \u201eals feigen Femizid, der in unserer Gesellschaft keinen Platz haben darf\u201c, erkl\u00e4rte Landtagspr\u00e4sidentin Ulrike Liedtke (SPD). Es ersch\u00fcttere sie, dass auch ein B\u00fcrger, der Zivilcourage gezeigt habe und helfen wollte, bei dieser schrecklichen Tat sein Leben verlor.<\/p>\n<p> Forderungen nach Aufkl\u00e4rung und mehr Sicherheit f\u00fcr Schulen <\/p>\n<p class=\"tspCJpg\">Auch Berlins Bildungssenatorin Katharina G\u00fcnther-W\u00fcnsch (CDU) sprach den Angeh\u00f6rigen ihr Mitgef\u00fchl aus. \u201eEine Schule ist f\u00fcr Kinder und Jugendliche ein Ort des Lernens, der Gemeinschaft und des Vertrauens \u2013 ein Ort, an dem sie sich sicher und geborgen f\u00fchlen sollen\u201c, so die Senatorin. Dass dieser Ort zum Schauplatz einer Gewalttat geworden sei, best\u00fcrze sie sehr. Berlin stehe in diesen schweren Stunden solidarisch an der Seite Brandenburgs.<\/p>\n<p>Lesen Sie mehr:<a href=\"https:\/\/www.tagesspiegel.de\/berlin\/mit-ubungsmunition-und-knallgerauschen-berliner-polizei-trainiert-fur-amoklage-an-spandauer-schule-15212066.html?icid=topic-list_15989470___\" data-gtm-class=\"article-mzt-link\" data-hydrate-fingerprint=\"09740a54944caac75fd2c0c63fd5c5df\" data-hydrate-props=\"{&amp;escapedquot;element&amp;escapedquot;:{&amp;escapedquot;type&amp;escapedquot;:&amp;escapedquot;relatedContent&amp;escapedquot;,&amp;escapedquot;fieldMap&amp;escapedquot;:{},&amp;escapedquot;relation&amp;escapedquot;:{&amp;escapedquot;fields&amp;escapedquot;:{&amp;escapedquot;isPaid&amp;escapedquot;:null},&amp;escapedquot;href&amp;escapedquot;:&amp;escapedquot;\/berlin\/mit-ubungsmunition-und-knallgerauschen-berliner-polizei-trainiert-fur-amoklage-an-spandauer-schule-15212066.html&amp;escapedquot;,&amp;escapedquot;teaserTitle&amp;escapedquot;:{&amp;escapedquot;kicker&amp;escapedquot;:&amp;escapedquot;Mit \u00dcbungsmunition und \u201eKnallger\u00e4uschen\u201c&amp;escapedquot;,&amp;escapedquot;headline&amp;escapedquot;:&amp;escapedquot;Berliner Polizei trainiert f\u00fcr Amoklage an Spandauer Schule&amp;escapedquot;},&amp;escapedquot;id&amp;escapedquot;:&amp;escapedquot;15212066&amp;escapedquot;,&amp;escapedquot;type&amp;escapedquot;:&amp;escapedquot;story&amp;escapedquot;},&amp;escapedquot;isPartOfList&amp;escapedquot;:true,&amp;escapedquot;topicListType&amp;escapedquot;:&amp;escapedquot;topic-list&amp;escapedquot;},&amp;escapedquot;showArrow&amp;escapedquot;:true}\" data-hydrate-slots=\"{&#039;default&#039;:[]}\" class=\"tspCPp3 tspDEsb\" rel=\"nofollow noopener\" target=\"_blank\">Mit \u00dcbungsmunition und \u201eKnallger\u00e4uschen\u201c Berliner Polizei trainiert f\u00fcr Amoklage an Spandauer Schule <\/a><a href=\"https:\/\/www.tagesspiegel.de\/gesellschaft\/es-ist-unertraglich-und-es-schmerzt-uns-alle-hunderte-nehmen-anteil-bei-gedenken-in-stade-und-garbsen-15800568.html?icid=topic-list_15989470___\" data-gtm-class=\"article-mzt-link\" data-hydrate-fingerprint=\"09740a54944caac75fd2c0c63fd5c5df\" data-hydrate-props=\"{&amp;escapedquot;element&amp;escapedquot;:{&amp;escapedquot;type&amp;escapedquot;:&amp;escapedquot;relatedContent&amp;escapedquot;,&amp;escapedquot;fieldMap&amp;escapedquot;:{},&amp;escapedquot;relation&amp;escapedquot;:{&amp;escapedquot;fields&amp;escapedquot;:{&amp;escapedquot;isPaid&amp;escapedquot;:null},&amp;escapedquot;href&amp;escapedquot;:&amp;escapedquot;\/gesellschaft\/es-ist-unertraglich-und-es-schmerzt-uns-alle-hunderte-nehmen-anteil-bei-gedenken-in-stade-und-garbsen-15800568.html&amp;escapedquot;,&amp;escapedquot;teaserTitle&amp;escapedquot;:{&amp;escapedquot;kicker&amp;escapedquot;:&amp;escapedquot;\u201eEs ist unertr\u00e4glich, und es schmerzt uns alle\u201c&amp;escapedquot;,&amp;escapedquot;headline&amp;escapedquot;:&amp;escapedquot;Hunderte nehmen Anteil bei Gedenken in Stade und Garbsen&amp;escapedquot;},&amp;escapedquot;id&amp;escapedquot;:&amp;escapedquot;15800568&amp;escapedquot;,&amp;escapedquot;type&amp;escapedquot;:&amp;escapedquot;story&amp;escapedquot;},&amp;escapedquot;isPartOfList&amp;escapedquot;:true,&amp;escapedquot;topicListType&amp;escapedquot;:&amp;escapedquot;topic-list&amp;escapedquot;},&amp;escapedquot;showArrow&amp;escapedquot;:true}\" data-hydrate-slots=\"{&#039;default&#039;:[]}\" class=\"tspCPp3 tspDEsb\" rel=\"nofollow noopener\" target=\"_blank\">\u201eEs ist unertr\u00e4glich, und es schmerzt uns alle\u201c Hunderte nehmen Anteil bei Gedenken in Stade und Garbsen <\/a><a href=\"https:\/\/www.tagesspiegel.de\/berlin\/berliner-psychologe-erklart-wie-spreche-ich-mit-meinem-kind-uber-gewalt-an-der-schule-13744141.html?icid=topic-list_15989470___\" data-gtm-class=\"article-mzt-link\" data-hydrate-fingerprint=\"09740a54944caac75fd2c0c63fd5c5df\" data-hydrate-props=\"{&amp;escapedquot;element&amp;escapedquot;:{&amp;escapedquot;type&amp;escapedquot;:&amp;escapedquot;relatedContent&amp;escapedquot;,&amp;escapedquot;fieldMap&amp;escapedquot;:{},&amp;escapedquot;relation&amp;escapedquot;:{&amp;escapedquot;fields&amp;escapedquot;:{&amp;escapedquot;isPaid&amp;escapedquot;:true},&amp;escapedquot;href&amp;escapedquot;:&amp;escapedquot;\/berlin\/berliner-psychologe-erklart-wie-spreche-ich-mit-meinem-kind-uber-gewalt-an-der-schule-13744141.html&amp;escapedquot;,&amp;escapedquot;teaserTitle&amp;escapedquot;:{&amp;escapedquot;headline&amp;escapedquot;:&amp;escapedquot;Wie spreche ich mit meinem Kind \u00fcber Gewalt an der Schule?&amp;escapedquot;,&amp;escapedquot;kicker&amp;escapedquot;:&amp;escapedquot;Berliner Psychologe erkl\u00e4rt&amp;escapedquot;},&amp;escapedquot;id&amp;escapedquot;:&amp;escapedquot;13744141&amp;escapedquot;,&amp;escapedquot;type&amp;escapedquot;:&amp;escapedquot;story&amp;escapedquot;},&amp;escapedquot;isPartOfList&amp;escapedquot;:true,&amp;escapedquot;topicListType&amp;escapedquot;:&amp;escapedquot;topic-list&amp;escapedquot;},&amp;escapedquot;showArrow&amp;escapedquot;:true}\" data-hydrate-slots=\"{&#039;default&#039;:[]}\" class=\"tspCPp3 tspDEsb\" rel=\"nofollow noopener\" target=\"_blank\">Berliner Psychologe erkl\u00e4rt Wie spreche ich mit meinem Kind \u00fcber Gewalt an der Schule? <\/a><\/p>\n<p class=\"tspCJpg\">\u201eWir erwarten, dass jetzt konsequent gepr\u00fcft wird, welche Ma\u00dfnahmen notwendig sind, um die Sicherheit an unseren Schulen zu gew\u00e4hrleisten\u201c, sagte der Vorsitzende des Landeselternrats Brandenburg, Matthias Knoll. \u201eEltern m\u00fcssen ihre Kinder morgens in die Schule schicken k\u00f6nnen, ohne Angst und ohne ein schlechtes Gewissen haben zu m\u00fcssen.\u201c<\/p>\n<p class=\"tspCJpg\">\u201eWir sind zutiefst ersch\u00fcttert \u00fcber die Gewalttat, bei der zwei Menschen ihr Leben verloren haben\u201c, sagte der Vorsitzende der SPD-Landtagsfraktion, Bj\u00f6rn L\u00fcttmann. \u201eUnser Mitgef\u00fchl gilt den Angeh\u00f6rigen der Opfer.\u201c Die Ermittlungen m\u00fcssten nun die genauen Umst\u00e4nde der Tat kl\u00e4ren. Am Mittwoch soll sich der Innenausschuss des Landtags damit befassen. (mit dpa\/AFP)<\/p>\n","protected":false},"excerpt":{"rendered":"Bei einer Gewalttat an einer Schule in Gosen-Neu Zittau s\u00fcd\u00f6stlich von Berlin sind am Donnerstag eine Frau und&hellip;\n","protected":false},"author":2,"featured_media":1264721,"comment_status":"","ping_status":"","sticky":false,"template":"","format":"standard","meta":{"footnotes":"","_share_on_mastodon":"0"},"categories":[1825],"tags":[296,1890,29,30,1635,4850,2239,966],"class_list":["post-1265834","post","type-post","status-publish","format-standard","has-post-thumbnail","category-berlin","tag-berlin","tag-brandenburg","tag-deutschland","tag-germany","tag-jugend","tag-lehrer","tag-rbb","tag-schule"],"share_on_mastodon":{"url":"https:\/\/pubeurope.com\/@de\/117172488412258622","error":""},"_links":{"self":[{"href":"https:\/\/www.europesays.com\/de\/wp-json\/wp\/v2\/posts\/1265834","targetHints":{"allow":["GET"]}}],"collection":[{"href":"https:\/\/www.europesays.com\/de\/wp-json\/wp\/v2\/posts"}],"about":[{"href":"https:\/\/www.europesays.com\/de\/wp-json\/wp\/v2\/types\/post"}],"author":[{"embeddable":true,"href":"https:\/\/www.europesays.com\/de\/wp-json\/wp\/v2\/users\/2"}],"replies":[{"embeddable":true,"href":"https:\/\/www.europesays.com\/de\/wp-json\/wp\/v2\/comments?post=1265834"}],"version-history":[{"count":0,"href":"https:\/\/www.europesays.com\/de\/wp-json\/wp\/v2\/posts\/1265834\/revisions"}],"wp:featuredmedia":[{"embeddable":true,"href":"https:\/\/www.europesays.com\/de\/wp-json\/wp\/v2\/media\/1264721"}],"wp:attachment":[{"href":"https:\/\/www.europesays.com\/de\/wp-json\/wp\/v2\/media?parent=1265834"}],"wp:term":[{"taxonomy":"category","embeddable":true,"href":"https:\/\/www.europesays.com\/de\/wp-json\/wp\/v2\/categories?post=1265834"},{"taxonomy":"post_tag","embeddable":true,"href":"https:\/\/www.europesays.com\/de\/wp-json\/wp\/v2\/tags?post=1265834"}],"curies":[{"name":"wp","href":"https:\/\/api.w.org\/{rel}","templated":true}]}}