{"id":1265877,"date":"2026-08-28T10:16:31","date_gmt":"2026-08-28T10:16:31","guid":{"rendered":"https:\/\/www.europesays.com\/de\/1265877\/"},"modified":"2026-08-28T10:16:31","modified_gmt":"2026-08-28T10:16:31","slug":"hat-st-pauli-gegner-lautern-in-mannheim-die-kabine-verwuestet","status":"publish","type":"post","link":"https:\/\/www.europesays.com\/de\/1265877\/","title":{"rendered":"Hat St. Pauli-Gegner Lautern in Mannheim die Kabine verw\u00fcstet?"},"content":{"rendered":"<p>Vor dem Gastspiel am Sonntag am Millerntor (13.30 Uhr, Liveticker auf MOPO.de) gibt es Wirbel um St. Pauli-Gegner Kaiserslautern: Die Mannschaft steht nach den Krawallen im Pokalderby beim SV Waldhof Mannheim unter Verdacht, die G\u00e4ste-Kabine im Carl-Benz-Stadion besch\u00e4digt zu haben. Dies geht aus Fotos und einem Faktencheck hervor, die die \u201eRheinpfalz\u201c ver\u00f6ffentlicht hat. Der Drittligist aus Mannheim best\u00e4tigte die Echtheit der Bilder, der FCK hat sich bisher nicht dazu ge\u00e4u\u00dfert.\u00a0<\/p>\n<p>Die Fotos zeigen nicht nur jede Menge M\u00fcll und Schmutz auf dem Boden der Kabine, sondern auch kaputte Platten an der Decke. Das Erstrundenspiel im DFB-Pokal zwischen dem baden-w\u00fcrttembergischen Drittligisten aus Mannheim und dem pf\u00e4lzischen Zweitligisten hatte am vergangenen Freitag kurz vor dem Abbruch gestanden. Der 1:0-Ausw\u00e4rtssieg der Roten Teufel nach Verl\u00e4ngerung war im ausverkauften Carl-Benz-Stadion von Krawallen, Pyrotechnik und einem Platzsturm \u00fcberschattet worden.\u00a0<\/p>\n<p>Rund 1400 Polizeibeamte waren im Einsatz, 35 davon wurden verletzt. Zudem mussten 85 Zuschauer medizinisch betreut werden, teilte die Polizei im Nachgang mit. Acht von ihnen seien zur weiteren Behandlung ins Krankenhaus gekommen. Zudem waren Spieler beider Teams in der hitzigen Partie und die beiden Trainer aneinander geraten.<\/p>\n","protected":false},"excerpt":{"rendered":"Vor dem Gastspiel am Sonntag am Millerntor (13.30 Uhr, Liveticker auf MOPO.de) gibt es Wirbel um St. Pauli-Gegner&hellip;\n","protected":false},"author":2,"featured_media":422224,"comment_status":"","ping_status":"","sticky":false,"template":"","format":"standard","meta":{"footnotes":"","_share_on_mastodon":"0"},"categories":[1845],"tags":[7974,1634,3364,29,1264,548,663,3934,30,13,2096,14,15,12,17594],"class_list":["post-1265877","post","type-post","status-publish","format-standard","has-post-thumbnail","category-mannheim","tag-1-fc-kaiserslautern","tag-baden-wuerttemberg","tag-de","tag-deutschland","tag-dfb-pokal","tag-eu","tag-europa","tag-europe","tag-germany","tag-headlines","tag-mannheim","tag-nachrichten","tag-news","tag-schlagzeilen","tag-waldhof-mannheim"],"share_on_mastodon":{"url":"https:\/\/pubeurope.com\/@de\/117172619587317784","error":""},"_links":{"self":[{"href":"https:\/\/www.europesays.com\/de\/wp-json\/wp\/v2\/posts\/1265877","targetHints":{"allow":["GET"]}}],"collection":[{"href":"https:\/\/www.europesays.com\/de\/wp-json\/wp\/v2\/posts"}],"about":[{"href":"https:\/\/www.europesays.com\/de\/wp-json\/wp\/v2\/types\/post"}],"author":[{"embeddable":true,"href":"https:\/\/www.europesays.com\/de\/wp-json\/wp\/v2\/users\/2"}],"replies":[{"embeddable":true,"href":"https:\/\/www.europesays.com\/de\/wp-json\/wp\/v2\/comments?post=1265877"}],"version-history":[{"count":0,"href":"https:\/\/www.europesays.com\/de\/wp-json\/wp\/v2\/posts\/1265877\/revisions"}],"wp:featuredmedia":[{"embeddable":true,"href":"https:\/\/www.europesays.com\/de\/wp-json\/wp\/v2\/media\/422224"}],"wp:attachment":[{"href":"https:\/\/www.europesays.com\/de\/wp-json\/wp\/v2\/media?parent=1265877"}],"wp:term":[{"taxonomy":"category","embeddable":true,"href":"https:\/\/www.europesays.com\/de\/wp-json\/wp\/v2\/categories?post=1265877"},{"taxonomy":"post_tag","embeddable":true,"href":"https:\/\/www.europesays.com\/de\/wp-json\/wp\/v2\/tags?post=1265877"}],"curies":[{"name":"wp","href":"https:\/\/api.w.org\/{rel}","templated":true}]}}