{"id":1265888,"date":"2026-08-28T10:25:21","date_gmt":"2026-08-28T10:25:21","guid":{"rendered":"https:\/\/www.europesays.com\/de\/1265888\/"},"modified":"2026-08-28T10:25:21","modified_gmt":"2026-08-28T10:25:21","slug":"in-joellenbeck-entlaufen-huendin-boni-wird-seit-sonntag-in-bielefeld-gesucht","status":"publish","type":"post","link":"https:\/\/www.europesays.com\/de\/1265888\/","title":{"rendered":"In J\u00f6llenbeck entlaufen: H\u00fcndin Boni wird seit Sonntag in Bielefeld gesucht"},"content":{"rendered":"<p id=\"absatz1\" class=\"em_text\">Bielefeld-J\u00f6llenbeck. Seit Sonntag l\u00e4uft in J\u00f6llenbeck eine gro\u00dfe Suchaktion nach einer verschwundenen kleinen H\u00fcndin: Die Franz\u00f6sische Bulldogge Boni konnte beim Hundespaziergang einem interessanten Geruch nicht widerstehen und verschwand im Maisfeld. \u201eSie ist normalerweise sehr gut abrufbar\u201c, berichtet Stephanie Sawka. Boni geh\u00f6re ihrer demenzkranken Schwiegermutter (89). Sie sei das Ein und Alles der alten Dame: \u201eSie ist ihr Kuschelhund.\u201c<\/p>\n<p id=\"absatz2\" class=\"em_text\">Am Sonntag gegen 15 Uhr erschnupperte die siebenj\u00e4hrige H\u00fcndin an einem Maisfeld Im Bargfelde Verlockendes. Weil sie normalerweise sehr gut h\u00f6rt, darf Boni ohne Leine laufen \u2013 was nie ein Problem gewesen sei, obwohl sie durchaus Jagdtrieb habe, sagt Stephanie Sawka. Doch wenn sie etwas in der Nase habe, werde es schwierig. \u201eUnd dann hat sie da auch wahrscheinlich die Orientierung verloren.\u201c Ihre Gassig\u00e4nger riefen und warteten, suchten stundenlang nach Boni \u2013 doch die blieb spurlos verschwunden.<\/p>\n<p id=\"absatz3\" class=\"em_text\">Die kastrierte und gechippte H\u00fcndin ist leicht zu erkennen: Sie ist zwar zierlich und zudem braun gestromt, so dass sie in der freien Natur nicht gleich ins Auge f\u00e4llt. Doch sie tr\u00e4gt ein auff\u00e4lliges rosafarbenes Geschirr. \u201eUnd sie hat ein leichtes Knickohr rechts und eine auff\u00e4llige lange Narbe unter dem Bauch\u201c, sagt Stephanie Sawka. Boni, die urspr\u00fcnglich aus dem Tierheim L\u00fcbbecke stammt und seit drei Jahren in der Familie wohnt, ist etwa 25 bis 30 Zentimeter gro\u00df und zehn Kilo schwer.<\/p>\n<p>Boni ist bei Tasso registriert<\/p>\n<p>        <a href=\"https:\/\/www.nw.de\/_em_daten\/_cache\/image\/1xandaVGo0cDF6K2ZDWXFHdVExVmNWUkxENjRpbC82OUUrS0wxV0FucEpvL2lmM0thd0c5Q1MyTzR0NTNOUTBOck5CSUtXR1dIVGVOUmY1UHV2enpUcWc9PQ\/260827-1259-923682400.jpg\" class=\"nw-article-image\" title=\"Die kleine H\u00fcndin tr\u00e4gt ein rosafarbenes Geschirr und hat ein auff\u00e4lliges Knickohr.\" data-glightbox=\"type: image; description: Die kleine H\u00fcndin tr\u00e4gt ein rosafarbenes Geschirr und hat ein auff\u00e4lliges Knickohr.  | \u00a9 privat \" rel=\"nofollow noopener\" target=\"_blank\"><br \/>\n            <img decoding=\"async\" src=\"https:\/\/www.europesays.com\/de\/wp-content\/uploads\/2026\/08\/260827-1259-923682400.jpg\" class=\"nw-img-fluid nw-w-full nw-lazy nw-rounded-t-md\" alt=\"Die kleine H\u00fcndin tr\u00e4gt ein rosafarbenes Geschirr und hat ein auff\u00e4lliges Knickohr. - \u00a9 privat\" data-format=\"16:9\"\/><br \/>\n        <\/a><\/p>\n<p>                Die kleine H\u00fcndin tr\u00e4gt ein rosafarbenes Geschirr und hat ein auff\u00e4lliges Knickohr.<br \/>\n                                    | \u00a9 privat<\/p>\n<p id=\"absatz5\" class=\"em_text\">Die Besitzer, die ihren vierbeinigen Liebling beim Tierschutzregister Tasso registriert haben, riefen auf Facebook zur Unterst\u00fctzung auf. \u201eDort gibt es zahlreiche Suchgruppen, auch eine f\u00fcr Bielefeld-J\u00f6llenbeck und Umgebung\u201c, so Stephanie Sawka. \u201eDarin gibt es ganz viele engagierten Menschen, die helfen; und es wird immer wieder geteilt.\u201c Inzwischen hat sich auch die Hundesuche Ostwestfalen eingeschaltet. Das Maisfeld und die umliegenden Felder wurden mit einer Drohne abgesucht. Zudem wurde ein Pettrailer (Tiersuchhund) eingesetzt.<\/p>\n<p>\n        \u00d7\n    <\/p>\n<p>\n            Sie erhalten in wenigen Minuten eine E-Mail zur Best\u00e4tigung Ihrer Anmeldung.\n        <\/p>\n<p>Erst danach ist diese abgeschlossen.<\/p>\n<p>Bitte pr\u00fcfen Sie auch den Spam-Ordner.<\/p>\n<p>\n        \u00d7\n    <\/p>\n<p>\n            Sie haben bisher Ihre E-Mail-Adresse noch nicht best\u00e4tigt.\n        <\/p>\n<p>Erst danach ist diese abgeschlossen.<\/p>\n<p>Bitte pr\u00fcfen Sie auch den Spam-Ordner.<\/p>\n<p>\n        \u00d7\n    <\/p>\n<p>\n            Es ist einen Fehler aufgetreten\n        <\/p>\n<p>Bei Fragen hilft unser Newsletter-Support<\/p>\n<p> Newsletter<\/p>\n<p> Update zum Abend<\/p>\n<p>Informiert bleiben mit t\u00e4glichen News aus Bielefeld, OWL und der Welt.<\/p>\n<p>                Jetzt anmelden<\/p>\n<p id=\"absatz6\"><b class=\"bold\">Lesen Sie auch:<\/b> <a href=\"https:\/\/www.nw.de\/lokal\/bielefeld\/mitte\/24310406_Hund-irrt-seit-Wochen-allein-durch-Bielefeld-Suchteam-braucht-dringend-Hilfe-v1.html\" rel=\"nofollow noopener\" target=\"_blank\">Hunde-Suchteam braucht dringend Hilfe: Aslan irrt seit Wochen durch Bielefeld <\/a><\/p>\n<p id=\"absatz7\" class=\"em_text\">Fr\u00fchmorgens am Mittwoch wurde Boni dann von einem Mann aus dem Busfenster gesichtet, der ebenfalls \u00fcber Facebook von der Suche erfahren hatte. \u201eAm Raiffeisenmarkt, Deliusstra\u00dfe, das ist schon einiges an Strecke\u201c, sagt Stephanie Sawka. Die Sichtung wurde vom Pettrailer-Hund best\u00e4tigt. Dem Hundef\u00fchrer zufolge ist die eigentlich verschmuste und zutrauliche kleine Bulldogge nicht verletzt, eine kleine Beruhigung f\u00fcr die Familie, die sich gro\u00dfe Sorgen macht. Inzwischen sind zudem die Polizei und das Tierheim Bielefeld benachrichtigt.<\/p>\n<p id=\"absatz8\" class=\"em_text\">Wichtig: Wer Boni entdeckt, sollte sie nicht rufen oder zu ihr laufen, sondern den Standort umgehend bei den Besitzern unter Tel. 0171 2814741 oder der Hundesuche Ostwestfalen, Tel. 0173 5360097, melden.<\/p>\n<p id=\"absatz9\">\ud83d\udcf1 <b class=\"TextRun SCXW23387577 BCX0 NormalTextRun SCXW23387577 BCX0 bold\">News direkt aufs Smartphone:<\/b><b class=\"TextRun SCXW23387577 BCX0 NormalTextRun SCXW23387577 BCX0 bold\"> <\/b><a href=\"https:\/\/whatsapp.com\/channel\/0029VaeYHJ40Qeam4DWyn109\" rel=\"noreferrer noopener nofollow\" target=\"_blank\">Hier finden Sie den kostenlosen Whatsapp-Kanal der NW-Bielefeld<\/a> <\/p>\n","protected":false},"excerpt":{"rendered":"Bielefeld-J\u00f6llenbeck. Seit Sonntag l\u00e4uft in J\u00f6llenbeck eine gro\u00dfe Suchaktion nach einer verschwundenen kleinen H\u00fcndin: Die Franz\u00f6sische Bulldogge Boni&hellip;\n","protected":false},"author":2,"featured_media":1265889,"comment_status":"","ping_status":"","sticky":false,"template":"","format":"standard","meta":{"footnotes":"","_share_on_mastodon":"0"},"categories":[1841],"tags":[1605,28498,102404,3364,29,291,553,30,23270,67964,9311,9307,1611,4280,161653,198343,736,164252,9312,1613,1209,3144,261518],"class_list":["post-1265888","post","type-post","status-publish","format-standard","has-post-thumbnail","category-bielefeld","tag-bielefeld","tag-bulldogge","tag-cnt_top-artikel","tag-de","tag-deutschland","tag-facebook","tag-familie","tag-germany","tag-huendin","tag-joellenbeck","tag-label_familie-freizeit","tag-label_foto","tag-label_informiere-mich","tag-label_l-120","tag-maisfeld","tag-meta_artikelklasse_aboanker","tag-meta_copyrights_nw","tag-meta_eo_zusammenfassung","tag-meta_themen_familie_bildung_freizeit","tag-meta_userneeds_informieremich","tag-nordrhein-westfalen","tag-ostwestfalen","tag-stephanie-sawka"],"share_on_mastodon":{"url":"https:\/\/pubeurope.com\/@de\/117172657203359682","error":""},"_links":{"self":[{"href":"https:\/\/www.europesays.com\/de\/wp-json\/wp\/v2\/posts\/1265888","targetHints":{"allow":["GET"]}}],"collection":[{"href":"https:\/\/www.europesays.com\/de\/wp-json\/wp\/v2\/posts"}],"about":[{"href":"https:\/\/www.europesays.com\/de\/wp-json\/wp\/v2\/types\/post"}],"author":[{"embeddable":true,"href":"https:\/\/www.europesays.com\/de\/wp-json\/wp\/v2\/users\/2"}],"replies":[{"embeddable":true,"href":"https:\/\/www.europesays.com\/de\/wp-json\/wp\/v2\/comments?post=1265888"}],"version-history":[{"count":0,"href":"https:\/\/www.europesays.com\/de\/wp-json\/wp\/v2\/posts\/1265888\/revisions"}],"wp:featuredmedia":[{"embeddable":true,"href":"https:\/\/www.europesays.com\/de\/wp-json\/wp\/v2\/media\/1265889"}],"wp:attachment":[{"href":"https:\/\/www.europesays.com\/de\/wp-json\/wp\/v2\/media?parent=1265888"}],"wp:term":[{"taxonomy":"category","embeddable":true,"href":"https:\/\/www.europesays.com\/de\/wp-json\/wp\/v2\/categories?post=1265888"},{"taxonomy":"post_tag","embeddable":true,"href":"https:\/\/www.europesays.com\/de\/wp-json\/wp\/v2\/tags?post=1265888"}],"curies":[{"name":"wp","href":"https:\/\/api.w.org\/{rel}","templated":true}]}}