{"id":1265945,"date":"2026-08-28T11:07:17","date_gmt":"2026-08-28T11:07:17","guid":{"rendered":"https:\/\/www.europesays.com\/de\/1265945\/"},"modified":"2026-08-28T11:07:17","modified_gmt":"2026-08-28T11:07:17","slug":"amokfahrt-in-leipzig-anklage-wegen-zweifachen-mords-im-prozess-um-leipziger-amokfahrt","status":"publish","type":"post","link":"https:\/\/www.europesays.com\/de\/1265945\/","title":{"rendered":"Amokfahrt in Leipzig: Anklage wegen zweifachen Mords im Prozess um Leipziger Amokfahrt"},"content":{"rendered":"<p class=\"paragraph article__item\">Knapp vier Monate nach der t\u00f6dlichen <a href=\"https:\/\/www.zeit.de\/gesellschaft\/zeitgeschehen\/2026-05\/leipzig-auto-innenstadt-amokfahrt-tote-verletzte-polizei-sachsen-faq\" target=\"_blank\" rel=\"nofollow noopener\">Amokfahrt in<br \/>\nder Leipziger Innenstadt<\/a>\u00a0hat die Staatsanwaltschaft Anklage gegen einen<br \/>\n33-J\u00e4hrigen erhoben. Eine Sprecherin der Staatsanwaltschaft teilte auf Anfrage mit,<br \/>\nder Vorwurf lautet auf zweifachen Mord und versuchten Mord in 85 F\u00e4llen. Zudem<br \/>\nwerde dem Tatverd\u00e4chtigen der schwere gef\u00e4hrliche Eingriff in den<br \/>\nStra\u00dfenverkehr in 91 F\u00e4llen vorgeworfen.\u00a0\n<\/p>\n<p class=\"paragraph article__item\">Das Landgericht <a href=\"https:\/\/www.zeit.de\/thema\/leipzig\" target=\"_blank\" rel=\"nofollow noopener\">Leipzig<\/a> muss nun \u00fcber<br \/>\ndie Zulassung der Anklage und einen m\u00f6glichen Beginn der Verhandlung entscheiden. Der Verteidiger des 33-J\u00e4hrigen war zun\u00e4chst<br \/>\nnicht zu erreichen.\n<\/p>\n<p class=\"paragraph article__item\">Am <a href=\"https:\/\/www.zeit.de\/gesellschaft\/zeitgeschehen\/2026-05\/auto-faehrt-in-leipzig-in-menschengruppe-mehrere-verletzte\" target=\"_blank\" rel=\"nofollow noopener\">4. Mai 2026 fuhr der Tatverd\u00e4chtige in Leipzig<\/a> mit seinem<br \/>\nWagen mehrere Hundert Meter durch die Fu\u00dfg\u00e4ngerzone und erfasste dabei<br \/>\nmehrere Menschen mit seinem Auto. Eine 63-j\u00e4hrige Frau und ein 77-j\u00e4hriger Mann<br \/>\nstarben. Sechs Menschen im Alter von 21 bis 87 Jahren wurden verletzt, zwei<br \/>\ndavon schwer. Der Fahrer hatte das Auto anschlie\u00dfend selbst zum Stehen gebracht<br \/>\nund sich widerstandslos festnehmen lassen. Er wurde zun\u00e4chst in einer<br \/>\npsychiatrischen Klinik untergebracht.\n<\/p>\n<p class=\"paragraph article__item\">Da das vorl\u00e4ufige schriftliche Gutachten des<br \/>\nforensisch-psychiatrischen Gutachters keine Hinweise auf eine eingeschr\u00e4nkte<br \/>\nSchuldf\u00e4higkeit ergeben habe, werde eine Aufhebung der Unterbringung und ein<br \/>\nHaftbefehl gegen den 33-J\u00e4hrigen beantragt. Dies teilte die Sprecherin der<br \/>\nStaatsanwaltschaft auf Anfrage mit. Zu den Hintergr\u00fcnden und Motiven der Tat gab<br \/>\nes keine Angaben. Die Ermittler hatten aber bereits zuvor mitgeteilt, dass<br \/>\nkeine Hinweise auf ein politisches oder religi\u00f6ses Motiv vorliegen.\n<\/p>\n<p>            Tatverd\u00e4chtiger war vor Tat freiwillig in psychiatrischer Behandlung und polizeilich bekannt            <\/p>\n<p class=\"paragraph article__item\">Wenige Tage vor der Amokfahrt war der 33-J\u00e4hrige den<br \/>\nErmittlern zufolge in station\u00e4rer Behandlung in einer psychiatrischen<br \/>\nEinrichtung. Er hatte sich auf eigenen Wunsch freiwillig in der Klinik aufgehalten<br \/>\nund war Ende April entlassen worden, wie das Sozialministerium in Dresden<br \/>\nbest\u00e4tigte.\n<\/p>\n<p>                            \u00a9\u00a0Lea Dohle<\/p>\n<p>\n                                        Newsletter<br \/>\n                                        Was jetzt? \u2013 Der t\u00e4gliche Morgen\u00fcberblick<\/p>\n<p class=\"newsletter-signup__text\">Starten Sie mit unserem kurzen Nachrichten-Newsletter in den Tag. Erhalten Sie zudem freitags das digitale Magazin ZEIT am Wochenende.<\/p>\n<p class=\"newsletter-signup__datapolicy\" hidden=\"\">\n            Mit Ihrer Registrierung nehmen Sie die <a href=\"https:\/\/datenschutz.zeit.de\/zon#Newsletter\" target=\"_blank\" rel=\"nofollow noopener\">Datenschutzerkl\u00e4rung<\/a> zur Kenntnis.\n        <\/p>\n<p>    Vielen Dank! Wir haben Ihnen eine E-Mail geschickt.<\/p>\n<p>Pr\u00fcfen Sie Ihr Postfach und best\u00e4tigen Sie das Newsletter-Abonnement.<\/p>\n<p class=\"paragraph article__item\">Er war auch schon <a href=\"https:\/\/www.zeit.de\/gesellschaft\/zeitgeschehen\/2026-05\/leipzig-tatverdaechtiger-polizei-bekannt-tote\" target=\"_blank\" rel=\"nofollow noopener\">polizeilich aufgefallen<\/a>, unter<br \/>\nanderem wegen Bedrohung und sogenannter ehrverletzender Delikte im sozialen<br \/>\nUmfeld. Dabei handelte es sich um Vorf\u00e4lle ohne k\u00f6rperliche Gewalt, etwa<br \/>\nBeleidigungen oder Herabw\u00fcrdigungen.\n<\/p>\n<p>                                    Diskussion um Sicherheit in Innenst\u00e4dten            <\/p>\n<p class=\"paragraph article__item\">Nach der Gewalttat hatte in <a class=\"rtr-entity\" href=\"https:\/\/www.zeit.de\/thema\/leipzig\" rel=\"nofollow noopener\" target=\"_blank\">Leipzig<\/a> gro\u00dfe Trauer<br \/>\nund Anteilnahme geherrscht. Leipzigs Oberb\u00fcrgermeister Burkhard Jung \u00e4u\u00dferte<br \/>\nsich in einer ersten Reaktion gegen\u00fcber der Nachrichtenagentur dpa ersch\u00fcttert \u00fcber die Tat. Wenige<br \/>\nTage sp\u00e4ter hatte die <a href=\"https:\/\/www.zeit.de\/gesellschaft\/zeitgeschehen\/2026-05\/amokfahrt-leipzig-innenstadt-poller-sicherheitskonzept-gxe\" target=\"_blank\" rel=\"nofollow noopener\">Stadt Leipzig zus\u00e4tzliche Sicherungsma\u00dfnahmen<\/a> ergriffen.<br \/>\nEs wurden mehrere sogenannte Oktabl\u00f6cke am Zugang zur Innenstadt<br \/>\naufgestellt, um die Zufahrt f\u00fcr Fahrzeuge zu blockieren.\n<\/p>\n<p class=\"paragraph article__item\">Die Tat l\u00f6ste zudem anschlie\u00dfend bundesweit eine<br \/>\nDiskussion \u00fcber die Sicherheit der Innenst\u00e4dte aus. Der Deutsche St\u00e4dte- und<br \/>\nGemeindebund verwies darauf, dass zwischen Sicherheit und Offenheit in St\u00e4dten ein<br \/>\nKonflikt bestehe und sich solche Taten trotz Sicherheitskonzepten nie<br \/>\nvollst\u00e4ndig verhindern lie\u00dfen.\n<\/p>\n<p>Mehr zum Thema<\/p>\n<p>            Amokfahrt in Leipzig        <\/p>\n<p>                <a href=\"https:\/\/www.zeit.de\/gesundheit\/2026-05\/amokfahrt-leipzig-psychische-krankheit-gefahreneinschaetzung\" data-ct-label=\"Amokfahrt von Leipzig: \u00bbStrengere Unterbringungen versch\u00e4rfen das Problem eher\u00ab\" data-uuid=\"2ee528da-3630-4c0b-80f0-6c3f9a974216\" rel=\"nofollow noopener\" target=\"_blank\"><\/p>\n<p>        Z+ (abopflichtiger Inhalt);<\/p>\n<p>    Amokfahrt von Leipzig:<br \/>\n                        \u00bbStrengere Unterbringungen versch\u00e4rfen das Problem eher\u00ab<\/p>\n<p>                <\/a><\/p>\n<p>                <a href=\"https:\/\/www.zeit.de\/gesellschaft\/zeitgeschehen\/2026-05\/amokfahrt-leipzig-auto-motiv-polizei\" data-ct-label=\"Mutma\u00dfliche Amokfahrt in Leipzig: \u00bbWie verwundbar wir sind\u00ab\" data-uuid=\"e4658a29-7e2a-439d-8b35-2bbc4496a1ba\" rel=\"nofollow noopener\" target=\"_blank\"><\/p>\n<p>        Z+ (abopflichtiger Inhalt);<\/p>\n<p>    Mutma\u00dfliche Amokfahrt in Leipzig:<br \/>\n                        \u00bbWie verwundbar wir sind\u00ab<\/p>\n<p>                <\/a><\/p>\n<p>                <a href=\"https:\/\/www.zeit.de\/gesellschaft\/zeitgeschehen\/2026-05\/amokfahrt-leipzig-innenstadt-octabloecke-sicherheitskonzept\" data-ct-label=\"Sicherheitskonzept: Stadt Leipzig stellt nach mutma\u00dflicher Amokfahrt neue Poller auf\" data-uuid=\"8b1f439a-835c-40f3-bd49-7764006f086b\" rel=\"nofollow noopener\" target=\"_blank\"><\/p>\n<p>                        Sicherheitskonzept:<br \/>\n                        Stadt Leipzig stellt nach mutma\u00dflicher Amokfahrt neue Poller auf<\/p>\n<p>                <\/a><\/p>\n","protected":false},"excerpt":{"rendered":"Knapp vier Monate nach der t\u00f6dlichen Amokfahrt in der Leipziger Innenstadt\u00a0hat die Staatsanwaltschaft Anklage gegen einen 33-J\u00e4hrigen erhoben.&hellip;\n","protected":false},"author":2,"featured_media":1265946,"comment_status":"","ping_status":"","sticky":false,"template":"","format":"standard","meta":{"footnotes":"","_share_on_mastodon":"0"},"categories":[1832],"tags":[216525,3364,29,587,3185,30,1724,71,11202,859],"class_list":["post-1265945","post","type-post","status-publish","format-standard","has-post-thumbnail","category-leipzig","tag-amokfahrt-in-leipzig","tag-de","tag-deutschland","tag-ermittlung","tag-gerichtsverfahren","tag-germany","tag-gesellschaft","tag-leipzig","tag-psychiatrie","tag-sachsen"],"share_on_mastodon":{"url":"https:\/\/pubeurope.com\/@de\/117172820270899337","error":""},"_links":{"self":[{"href":"https:\/\/www.europesays.com\/de\/wp-json\/wp\/v2\/posts\/1265945","targetHints":{"allow":["GET"]}}],"collection":[{"href":"https:\/\/www.europesays.com\/de\/wp-json\/wp\/v2\/posts"}],"about":[{"href":"https:\/\/www.europesays.com\/de\/wp-json\/wp\/v2\/types\/post"}],"author":[{"embeddable":true,"href":"https:\/\/www.europesays.com\/de\/wp-json\/wp\/v2\/users\/2"}],"replies":[{"embeddable":true,"href":"https:\/\/www.europesays.com\/de\/wp-json\/wp\/v2\/comments?post=1265945"}],"version-history":[{"count":0,"href":"https:\/\/www.europesays.com\/de\/wp-json\/wp\/v2\/posts\/1265945\/revisions"}],"wp:featuredmedia":[{"embeddable":true,"href":"https:\/\/www.europesays.com\/de\/wp-json\/wp\/v2\/media\/1265946"}],"wp:attachment":[{"href":"https:\/\/www.europesays.com\/de\/wp-json\/wp\/v2\/media?parent=1265945"}],"wp:term":[{"taxonomy":"category","embeddable":true,"href":"https:\/\/www.europesays.com\/de\/wp-json\/wp\/v2\/categories?post=1265945"},{"taxonomy":"post_tag","embeddable":true,"href":"https:\/\/www.europesays.com\/de\/wp-json\/wp\/v2\/tags?post=1265945"}],"curies":[{"name":"wp","href":"https:\/\/api.w.org\/{rel}","templated":true}]}}