{"id":1265948,"date":"2026-08-28T11:09:18","date_gmt":"2026-08-28T11:09:18","guid":{"rendered":"https:\/\/www.europesays.com\/de\/1265948\/"},"modified":"2026-08-28T11:09:18","modified_gmt":"2026-08-28T11:09:18","slug":"fortuna-duesseldorf-f95-profi-gibt-mit-mit-zusatzeinheiten-alles","status":"publish","type":"post","link":"https:\/\/www.europesays.com\/de\/1265948\/","title":{"rendered":"Fortuna D\u00fcsseldorf: F95-Profi gibt mit mit Zusatzeinheiten alles"},"content":{"rendered":"<p class=\"text_ohne_einzug richtext text-em-55 !leading-serif mx-6 desktop:mx-0\">F\u00fcr Trainer Alexander Ende und Fortuna gilt im Gro\u00dfen und Ganzen ohnehin: In den kommenden Wochen m\u00fcssen aus einigen guten Ans\u00e4tzen, die in den ersten drei Pflichtspielen zu sehen waren, bessere Gesamtleistungen \u00fcber gro\u00dfe Strecken der Partien werden. Nur so gelingt es, die Wahrscheinlichkeit, schnell Siege einzufahren, zu erh\u00f6hen. Allerdings sind die D\u00fcsseldorfer nach dem Abstieg auch mit einigen Baustellen in die Saison gegangen \u2013 das betrifft nicht zuletzt die Situation bei einigen Spielern, die im Laufe des Sommers zu Fortuna gewechselt sind. Gerade bei einer Personalie, die nach wie vor mit Fragezeichen behaftet ist, gibt es aber Schritte in die richtige Richtung.<\/p>\n","protected":false},"excerpt":{"rendered":"F\u00fcr Trainer Alexander Ende und Fortuna gilt im Gro\u00dfen und Ganzen ohnehin: In den kommenden Wochen m\u00fcssen aus&hellip;\n","protected":false},"author":2,"featured_media":1265949,"comment_status":"","ping_status":"","sticky":false,"template":"","format":"standard","meta":{"footnotes":"","_share_on_mastodon":"0"},"categories":[1831],"tags":[3364,29,3405,247,261527,261528,6223,174834,30,18094,1209,18772,261526,28138,1441,248691],"class_list":["post-1265948","post","type-post","status-publish","format-standard","has-post-thumbnail","category-duesseldorf","tag-de","tag-deutschland","tag-duesseldorf","tag-fitness","tag-fitnessdefizit","tag-fitnessrueckstaende","tag-fortuna","tag-fragezeichen","tag-germany","tag-laeufe","tag-nordrhein-westfalen","tag-partie","tag-philipp-ernst-foerster","tag-positiv","tag-stuttgart","tag-weiterhelfen"],"share_on_mastodon":{"url":"https:\/\/pubeurope.com\/@de\/117172828081773185","error":""},"_links":{"self":[{"href":"https:\/\/www.europesays.com\/de\/wp-json\/wp\/v2\/posts\/1265948","targetHints":{"allow":["GET"]}}],"collection":[{"href":"https:\/\/www.europesays.com\/de\/wp-json\/wp\/v2\/posts"}],"about":[{"href":"https:\/\/www.europesays.com\/de\/wp-json\/wp\/v2\/types\/post"}],"author":[{"embeddable":true,"href":"https:\/\/www.europesays.com\/de\/wp-json\/wp\/v2\/users\/2"}],"replies":[{"embeddable":true,"href":"https:\/\/www.europesays.com\/de\/wp-json\/wp\/v2\/comments?post=1265948"}],"version-history":[{"count":0,"href":"https:\/\/www.europesays.com\/de\/wp-json\/wp\/v2\/posts\/1265948\/revisions"}],"wp:featuredmedia":[{"embeddable":true,"href":"https:\/\/www.europesays.com\/de\/wp-json\/wp\/v2\/media\/1265949"}],"wp:attachment":[{"href":"https:\/\/www.europesays.com\/de\/wp-json\/wp\/v2\/media?parent=1265948"}],"wp:term":[{"taxonomy":"category","embeddable":true,"href":"https:\/\/www.europesays.com\/de\/wp-json\/wp\/v2\/categories?post=1265948"},{"taxonomy":"post_tag","embeddable":true,"href":"https:\/\/www.europesays.com\/de\/wp-json\/wp\/v2\/tags?post=1265948"}],"curies":[{"name":"wp","href":"https:\/\/api.w.org\/{rel}","templated":true}]}}