{"id":1265980,"date":"2026-08-28T11:26:19","date_gmt":"2026-08-28T11:26:19","guid":{"rendered":"https:\/\/www.europesays.com\/de\/1265980\/"},"modified":"2026-08-28T11:26:19","modified_gmt":"2026-08-28T11:26:19","slug":"trauer-in-gosen-neu-zittau-gewalttat-an-schule-bei-berlin-polizei-teilt-erkenntnisse-zu-opfern","status":"publish","type":"post","link":"https:\/\/www.europesays.com\/de\/1265980\/","title":{"rendered":"Trauer in Gosen-Neu Zittau: Gewalttat an Schule bei Berlin &#8211; Polizei teilt Erkenntnisse zu Opfern"},"content":{"rendered":"<p>Trauer in Gosen-Neu ZittauGewalttat an Schule bei Berlin &#8211; Polizei teilt Erkenntnisse zu Opfern<\/p>\n<p>28.08.2026, 12:23 Uhr <\/p>\n<p>Artikel anh\u00f6ren(03:23 min)<\/p>\n<p><img decoding=\"async\" class=\"Image_img__fQCi0 Image_Img_16_9__4BLfH widget-picture-inline_maximizable__t_E7h\" loading=\"eager\" fetchpriority=\"high\" src=\"https:\/\/www.europesays.com\/de\/wp-content\/uploads\/2026\/08\/1787916379_98_image.webp\" alt=\"image\"\/>Vor der Schule wurden Kerzen und Blumen niedergelegt. <\/p>\n<p class=\"Typography_text-m__XI0da Typography_weight-bold__uT6mq storyline_lead_text_leadtext__q_wg8\">An einer Schule im brandenburgischen Gosen-Neu Zittau t\u00f6tet ein Angreifer eine junge Frau und einen Mann. Ein 19-J\u00e4hriger wird festgenommen &#8211; nun nennen die Ermittler Details zur Identit\u00e4t der Opfer. Doch auch einen Tag nach der Tat bleiben viele Fragen offen.<\/p>\n<p class=\"Typography_text-default__P3otY Typography_weight-normal__pqUbH storyline_paragraph_p__qSR5N\">Nach dem t\u00f6dlichen Angriff an einer Schule nahe Berlin hat die Polizei weitere Angaben zu den beiden Toten gemacht. Eines der Opfer soll demnach ein 30 Jahre alter Kita-Erzieher gewesen sein. Die Kita ist auf demselben Gel\u00e4nde wie eine Grund- und eine Oberschule. Zuvor war davon ausgegangen worden, dass es sich bei dem get\u00f6teten 30-J\u00e4hrigen um den Hausmeister handelte. Die Polizei hatte das nicht best\u00e4tigt. Die &#8222;M\u00e4rkische Allgemeine&#8220; berichtet dar\u00fcber hinaus, dass der Mann get\u00f6tet worden sei, als er den T\u00e4ter aufhalten wollte &#8211; auch hierzu liegt noch keine offizielle Best\u00e4tigung der Beh\u00f6rden vor.<\/p>\n<p class=\"Typography_text-default__P3otY Typography_weight-normal__pqUbH storyline_paragraph_p__qSR5N\">Bei dem weiblichen Opfer soll es sich laut Polizei um eine 18-J\u00e4hrige handeln. Medienberichten zufolge ist sie die Ex-Freundin des Tatverd\u00e4chtigen. Der RBB schrieb, sie sei eine Sch\u00fclerin &#8211; die Polizei \u00e4u\u00dferte sich dazu bislang nicht.<\/p>\n<p class=\"Typography_text-default__P3otY Typography_weight-normal__pqUbH storyline_paragraph_p__qSR5N\">Die 18-J\u00e4hrige und der 30-J\u00e4hrige waren am Donnerstag in Gosen-Neu Zittau im Landkreis Oder-Spree get\u00f6tet worden. Ein 19 Jahre alter Deutscher gilt als Tatverd\u00e4chtiger, er wurde vorl\u00e4ufig festgenommen und ist in Polizeigewahrsam. Die Polizei sprach von einer Beziehungstat &#8211; Landtagspr\u00e4sidentin Ulrike Liedtke bezeichnete die Tat als &#8222;feigen Femizid, der in unserer Gesellschaft keinen Platz haben darf&#8220;. Wenn Frauen aufgrund ihres Geschlechts get\u00f6tet werden &#8211; also weil sie Frauen sind &#8211; spricht man von Femiziden. Als h\u00e4ufigste Form gilt die T\u00f6tung von Frauen durch Partner oder Ex-Partner.<\/p>\n<p class=\"Typography_text-default__P3otY Typography_weight-normal__pqUbH storyline_paragraph_p__qSR5N\">Zum Ablauf der Tat, zum Motiv sowie zur Tatwaffe machten die Ermittlungsbeh\u00f6rden bisher keine Angaben. In einem Schreiben rief die Polizei dazu auf, sich bei Hinweisen zur Tat bei ihr zu melden.<\/p>\n<p>Notfallteam vor Ort<\/p>\n<p class=\"Typography_text-default__P3otY Typography_weight-normal__pqUbH storyline_paragraph_p__qSR5N\">Derzeit ist ein Notfallteam des Schulamts auf dem Campus im Einsatz. Schulpsychologische Fachkr\u00e4fte sollen Sch\u00fclerinnen und Sch\u00fclern sowie Lehrkr\u00e4ften der Schule unterst\u00fctzend zur Seite stehen, erkl\u00e4rte das Bildungsministerium in Brandenburg. Auch die Notfallseelsorge ist vor Ort.<\/p>\n<p class=\"Typography_text-default__P3otY Typography_weight-normal__pqUbH storyline_paragraph_p__qSR5N\">Bereits am Donnerstag waren acht bis neun Vertreter an der Schule in Ostbrandenburg und sprachen mit Betroffenen. &#8222;Wir versuchen, ein Schutzraum zu sein&#8220;, sagte Stefan Baier von der Notfallseelsorge Brandenburg im &#8222;RBB-Spezial&#8220;.<\/p>\n<p class=\"Typography_text-default__P3otY Typography_weight-normal__pqUbH storyline_paragraph_p__qSR5N\">Neben der Privatschule auf dem Docemus-Campus befindet sich auf demselben Gel\u00e4nde auch eine \u00f6ffentliche Grundschule. Das Schulamt habe dem privaten Tr\u00e4ger sofort Unterst\u00fctzung angeboten, hie\u00df es aus dem Ministerium. Der Unterricht in der Grundschule f\u00e4nde am Freitag nicht regul\u00e4r statt, die Kinder w\u00fcrden psychologisch betreut.<\/p>\n<p class=\"Typography_text-s__wu_cm Typography_weight-normal__pqUbH Typography_color-darkgrey__sZEnP article-detail-footer_source__KslPc\">Quelle: ntv.de, nbr\/dpa<\/p>\n","protected":false},"excerpt":{"rendered":"Trauer in Gosen-Neu ZittauGewalttat an Schule bei Berlin &#8211; Polizei teilt Erkenntnisse zu Opfern 28.08.2026, 12:23 Uhr Artikel&hellip;\n","protected":false},"author":2,"featured_media":1265981,"comment_status":"","ping_status":"","sticky":false,"template":"","format":"standard","meta":{"footnotes":"","_share_on_mastodon":"0"},"categories":[1825],"tags":[296,1890,29,6063,30,984,121,966],"class_list":["post-1265980","post","type-post","status-publish","format-standard","has-post-thumbnail","category-berlin","tag-berlin","tag-brandenburg","tag-deutschland","tag-femizid","tag-germany","tag-international","tag-polizei","tag-schule"],"share_on_mastodon":{"url":"https:\/\/pubeurope.com\/@de\/117172896854052899","error":""},"_links":{"self":[{"href":"https:\/\/www.europesays.com\/de\/wp-json\/wp\/v2\/posts\/1265980","targetHints":{"allow":["GET"]}}],"collection":[{"href":"https:\/\/www.europesays.com\/de\/wp-json\/wp\/v2\/posts"}],"about":[{"href":"https:\/\/www.europesays.com\/de\/wp-json\/wp\/v2\/types\/post"}],"author":[{"embeddable":true,"href":"https:\/\/www.europesays.com\/de\/wp-json\/wp\/v2\/users\/2"}],"replies":[{"embeddable":true,"href":"https:\/\/www.europesays.com\/de\/wp-json\/wp\/v2\/comments?post=1265980"}],"version-history":[{"count":0,"href":"https:\/\/www.europesays.com\/de\/wp-json\/wp\/v2\/posts\/1265980\/revisions"}],"wp:featuredmedia":[{"embeddable":true,"href":"https:\/\/www.europesays.com\/de\/wp-json\/wp\/v2\/media\/1265981"}],"wp:attachment":[{"href":"https:\/\/www.europesays.com\/de\/wp-json\/wp\/v2\/media?parent=1265980"}],"wp:term":[{"taxonomy":"category","embeddable":true,"href":"https:\/\/www.europesays.com\/de\/wp-json\/wp\/v2\/categories?post=1265980"},{"taxonomy":"post_tag","embeddable":true,"href":"https:\/\/www.europesays.com\/de\/wp-json\/wp\/v2\/tags?post=1265980"}],"curies":[{"name":"wp","href":"https:\/\/api.w.org\/{rel}","templated":true}]}}