{"id":1266001,"date":"2026-08-28T11:44:20","date_gmt":"2026-08-28T11:44:20","guid":{"rendered":"https:\/\/www.europesays.com\/de\/1266001\/"},"modified":"2026-08-28T11:44:20","modified_gmt":"2026-08-28T11:44:20","slug":"ceuta-demonstranten-legen-feuer-polizei-reagiert-mit-traenengas-und-gummigeschossen","status":"publish","type":"post","link":"https:\/\/www.europesays.com\/de\/1266001\/","title":{"rendered":"Ceuta: Demonstranten legen Feuer \u2013 Polizei reagiert mit Tr\u00e4nengas und Gummigeschossen"},"content":{"rendered":"<p>Es sind verst\u00f6rende Bilder: Zuerst versuchen Demonstranten in Ceuta, Hilfsg\u00fctertransporte in ein Migrantenlager zu stoppen, dann legen sie ein Feuer. Die Polizei muss einschreiten. Doch die Wut der Anwohner w\u00e4chst weiter.<\/p>\n<p class=\"c-inline-alert__description\">Klicken Sie hier, um sich Artikel von WELT in der Google-Suche bevorzugt anzeigen zu lassen.<\/p>\n<p class=\"is-first-paragraph\" data-external=\"Article.FirstParagraph\">Die Situation zwischen Migranten, Einheimischen, Polizei und Milit\u00e4r in Ceuta spitzt sich weiter zu: Demonstranten haben in einem Lager von Migranten in der spanischen Nordafrika-Exklave Feuer gelegt und die sofortige R\u00fcckf\u00fchrung der Menschen nach Marokko gefordert. Am Strand Ben\u00edtez, wo Migranten seit Wochen campieren, waren <a class=\"is-link c-block-items__link is-external c-link--rich-text-renderer\" href=\"https:\/\/www.rtve.es\/noticias\/20260827\/crisis-ceuta-directo-ultima-hora-congreso-hoy-resumen\/17203179.shtml\" target=\"_blank\" title=\"Link wird in einem neuen Tab ge\u00f6ffnet\" rel=\"nofollow noopener\" data-internal-tracking-enabled=\"true\" data-internal-tracking=\"{&quot;action&quot;:&quot;click&quot;,&quot;label&quot;:&quot;link&quot;,&quot;name&quot;:&quot;Inline Element&quot;,&quot;data&quot;:{&quot;source&quot;:&quot;&quot;,&quot;target&quot;:&quot;https:\/\/www.rtve.es\/noticias\/20260827\/crisis-ceuta-directo-ultima-hora-congreso-hoy-resumen\/17203179.shtml&quot;,&quot;trackingName&quot;:&quot;&quot;,&quot;trackingLabel&quot;:&quot;&quot;}}\">in Fernsehbildern<\/a> Personen zu sehen, die immer wieder Gegenst\u00e4nde ins Feuer warfen.<\/p>\n<p>Polizisten trennten die Demonstranten von den Migranten, die sich auf eine Mole zur\u00fcckgezogen hatten. Aufnahmen des spanischen Fernsehens zeigten zudem, wie Polizisten am Strand gegen Protestierende vorgingen, die zu einem Schlafplatz der Fl\u00fcchtlinge vorgedrungen waren. Bei den Zusammenst\u00f6\u00dfen wurden auch Habseligkeiten der Migranten in Brand gesetzt.<\/p>\n<p>Zuvor hatten Demonstranten bereits versucht, Fahrzeuge des Roten Kreuzes mit Lebensmitteln und Wasser f\u00fcr die Migranten zu stoppen. Dutzende B\u00fcrger hatten Helfer mit einer Sitzblockade zuvor daran gehindert, zu den Fl\u00fcchtlingen vorzudringen, um Lebensmittel an sie zu verteilen. <\/p>\n<p>Viele Protestierende schwenkten spanische Flaggen und skandierten \u201eSie sollen gehen!\u201c und \u201eRaus mit dem Roten Kreuz!\u201c. Am Mittwochabend hatte die Polizei w\u00fctende B\u00fcrger und Migranten mit Tr\u00e4nengas auseinandergetrieben. Videoaufnahmen zeigen zudem offenbar, wie die spanische Polizei <a class=\"is-link c-block-items__link is-external c-link--rich-text-renderer\" href=\"https:\/\/x.com\/visegrad24\/status\/2092743838708203669\" target=\"_blank\" title=\"Link wird in einem neuen Tab ge\u00f6ffnet\" rel=\"nofollow noopener\" data-internal-tracking-enabled=\"true\" data-internal-tracking=\"{&quot;action&quot;:&quot;click&quot;,&quot;label&quot;:&quot;link&quot;,&quot;name&quot;:&quot;Inline Element&quot;,&quot;data&quot;:{&quot;source&quot;:&quot;&quot;,&quot;target&quot;:&quot;https:\/\/x.com\/visegrad24\/status\/2092743838708203669&quot;,&quot;trackingName&quot;:&quot;&quot;,&quot;trackingLabel&quot;:&quot;&quot;}}\">mit Gummigeschossen gegen die Demonstranten vorgeht<\/a>.<\/p>\n<p>Fl\u00fcchtlinge haben unterdessen am Donnerstag ein spanisches Milit\u00e4rfahrzeug mit Steinen und anderen Gegenst\u00e4nden beworfen. Ein Soldat wurde dabei leicht verletzt. Die Polizei nahm daraufhin zw\u00f6lf Menschen fest, die alle marokkanische Staatsb\u00fcrger waren.<\/p>\n<p>Die Wut der B\u00fcrger scheint unterdessen nur weiter zu wachsen. Ende Juli waren bei einem Massenandrang bis zu 80.000 Migranten von Marokko aus nach Ceuta gekommen, viele schwimmend. Mindestens 96 von ihnen kamen dabei nach offiziellen Angaben ums Leben. Die meisten der Migranten kehrten kurz darauf zur\u00fcck, aber mehrere Tausend harren weiter in der Exklave aus. Am Strand, in den Stra\u00dfen von Ceuta und in den umliegenden H\u00fcgeln kommt es seitdem zu Verm\u00fcllung und teilweise b\u00fcrgerkriegs\u00e4hnlichen Zust\u00e4nden.<\/p>\n<p>Die B\u00fcrger in Ceuta f\u00fchlten sich \u201eim Stich gelassen\u201c, sagte die in der Exklave f\u00fcr Finanzen zust\u00e4ndige Kissy Chandiramani dem Sender SER zu den Demonstrationen. Die Menschen h\u00e4tten zwar ein Recht auf Protest, Hass werde die Krise aber auch nicht l\u00f6sen, f\u00fcgte sie hinzu. Viele B\u00fcrger machen die Fl\u00fcchtlinge f\u00fcr Sicherheits- und Hygieneprobleme verantwortlich.<\/p>\n<p>Die konservative spanische Opposition fordert, die Menschen zur\u00fcckzuschicken. Internationale Vertr\u00e4ge und spanische Gerichtsurteile untersagen aber Kollektivabschiebungen und schreiben eine Einzelfallpr\u00fcfung vor. Besonderen Schutz genie\u00dfen unbegleitete Minderj\u00e4hrige. Es soll sich um etwa 1500 Kinder und Jugendliche handeln. 500 besonders gef\u00e4hrdete von ihnen, vor allem M\u00e4dchen, sollen auf das spanische Festland gebracht werden.<\/p>\n<p>Die linke spanische Regierung von Ministerpr\u00e4sident Pedro S\u00e1nchez steht wegen der Krise unter starkem Druck. Die Opposition wirft ihr Versagen vor und dass sie die Bewohner Ceutas im Stich l\u00e4sst. Zudem gibt es aus der Regierung widerspr\u00fcchliche Angaben, ob es eine Warnung vor dem Massenandrang gab.<\/p>\n<p>W\u00e4hrend Verteidigungsministerin Margarita Robles betonte, der ihrem Ministerium unterstehende Geheimdienst CNI habe die Beh\u00f6rden einen Tag vor dem Massenandrang gewarnt, betonten Innenminister Fernando Grande-Marlaska und andere Regierungsmitglieder, es habe keine Warnung vor einem Andrang dieses Ausma\u00dfes gegeben. Am 3. September will sich S\u00e1nchez im Parlament zu der Krise erkl\u00e4ren.<\/p>\n<p>dpa\/rct\/saha<\/p>\n","protected":false},"excerpt":{"rendered":"Es sind verst\u00f6rende Bilder: Zuerst versuchen Demonstranten in Ceuta, Hilfsg\u00fctertransporte in ein Migrantenlager zu stoppen, dann legen sie&hellip;\n","protected":false},"author":2,"featured_media":1266002,"comment_status":"","ping_status":"","sticky":false,"template":"","format":"standard","meta":{"footnotes":"","_share_on_mastodon":"0"},"categories":[3],"tags":[251068,13,3876,48612,14,15,250153,110,12,4026,45,10,8,9,11,103,104],"class_list":["post-1266001","post","type-post","status-publish","format-standard","has-post-thumbnail","category-welt","tag-ceuta-und-melilla-exklaven","tag-headlines","tag-marokko","tag-migration-ks","tag-nachrichten","tag-news","tag-newsos-import-welt","tag-newsteam","tag-schlagzeilen","tag-spanien","tag-texttospeech","tag-top-news","tag-top-meldungen","tag-topmeldungen","tag-topnews","tag-welt","tag-world"],"share_on_mastodon":{"url":"https:\/\/pubeurope.com\/@de\/117172965631698232","error":""},"_links":{"self":[{"href":"https:\/\/www.europesays.com\/de\/wp-json\/wp\/v2\/posts\/1266001","targetHints":{"allow":["GET"]}}],"collection":[{"href":"https:\/\/www.europesays.com\/de\/wp-json\/wp\/v2\/posts"}],"about":[{"href":"https:\/\/www.europesays.com\/de\/wp-json\/wp\/v2\/types\/post"}],"author":[{"embeddable":true,"href":"https:\/\/www.europesays.com\/de\/wp-json\/wp\/v2\/users\/2"}],"replies":[{"embeddable":true,"href":"https:\/\/www.europesays.com\/de\/wp-json\/wp\/v2\/comments?post=1266001"}],"version-history":[{"count":0,"href":"https:\/\/www.europesays.com\/de\/wp-json\/wp\/v2\/posts\/1266001\/revisions"}],"wp:featuredmedia":[{"embeddable":true,"href":"https:\/\/www.europesays.com\/de\/wp-json\/wp\/v2\/media\/1266002"}],"wp:attachment":[{"href":"https:\/\/www.europesays.com\/de\/wp-json\/wp\/v2\/media?parent=1266001"}],"wp:term":[{"taxonomy":"category","embeddable":true,"href":"https:\/\/www.europesays.com\/de\/wp-json\/wp\/v2\/categories?post=1266001"},{"taxonomy":"post_tag","embeddable":true,"href":"https:\/\/www.europesays.com\/de\/wp-json\/wp\/v2\/tags?post=1266001"}],"curies":[{"name":"wp","href":"https:\/\/api.w.org\/{rel}","templated":true}]}}