{"id":1266008,"date":"2026-08-28T11:49:23","date_gmt":"2026-08-28T11:49:23","guid":{"rendered":"https:\/\/www.europesays.com\/de\/1266008\/"},"modified":"2026-08-28T11:49:23","modified_gmt":"2026-08-28T11:49:23","slug":"csd-und-alemannia-spiel-in-aachen-polizei-warnt-vor-verkehrschaos","status":"publish","type":"post","link":"https:\/\/www.europesays.com\/de\/1266008\/","title":{"rendered":"CSD und Alemannia-Spiel in Aachen: Polizei warnt vor Verkehrschaos"},"content":{"rendered":"<p>Veranstaltungen am Samstag <\/p>\n<p>CSD und Alemannia-Spiel: Polizei warnt vor Verkehrschaos<\/p>\n<p>28.08.2026 &#8211; 13:40 UhrLesedauer: 1 Min.<\/p>\n<p><a href=\"#focus-0\" class=\"transition-colors block text-current relative\" data-sctrack=\"FocusGalleryImage.Reference\"><img fetchpriority=\"high\" data-testid=\"Opener.Image\"   loading=\"eager\" src=\"https:\/\/www.europesays.com\/de\/wp-content\/uploads\/2026\/08\/1787917762_793_image.jpg\" alt=\"imago images 1075540515\" title=\"imago images 1075540515\" width=\"5000\" height=\"2812\" class=\"bg-[url:var(--lqipURL)] bg-cover bg-center flex h-full w-full max-w-full\" style=\"--lqipURL:url('https:\/\/images.t-online.de\/2026\/08\/AJTJMbKkrZ7a\/0x260:5000x2812\/fit-in\/150x0\/filters:blur(25)\/image.jpg')\" decoding=\"async\"\/><img loading=\"lazy\" src=\"https:\/\/aachen.t-online.de\/s\/paper\/_next\/static\/media\/zoom-in.f7dae02f.svg\" alt=\"Vergr\u00f6\u00dfern des Bildes\" title=\"Vergr\u00f6\u00dfern des Bildes\" class=\"block h-[calc(var(--height)_\/_16_*_1rem)] w-[calc(var(--width)_\/_16_*_1rem)] max-w-none absolute right-8 bottom-8 rounded-4 bg-snow p-8\" style=\"--width:32;--height:32\" decoding=\"async\"\/><\/a><\/p>\n<p>Polizeiauto vor dem Tivoli (Archivbild): Die Alemannia spielt zur gleichen Zeit des CSD. (Quelle: IMAGO\/Ralf Brueck)<\/p>\n<p><img loading=\"lazy\" src=\"https:\/\/aachen.t-online.de\/s\/paper\/_next\/static\/media\/audio-volume.6689034c.svg\" alt=\"\" title=\"\" class=\"block h-[calc(var(--height)_\/_16_*_1rem)] w-[calc(var(--width)_\/_16_*_1rem)] max-w-none group-hover:brightness-0 group-hover:invert\" style=\"--width:16;--height:16\" decoding=\"async\"\/>Vorlesen<\/p>\n<p>Aktuelle Zeit:0:00Gesamtdauer:0:00<\/p>\n<p>1x<img loading=\"lazy\" src=\"https:\/\/aachen.t-online.de\/s\/paper\/_next\/static\/media\/font-sizes.32942e33.svg\" alt=\"\" title=\"\" class=\"block h-[calc(var(--height)_\/_16_*_1rem)] w-[calc(var(--width)_\/_16_*_1rem)] max-w-none group-hover:hidden group-aria-expanded:hidden\" style=\"--width:16;--height:16\" decoding=\"async\"\/><img loading=\"lazy\" src=\"https:\/\/aachen.t-online.de\/s\/paper\/_next\/static\/media\/font-sizes-dark-mode.e382645c.svg\" alt=\"\" title=\"\" class=\"block h-[calc(var(--height)_\/_16_*_1rem)] w-[calc(var(--width)_\/_16_*_1rem)] max-w-none hidden group-hover:block group-aria-expanded:block\" style=\"--width:16;--height:16\" decoding=\"async\"\/><img loading=\"lazy\" src=\"https:\/\/aachen.t-online.de\/s\/paper\/_next\/static\/media\/sharing-menu-icon.1eb71368.svg\" alt=\"\" title=\"\" class=\"block h-[calc(var(--height)_\/_16_*_1rem)] w-[calc(var(--width)_\/_16_*_1rem)] max-w-none group-hover:brightness-0 group-hover:invert\" style=\"--width:16;--height:16\" decoding=\"async\"\/>Artikel teilen<\/p>\n<p class=\"font-bold text-18 leading-17 user-text-lg:text-22 user-text-xl:text-24\">Zwei Gro\u00dfveranstaltungen ziehen am Samstag viele Menschen in die Innenstadt. Die Polizei gibt Empfehlungen.<\/p>\n<p class=\"text-18 leading-17 user-text-lg:text-22 user-text-xl:text-24\">Die Polizei warnt vor Verkehrsbehinderungen am Samstag in der Aachener Innenstadt. Zwei Gro\u00dfveranstaltungen fallen zeitlich zusammen.<\/p>\n<p class=\"text-18 leading-17 user-text-lg:text-22 user-text-xl:text-24\"><a href=\"https:\/\/aachen.t-online.de\/region\/aachen\/id_101407678\/csd-in-aachen-alle-infos-zum-queeren-fest-und-zur-sicherheit-am-wochenende.html\" class=\"transition-colors cursor-pointer no-underline md:hover:text-magenta md:focus:text-magenta border-b border-solid border-current text-salemsfur md:hover:border-magenta\" data-tracking=\"{&quot;action&quot;:&quot;click&quot;,&quot;category&quot;:&quot;intextLink&quot;,&quot;label&quot;:&quot;\/region\/aachen\/id_101407678\/csd-in-aachen-alle-infos-zum-queeren-fest-und-zur-sicherheit-am-wochenende.html&quot;}\" data-sctrack=\"BodyAnchor\" rel=\"nofollow noopener\" target=\"_blank\">Ab 13.30 Uhr zieht der Demonstrationszug zum Christopher Street Day (CSD) mit mehreren Tausend Menschen vom Hauptbahnhof aus durch die Innenstadt.<\/a> Die Route der Demo \u00fcber die Franzstra\u00dfe, Alexianergraben, L\u00f6hergraben, Karlsgraben, Templergraben und Seilgraben auf die Gro\u00dfk\u00f6lnstra\u00dfe und den Markt zum Katschhof wird vollst\u00e4ndig gesperrt. Anschlie\u00dfend finden auf dem Markt und dem Katschhof Veranstaltungen und Konzerte statt. Diese dauern bis in die Abendstunden.<\/p>\n<p>Heimspiel der Alemannia: Viele Besucher erwartet<\/p>\n<p class=\"text-18 leading-17 user-text-lg:text-22 user-text-xl:text-24\"><a href=\"https:\/\/aachen.t-online.de\/region\/aachen\/id_101409734\/alemannia-aachen-mehrere-abwehrspieler-drohen-auszufallen.html\" class=\"transition-colors cursor-pointer no-underline md:hover:text-magenta md:focus:text-magenta border-b border-solid border-current text-salemsfur md:hover:border-magenta\" data-tracking=\"{&quot;action&quot;:&quot;click&quot;,&quot;category&quot;:&quot;intextLink&quot;,&quot;label&quot;:&quot;\/region\/aachen\/id_101409734\/alemannia-aachen-mehrere-abwehrspieler-drohen-auszufallen.html&quot;}\" data-sctrack=\"BodyAnchor\" rel=\"nofollow noopener\" target=\"_blank\">Parallel empf\u00e4ngt die Alemannia ab 14 Uhr den SV Meppen zum Heimspiel auf dem Tivoli.<\/a> Rund um die An- und Abreise der Fu\u00dfballfans ist nach Angaben der Polizei mit erh\u00f6htem Verkehrsaufkommen in der Innenstadt und am Tivoli zu rechnen. Zeitweise Sperrungen seien m\u00f6glich.<\/p>\n<p class=\"text-18 leading-17 user-text-lg:text-22 user-text-xl:text-24\">Die Polizei Aachen bittet Verkehrsteilnehmer, mehr Zeit einzuplanen und die Innenstadt weitr\u00e4umig zu umfahren. Einsatzkr\u00e4fte beobachten die Verkehrslage fortlaufend. Bei Bedarf w\u00fcrden Verkehrsma\u00dfnahmen getroffen.<\/p>\n","protected":false},"excerpt":{"rendered":"Veranstaltungen am Samstag CSD und Alemannia-Spiel: Polizei warnt vor Verkehrschaos 28.08.2026 &#8211; 13:40 UhrLesedauer: 1 Min. Polizeiauto vor&hellip;\n","protected":false},"author":2,"featured_media":1266009,"comment_status":"","ping_status":"","sticky":false,"template":"","format":"standard","meta":{"footnotes":"","_share_on_mastodon":"0"},"categories":[1853],"tags":[722,17161,72885,1424,999,30485,3364,29,548,663,3934,30,8024,13,2065,14,15,1209,121,15580,12,20315,11864],"class_list":["post-1266008","post","type-post","status-publish","format-standard","has-post-thumbnail","category-aachen","tag-722","tag-17161","tag-72885","tag-aachen","tag-alemannia-aachen","tag-christopher-street-day","tag-de","tag-deutschland","tag-eu","tag-europa","tag-europe","tag-germany","tag-grossveranstaltung","tag-headlines","tag-innenstadt","tag-nachrichten","tag-news","tag-nordrhein-westfalen","tag-polizei","tag-polizeiauto","tag-schlagzeilen","tag-tivoli","tag-verkehrschaos"],"share_on_mastodon":{"url":"https:\/\/pubeurope.com\/@de\/117172990297383187","error":""},"_links":{"self":[{"href":"https:\/\/www.europesays.com\/de\/wp-json\/wp\/v2\/posts\/1266008","targetHints":{"allow":["GET"]}}],"collection":[{"href":"https:\/\/www.europesays.com\/de\/wp-json\/wp\/v2\/posts"}],"about":[{"href":"https:\/\/www.europesays.com\/de\/wp-json\/wp\/v2\/types\/post"}],"author":[{"embeddable":true,"href":"https:\/\/www.europesays.com\/de\/wp-json\/wp\/v2\/users\/2"}],"replies":[{"embeddable":true,"href":"https:\/\/www.europesays.com\/de\/wp-json\/wp\/v2\/comments?post=1266008"}],"version-history":[{"count":0,"href":"https:\/\/www.europesays.com\/de\/wp-json\/wp\/v2\/posts\/1266008\/revisions"}],"wp:featuredmedia":[{"embeddable":true,"href":"https:\/\/www.europesays.com\/de\/wp-json\/wp\/v2\/media\/1266009"}],"wp:attachment":[{"href":"https:\/\/www.europesays.com\/de\/wp-json\/wp\/v2\/media?parent=1266008"}],"wp:term":[{"taxonomy":"category","embeddable":true,"href":"https:\/\/www.europesays.com\/de\/wp-json\/wp\/v2\/categories?post=1266008"},{"taxonomy":"post_tag","embeddable":true,"href":"https:\/\/www.europesays.com\/de\/wp-json\/wp\/v2\/tags?post=1266008"}],"curies":[{"name":"wp","href":"https:\/\/api.w.org\/{rel}","templated":true}]}}