{"id":1266044,"date":"2026-08-28T12:23:29","date_gmt":"2026-08-28T12:23:29","guid":{"rendered":"https:\/\/www.europesays.com\/de\/1266044\/"},"modified":"2026-08-28T12:23:29","modified_gmt":"2026-08-28T12:23:29","slug":"ukraine-news-trump-erwartet-keinen-russischen-angriff-auf-nato-partner","status":"publish","type":"post","link":"https:\/\/www.europesays.com\/de\/1266044\/","title":{"rendered":"Ukraine-News: Trump erwartet keinen russischen Angriff auf Nato-Partner"},"content":{"rendered":"<p>        <img decoding=\"async\" src=\"https:\/\/www.europesays.com\/de\/wp-content\/uploads\/2026\/08\/trump-5244.webp\" alt=\"US-Pr\u00e4sident Donald Trump trifft mit der Air Force One am Ellington Airport in Houston ein.\" title=\"US-Pr\u00e4sident Donald Trump trifft mit der Air Force One am Ellington Airport in Houston ein. | picture alliance\/dpa\/AP | Mark Schiefelbein\" class=\"responsive\"\/><\/p>\n<p>AUDIO: Trump: Putin wird Nato-Gebiet nicht angreifen (1 Min)<\/p>\n<p class=\"topline\">Ukraine-News<\/p>\n<p class=\"author\">von MDR AKTUELL<\/p>\n<p>\n                Stand: 28.08.2026 14:02 Uhr<\/p>\n<p>        <img decoding=\"async\" src=\"https:\/\/www.europesays.com\/de\/wp-content\/uploads\/2026\/08\/google-handy-100.webp\" alt=\"Ein Handy liegt auf einer Laptoptastatur. Das Display zeigt das Google Logo\" title=\"Ein Handy liegt auf einer Laptoptastatur. Das Display zeigt das Google Logo |  IMAGO \/ SOPA Images\" class=\"responsive\" loading=\"lazy\"\/><\/p>\n<p>Nachrichten personalisieren<\/p>\n<p>\n        14:02 Uhr\n    <\/p>\n<p>    UN melden mehr als 3.000 Angriffe auf Gesundheitseinrichtungen in Ukraine<\/p>\n<p class=\"\">Seit Beginn des russischen Angriffskriegs vor viereinhalb Jahren haben die UN in der Ukraine 3.205 Angriffe auf Krankenh\u00e4user, Ambulanzen und andere Gesundheitseinrichtungen gez\u00e4hlt. Im Juli und August diesen Jahres seien bei Attacken auf Lagerh\u00e4user in Kiew und Dnipro medizinische Vorr\u00e4te f\u00fcr 225.000 Menschen zerst\u00f6rt worden, teilte die Weltgesundheitsorganisation am Freitag in Genf mit. Nach dem humanit\u00e4ren V\u00f6lkerrecht m\u00fcssten Verwundete und Kranke, medizinisches Personal, Gesundheitseinrichtungen und Transportmittel respektiert und gesch\u00fctzt werden. (Quelle: epd)<\/p>\n<p>\n        12:21 Uhr\n    <\/p>\n<p>    Drohne schl\u00e4gt in Supermarkt in Region Moskau ein<\/p>\n<p class=\"\">Eine Drohne ist in einen Supermarkt in der Stadt Pawlowski Possad in der Region Moskau eingeschlagen. Es seien auch Sch\u00e4den an einem nahegelegenen Gesundheitszentrum entstanden, sagte der Gouverneur der Region Moskau, Andrej Worobjow, auf Telegram. Das Gesundheitszentrums bleibe aber ge\u00f6ffnet. (Quelle: Reuters)<\/p>\n<p>\n        12:16 Uhr\n    <\/p>\n<p>    Selenskyj meldet Angriff auf russisches Raketenflugzeug<\/p>\n<p class=\"\">Die Ukraine hat Pr\u00e4sident Wolodymyr Selenskyj zufolge ein russisches Tu-95MS-Raketenflugzeug auf dem St\u00fctzpunkt Engels angegriffen. &#8222;Das sind die Flugzeuge, die Angriffe gegen die Ukraine fliegen&#8220;, erkl\u00e4rte Selenskyj im Nachrichtendienst X. Der Angriff sei von der Alpha-Einheit des ukrainischen Inlandsgeheimdienstes SBU durchgef\u00fchrt worden. (Quelle: Reuters)<\/p>\n<p>\n        10:49 Uhr\n    <\/p>\n<p>    \u00d6lraffinerie in Jaroslawl nach ukrainischem Angriff in Flammen<\/p>\n<p class=\"\"><a name=\"Jaroslawl\">Eine<\/a> \u00d6lraffinerie im russischen Jaroslawl ist nach ukrainischen Angaben Ziel eines Milit\u00e4rangriffs geworden. Dabei sei ein Feuer ausgebrochen, teilte der Generalstab auf Telegram mit. Zuvor hatte der Gouverneur der Region, Michail Jewrajew, erkl\u00e4rt, Tr\u00fcmmerteile einer ukrainischen Drohne h\u00e4tten eine Industrieanlage getroffen. Dabei sei ein Mensch get\u00f6tet und 27 weitere verletzt worden. (Quelle: Reuters)<\/p>\n<p>\n        09:58 Uhr\n    <\/p>\n<p>    Ukraine fordert Einsatz russischer Milliarden f\u00fcr Verteidigung<\/p>\n<p class=\"\">Die Ukraine ist ihrem Au\u00dfenminister Andrij Sybiha zufolge den vier EU-Mitgliedstaaten dankbar f\u00fcr ihre Initiative, die Debatte \u00fcber die Verwendung eingefrorener russischer Verm\u00f6genswerte f\u00fcr die Ukraine wieder aufzunehmen. &#8222;Es ist nur fair und logisch, russische Verm\u00f6genswerte anstelle von Steuergeldern der europ\u00e4ischen B\u00fcrger zu verwenden, um die zus\u00e4tzlichen Kosten f\u00fcr die Verteidigung der Ukraine und des restlichen Europas vor der russischen Bedrohung zu decken&#8220;, erkl\u00e4rt Sybiha auf X. Die vier Staaten, die eine Wiederaufnahme der Debatte vorgeschlagen haben, sind die Niederlande, Polen, Spanien und Schweden. (Quelle: Reuters)<\/p>\n<p>\n        08:14 Uhr\n    <\/p>\n<p>    Ein Toter durch russischen Drohnenangriff in Cherson<\/p>\n<p class=\"\">Durch einen russischen Drohnenangriff auf die s\u00fcdukrainische Stadt Cherson ist nach Beh\u00f6rdenangaben ein Mann get\u00f6tet worden. Drei weitere Menschen seien am Freitagmorgen mit Verletzungen ins Krankenhaus gebracht worden, erkl\u00e4rte der Leiter der Stadtverwaltung, Jaroslaw Schanko. Am Donnerstag hatten die Beh\u00f6rden angesichts der zunehmenden russischen Angriffe auf Cherson <a href=\"https:\/\/www.mdr.de\/nachrichten\/welt\/osteuropa\/politik\/krieg-ukraine-russland-cherson-evakuierung-luftangriffe-infrastruktur-schaeden-,ukraine-news-27-08-2026-100.html\" title=\"Donnerstag: Gouverneur ruft Einwohner von Cherson zur Evakuierung auf\" rel=\"nofollow noopener\" target=\"_blank\">die Einwohner dazu aufgerufen, die Stadt zu verlassen<\/a>. (Quelle: AFP)<\/p>\n<p>        <img decoding=\"async\" src=\"https:\/\/www.europesays.com\/de\/wp-content\/uploads\/2026\/08\/cherson-evakuierung-100.webp\" alt=\"Evakuierung in Cherson\" title=\"Evakuierung in Cherson | IMAGO\/ITAR-TASS\" class=\"responsive\" loading=\"lazy\"\/><\/p>\n<p>Ukraine-News | 27. August<\/p>\n<p>\n        08:01 Uhr\n    <\/p>\n<p>    Russische Angriffe auf Postzentren bei Kiew und Sumy<\/p>\n<p class=\"\">Bei russischen Angriffen auf die Ukraine sind in der N\u00e4he von Kiew Sortierzentren des privaten Post- und Kurierunternehmens Nova Poshta Unternehmensangaben zufolge zerst\u00f6rt worden. Auch in der n\u00f6rdlichen Stadt Sumy seien solche Zentren zerst\u00f6rt worden, teilte Nova Poshta auf dem Kurznachrichtendienst Telegram mit. Vier gelenkte Luftbomben h\u00e4tten das Terminal in Sumy getroffen und zudem drei Lastwagen besch\u00e4digt. Alle Mitarbeiter seien unversehrt. (Quelle: Reuters)<\/p>\n<p>\n        06:52 Uhr\n    <\/p>\n<p>    Trump: Putin wird Nato-Gebiet nicht angreifen<\/p>\n<p class=\"\">US-Pr\u00e4sident Donald Trump hat sich \u00fcberzeugt davon gezeigt, dass Russland keine Nato-Verb\u00fcndeten angreifen wird. Trump sagte im Wei\u00dfen Haus, es habe gute Gespr\u00e4che mit Pr\u00e4sident Wladimir Putin gegeben. Er werde nicht angreifen. US-Medien hatten berichtet, CIA-Chef John Ratcliffe habe bei seinem Besuch am Dienstag in Moskau <a href=\"https:\/\/www.mdr.de\/nachrichten\/welt\/osteuropa\/politik\/krieg-ukraine-russland-cherson-evakuierung-luftangriffe-infrastruktur-schaeden-,ukraine-news-27-08-2026-100.html\" title=\"Donnerstag: Gouverneur ruft Einwohner von Cherson zur Evakuierung auf\" rel=\"nofollow noopener\" target=\"_blank\">vor einer Attacke auf Nato-Verb\u00fcndete gewarnt<\/a>. Der Kreml best\u00e4tigte das Treffen, tat die Berichte der US-Medien aber als Schauerm\u00e4rchen ab. (Quelle: dpa)<\/p>\n<p>\n        06:01 Uhr\n    <\/p>\n<p>    Drohnenangriff auf Sewastopol besch\u00e4digt \u00d6ldepots und Wohnhaus<\/p>\n<p class=\"\">Nach Angaben russischer Nachrichtenagenturen ist die Stadt Sewastopol auf der von Russland besetzten Halbinsel Krim angegriffen worden. Wie der von Moskau eingesetzte Gouverneur Michail Raswoschajew mitteilte, sollen Drohnen ein f\u00fcnfst\u00f6ckiges Wohnhaus getroffen haben. Dabei wurden vier Menschen verletzt. Au\u00dferdem besch\u00e4digten sie ein Hotel, einen Kindergarten und mehr als ein Dutzend Autos. Entgegen ersten Berichten brennen keine \u00d6ldepots. (Quelle: Reuters)<\/p>\n<p>\n        01:17 Uhr\n    <\/p>\n<p>    Papst-Gesandter Gallagher h\u00e4lt in Moskau eine Friedensmesse<\/p>\n<p class=\"\">Der Chef-Diplomat des Vatikan, Paul Richard Gallagher, hat in einer Moskauer katholischen Kirche eine Messe f\u00fcr den Frieden gehalten. An dem auf Latein, Italienisch und mitunter Englisch gehaltenen Gottesdienst in der Kathedrale der Unbefleckten Empf\u00e4ngnis in der russischen Hauptstadt nahmen hunderte Menschen teil, berichtete die Nachrichtenagentur AFP . Auch mehrere westliche Geistliche wirkten mit.<\/p>\n<p>Der Gesandte von Papst Leo XIV. rief die Gl\u00e4ubigen auf, &#8222;zu suchen, was uns eint, und nicht, was uns spaltet&#8220;. Gallaghers Besuch war die erste Visite eines hohen Vertreters des Vatikan seit November 2021.<\/p>\n<p>Gallagher war am Dienstag in Russland eingetroffen und zun\u00e4chst von Au\u00dfenminister Sergej Lawrow empfangen worden. Dabei warb der Chef-Diplomat des Papstes f\u00fcr Verhandlungen zur Beendigung des Krieges in der Ukraine. (Quelle: AFP)<\/p>\n<p>\n        05:50 Uhr\n    <\/p>\n<p>    Die Ereignisse gestern \u2013 27. August 2026<\/p>\n<p class=\"\">Der Gouverneur von Cherson hat wegen der zunehmenden russischen Angriffe auf Cherson die Einwohner der s\u00fcdukrainischen Stadt zur Evakuierung aufgerufen. Es wird bef\u00fcrchtet, dass die st\u00e4ndigen russischen Angriffe die Strom- und W\u00e4rmeversorgung in der Stadt f\u00fcr l\u00e4ngere Zeit unterbrechen lassen.<\/p>\n<p class=\"\">Schweden, Polen, Spanien und die Niederlande haben erneut die Verwendung der in der EU eingefrorenen russischen Verm\u00f6genswerte f\u00fcr die Unterst\u00fctzung der Ukraine ins Spiel gebracht. Fachleute der EU-Kommission sollten in Absprache mit den Mitgliedstaaten &#8222;neue M\u00f6glichkeiten pr\u00fcfen, wie die eingefrorenen Verm\u00f6genswerte zum Nutzen der Ukraine eingesetzt werden k\u00f6nnen&#8220;, forderten die Au\u00dfenminister der vier EU-L\u00e4ndern in einem Brief an die EU-Au\u00dfenbeauftragte Kaja Kallas<\/p>\n<p class=\"\">Russland und die Ukraine haben ihre gegenseitigen Luftschl\u00e4ge auf Ziele im Hinterland des Gegners fortgesetzt. Der ukrainische Pr\u00e4sident Wolodymyr Selenskyj teilte auf sozialen Netzwerken mit: &#8222;Die Russen haben kritische Infrastruktur in den Gebieten Poltawa, Sumy und Cherson angegriffen&#8220;. Nach Angaben \u00f6rtlicher Beh\u00f6rden brannten \u00f6stlich der Hauptstadt Kiew im Landkreis Boryspil Lagerhallen nach russischen Angriffen. Mindestens zwei Menschen seien verletzt worden.<\/p>\n<p class=\"\">Die ukrainische Luftwaffe fing dabei nach eigenen Angaben erstmals seit l\u00e4ngerem sieben ballistische Raketen ab. Zudem sei eine Antischiffsrakete des Typs Oniks abgeschossen worden, hie\u00df es.<\/p>\n<p>\n            <strong>Video:<\/strong><br \/>\n            Ein Toter und mindestens vier Verletzte in der Ukraine (1 Min)\n        <\/p>\n<p class=\"\">Die Ukraine wiederum setzte ihre Angriffe auf Lager von russischen Interneth\u00e4ndlern fort. Im Uralgebiet wurde nach Unternehmensangaben ein Logistikzentrum des zweitgr\u00f6\u00dften russischen Marktplatzes Ozon in Ufa von ukrainischen Drohnen angegriffen.<\/p>\n<p class=\"\">CIA-Direktor John Ratcliffe hat Russland bei seinem Besuch in Moskau Medienberichten zufolge vor einem Angriff auf Nato-Verb\u00fcndete gewarnt. Wie das Magazin &#8222;Politico&#8220; berichtete, warnte Ratcliffe Russand im Baltikum loszuschlagen. Zudem habe er den Kreml dazu gedr\u00e4ngt, seine milit\u00e4rische und finanzielle Unterst\u00fctzung f\u00fcr den Iran herunterzufahren.<\/p>\n<p>\n        27.08.2026 06:48 Uhr\n    <\/p>\n<p>    Ukraine-News am Freitag, 28. August 2026<\/p>\n<p class=\"\">Guten Tag! In unseren Ukraine-News halten wir Sie \u00fcber die Entwicklungen im Krieg gegen die Ukraine auf dem aktuellen Stand. Alle wichtigen Nachrichten dazu erscheinen hier im Lauf des Tages.<\/p>\n<p class=\"\">Die Berichterstattung \u00fcber den Russland-Ukraine-Krieg ist komplex. Angaben zu Kriegsverlauf, Beschuss und Opfern durch offizielle Stellen der russischen und der ukrainischen Konfliktparteien k\u00f6nnen in der aktuellen Lage nicht unmittelbar von unabh\u00e4ngiger Stelle \u00fcberpr\u00fcft werden. Es gibt eine Vielzahl von Medienvertretern vor Ort, darunter auch unabh\u00e4ngige Journalisten aus verschiedenen L\u00e4ndern. Bei der Bewertung von Informationen sind verschiedene Quellen und eine kritische Haltung unerl\u00e4sslich, um ein m\u00f6glichst umfassendes Bild zu erhalten. Alles das ber\u00fccksichtigt der MDR in seinen Berichten \u00fcber den Russland-Ukraine-Krieg.<\/p>\n<p>        <img decoding=\"async\" src=\"https:\/\/www.europesays.com\/de\/wp-content\/uploads\/2026\/06\/ukraine-276.webp\" alt=\"Rettungskr\u00e4fte beseitigen Tr\u00fcmmer und suchen nach Menschen in einem Wohnblock, der von einer Rakete getroffen wurde.\" title=\"Rettungskr\u00e4fte beseitigen Tr\u00fcmmer und suchen nach Menschen in einem Wohnblock, der von einer Rakete getroffen wurde. | picture alliance\/dpa\/Ukrinform | -\" class=\"responsive\" loading=\"lazy\"\/><\/p>\n<p>Hintergr\u00fcnde<\/p>\n<p>Am 24. Februar 2022 hat Russland die Ukraine \u00fcberfallen. Doch die ukrainische Armee kann sich halten und konnte Gebiete zur\u00fcckerobern, der Westen unterst\u00fctzt sie. Aktuelle Nachrichten und Hintergr\u00fcnde.<\/p>\n<p>        <img decoding=\"async\" src=\"https:\/\/www.europesays.com\/de\/wp-content\/uploads\/2026\/06\/podcast-cover-was-tun-herr-general-100.webp\" alt=\"Der fr\u00fchere NATO-General und Generalleutnant a.D. Erhard B\u00fchler\" title=\"Der fr\u00fchere NATO-General und Generalleutnant a.D. Erhard B\u00fchler | MDR \/ Erhard B\u00fchler \" class=\"responsive\" loading=\"lazy\"\/><\/p>\n<p>Audio | MDR AKTUELL<\/p>\n<p>Krieg in Europa. Welche Strategie verfolgt die russische Armee, wie stehen die Chancen der ukrainischen Verteidiger? Einsch\u00e4tzungen der milit\u00e4rischen Lage und der Kriegsfolgen vom fr\u00fcheren NATO-General Erhard B\u00fchler.<\/p>\n<p>        <img decoding=\"async\" src=\"https:\/\/www.europesays.com\/de\/wp-content\/uploads\/2026\/06\/podcast-putins-krieg-100.webp\" alt=\"Podcast Putins Krieg\" title=\"Podcast Putins Krieg | dpa\/MDR\" class=\"responsive\" loading=\"lazy\"\/><\/p>\n<p>Podcast-Reihe<\/p>\n<p>Russland f\u00fchrt Krieg gegen die Ukraine &#8211; Zerst\u00f6rung, Leid und Flucht. In diesem Podcast b\u00fcndeln wir Interviews und Berichte rund um den Krieg, seine Folgen f\u00fcr die Welt, Europa und in Deutschland.<\/p>\n","protected":false},"excerpt":{"rendered":"AUDIO: Trump: Putin wird Nato-Gebiet nicht angreifen (1 Min) Ukraine-News von MDR AKTUELL Stand: 28.08.2026 14:02 Uhr Nachrichten&hellip;\n","protected":false},"author":2,"featured_media":1266045,"comment_status":"","ping_status":"","sticky":false,"template":"","format":"standard","meta":{"footnotes":"","_share_on_mastodon":"0"},"categories":[4012],"tags":[331,332,227,13,4046,14,15,307,12,116,317],"class_list":["post-1266044","post","type-post","status-publish","format-standard","has-post-thumbnail","category-ukraine","tag-aktuelle-nachrichten","tag-aktuelle-news","tag-china","tag-headlines","tag-krieg","tag-nachrichten","tag-news","tag-russland","tag-schlagzeilen","tag-selenskyj","tag-ukraine"],"share_on_mastodon":{"url":"https:\/\/pubeurope.com\/@de\/117173122419844380","error":""},"_links":{"self":[{"href":"https:\/\/www.europesays.com\/de\/wp-json\/wp\/v2\/posts\/1266044","targetHints":{"allow":["GET"]}}],"collection":[{"href":"https:\/\/www.europesays.com\/de\/wp-json\/wp\/v2\/posts"}],"about":[{"href":"https:\/\/www.europesays.com\/de\/wp-json\/wp\/v2\/types\/post"}],"author":[{"embeddable":true,"href":"https:\/\/www.europesays.com\/de\/wp-json\/wp\/v2\/users\/2"}],"replies":[{"embeddable":true,"href":"https:\/\/www.europesays.com\/de\/wp-json\/wp\/v2\/comments?post=1266044"}],"version-history":[{"count":0,"href":"https:\/\/www.europesays.com\/de\/wp-json\/wp\/v2\/posts\/1266044\/revisions"}],"wp:featuredmedia":[{"embeddable":true,"href":"https:\/\/www.europesays.com\/de\/wp-json\/wp\/v2\/media\/1266045"}],"wp:attachment":[{"href":"https:\/\/www.europesays.com\/de\/wp-json\/wp\/v2\/media?parent=1266044"}],"wp:term":[{"taxonomy":"category","embeddable":true,"href":"https:\/\/www.europesays.com\/de\/wp-json\/wp\/v2\/categories?post=1266044"},{"taxonomy":"post_tag","embeddable":true,"href":"https:\/\/www.europesays.com\/de\/wp-json\/wp\/v2\/tags?post=1266044"}],"curies":[{"name":"wp","href":"https:\/\/api.w.org\/{rel}","templated":true}]}}