{"id":1266082,"date":"2026-08-28T13:00:44","date_gmt":"2026-08-28T13:00:44","guid":{"rendered":"https:\/\/www.europesays.com\/de\/1266082\/"},"modified":"2026-08-28T13:00:44","modified_gmt":"2026-08-28T13:00:44","slug":"aussprache-mit-st-pauli-fans-in-essen-so-hat-es-der-kapitaen-empfunden","status":"publish","type":"post","link":"https:\/\/www.europesays.com\/de\/1266082\/","title":{"rendered":"Aussprache mit St. Pauli-Fans in Essen: So hat es der Kapit\u00e4n empfunden"},"content":{"rendered":"<p>Er ist grad noch dabei, sich in seiner neuen Rolle als frischgebackener Kapit\u00e4n des FC St. Pauli zurechtzufinden. Aber es geht f\u00fcr David Nemeth ziemlich gerade durch ins kalte Wasser, der \u00d6sterreicher muss schon Situationen auf gehobenem Niveau meistern. <\/p>\n<p>Schocken kann ihn das nicht. Im Gegenteil. Das sagt er zur Aussprache mit den Ultras nach dem Pokal-Aus in Essen.<\/p>\n","protected":false},"excerpt":{"rendered":"Er ist grad noch dabei, sich in seiner neuen Rolle als frischgebackener Kapit\u00e4n des FC St. Pauli zurechtzufinden.&hellip;\n","protected":false},"author":2,"featured_media":422224,"comment_status":"","ping_status":"","sticky":false,"template":"","format":"standard","meta":{"footnotes":"","_share_on_mastodon":"0"},"categories":[1834],"tags":[99702,3364,29,1264,3688,1002,30,1209,3714,10439,261585],"class_list":["post-1266082","post","type-post","status-publish","format-standard","has-post-thumbnail","category-essen","tag-david-nemeth","tag-de","tag-deutschland","tag-dfb-pokal","tag-essen","tag-fans","tag-germany","tag-nordrhein-westfalen","tag-rot-weiss-essen","tag-ultras","tag-usp"],"share_on_mastodon":{"url":"https:\/\/pubeurope.com\/@de\/117173264434786049","error":""},"_links":{"self":[{"href":"https:\/\/www.europesays.com\/de\/wp-json\/wp\/v2\/posts\/1266082","targetHints":{"allow":["GET"]}}],"collection":[{"href":"https:\/\/www.europesays.com\/de\/wp-json\/wp\/v2\/posts"}],"about":[{"href":"https:\/\/www.europesays.com\/de\/wp-json\/wp\/v2\/types\/post"}],"author":[{"embeddable":true,"href":"https:\/\/www.europesays.com\/de\/wp-json\/wp\/v2\/users\/2"}],"replies":[{"embeddable":true,"href":"https:\/\/www.europesays.com\/de\/wp-json\/wp\/v2\/comments?post=1266082"}],"version-history":[{"count":0,"href":"https:\/\/www.europesays.com\/de\/wp-json\/wp\/v2\/posts\/1266082\/revisions"}],"wp:featuredmedia":[{"embeddable":true,"href":"https:\/\/www.europesays.com\/de\/wp-json\/wp\/v2\/media\/422224"}],"wp:attachment":[{"href":"https:\/\/www.europesays.com\/de\/wp-json\/wp\/v2\/media?parent=1266082"}],"wp:term":[{"taxonomy":"category","embeddable":true,"href":"https:\/\/www.europesays.com\/de\/wp-json\/wp\/v2\/categories?post=1266082"},{"taxonomy":"post_tag","embeddable":true,"href":"https:\/\/www.europesays.com\/de\/wp-json\/wp\/v2\/tags?post=1266082"}],"curies":[{"name":"wp","href":"https:\/\/api.w.org\/{rel}","templated":true}]}}