{"id":1266094,"date":"2026-08-28T13:13:13","date_gmt":"2026-08-28T13:13:13","guid":{"rendered":"https:\/\/www.europesays.com\/de\/1266094\/"},"modified":"2026-08-28T13:13:13","modified_gmt":"2026-08-28T13:13:13","slug":"vfb-stuttgart-zu-viel-laptop-zu-wenig-mensch-undav-kritisiert-trainingsmethoden","status":"publish","type":"post","link":"https:\/\/www.europesays.com\/de\/1266094\/","title":{"rendered":"VfB Stuttgart: \u201eZu viel Laptop, zu wenig Mensch\u201c \u2013 Undav kritisiert Trainingsmethoden"},"content":{"rendered":"<p>VfB-St\u00fcrmer Deniz Undav warnt vor Roboter-Profis durch starre Fitnesspl\u00e4ne \u2013 und erz\u00e4hlt, warum f\u00fcr ihn D\u00f6ner zum Leben dazugeh\u00f6rt.<\/p>\n<p class=\"c-inline-alert__description\">Klicken Sie hier, um sich Artikel von WELT in der Google-Suche bevorzugt anzeigen zu lassen.<\/p>\n<p class=\"is-first-paragraph\" data-external=\"Article.FirstParagraph\">Nationalspieler Deniz Undav w\u00fcnscht sich bei der Belastungssteuerung im Profifu\u00dfball mehr Fingerspitzengef\u00fchl von den Verantwortlichen. \u201eDie Datenanalyse bringt dem Fu\u00dfball viel, aber es wird mittlerweile zu viel in den Laptop geschaut. Fu\u00dfballer werden bei der Trainingssteuerung zu sehr als Roboter betrachtet\u201c, kritisierte der St\u00fcrmer des Bundesligisten VfB Stuttgart in einem Gespr\u00e4ch mit dem am Freitag erscheinenden \u201eBundesliga-Magazin\u201c.<\/p>\n<p>Viel zu oft werde gesagt: \u201eWir haben diese Fitnesswerte \u00fcber dich, und hier ist das neueste Fitnessprogramm, deshalb musst du das exakt so machen. Dann kommt aber ein Spieler vielleicht aus Brasilien und hat solche \u00dcbungen noch nie im Leben gemacht. Und dann wundert man sich, wenn er drei Wochen sp\u00e4ter verletzt ist\u201c, monierte Undav.<\/p>\n<p>Der 30-J\u00e4hrige appellierte daher, jeden Profi als ein Individuum zu betrachten und forderte: \u201eWir m\u00fcssen beim Training wieder mehr die Gewohnheiten und Erfahrungen der einzelnen Spieler ber\u00fccksichtigen.\u201c Die Kritik wolle er ausdr\u00fccklich nicht auf seinen Verein bezogen wissen, \u201esondern allgemein\u201c.<\/p>\n<p>Undav will ins Trainergesch\u00e4ft einsteigen<\/p>\n<p>Beim <a class=\"is-link c-block-items__link c-link--rich-text-renderer\" href=\"https:\/\/www.welt.de\/themen\/vfb-stuttgart\/\" data-internal-tracking-enabled=\"true\" data-internal-tracking=\"{&quot;action&quot;:&quot;click&quot;,&quot;label&quot;:&quot;link&quot;,&quot;name&quot;:&quot;Inline Element&quot;,&quot;data&quot;:{&quot;source&quot;:&quot;&quot;,&quot;target&quot;:&quot;https:\/\/www.welt.de\/themen\/vfb-stuttgart\/&quot;,&quot;trackingName&quot;:&quot;&quot;,&quot;trackingLabel&quot;:&quot;&quot;}}\" rel=\"nofollow noopener\" target=\"_blank\">VfB Stuttgart<\/a>, der zum Saisonstart am Freitag (20.30 Uhr\/Sat.1 und Sky) beim deutschen Rekordmeister Bayern M\u00fcnchen gastiert, presse man ihn nicht starr in das g\u00e4ngige Profi-Schema und nehme sogar R\u00fccksicht auf seine speziellen Essgewohnheiten. \u201eTats\u00e4chlich ern\u00e4hre ich mich grunds\u00e4tzlich sportlergerecht, aber ich brauche ein-, zweimal die Woche einen D\u00f6ner oder Burger\u201c, erz\u00e4hlte Undav.<\/p>\n<p>Nach der Karriere strebt der torgef\u00e4hrliche St\u00fcrmer eine Laufbahn als Fu\u00dfball-Lehrer an \u2013 sieht sich da momentan aber eher in der Rolle eines Assistenztrainers. Schon jetzt besch\u00e4ftige er sich intensiv mit taktischen Fragen, die er gerne auch mal mit VfB-Chefcoach Sebastian Hoene\u00df er\u00f6rtert.<\/p>\n<p>\u201eIch zeige dem Trainer dann meine Idee, wie ich die Spielsituation aufl\u00f6sen w\u00fcrde. Manchmal sagt er: Ja, kann man mal probieren. Oder er sagt: Wenn wir das so machen, wie du denkst, dann macht der Gegner aber das \u2013 und ich sage: Oh. Stimmt\u201c, berichtete Undav.<\/p>\n<p>dpa\/tw<\/p>\n","protected":false},"excerpt":{"rendered":"VfB-St\u00fcrmer Deniz Undav warnt vor Roboter-Profis durch starre Fitnesspl\u00e4ne \u2013 und erz\u00e4hlt, warum f\u00fcr ihn D\u00f6ner zum Leben&hellip;\n","protected":false},"author":2,"featured_media":1266095,"comment_status":"","ping_status":"","sticky":false,"template":"","format":"standard","meta":{"footnotes":"","_share_on_mastodon":"0"},"categories":[1830],"tags":[1634,3364,19861,29,84246,30,1441,45,5843,21415,2915],"class_list":["post-1266094","post","type-post","status-publish","format-standard","has-post-thumbnail","category-stuttgart","tag-baden-wuerttemberg","tag-de","tag-deniz","tag-deutschland","tag-erste-bundesliga-geo-d-ks","tag-germany","tag-stuttgart","tag-texttospeech","tag-trainer","tag-undav","tag-vfb-stuttgart"],"share_on_mastodon":{"url":"https:\/\/pubeurope.com\/@de\/117173315888204438","error":""},"_links":{"self":[{"href":"https:\/\/www.europesays.com\/de\/wp-json\/wp\/v2\/posts\/1266094","targetHints":{"allow":["GET"]}}],"collection":[{"href":"https:\/\/www.europesays.com\/de\/wp-json\/wp\/v2\/posts"}],"about":[{"href":"https:\/\/www.europesays.com\/de\/wp-json\/wp\/v2\/types\/post"}],"author":[{"embeddable":true,"href":"https:\/\/www.europesays.com\/de\/wp-json\/wp\/v2\/users\/2"}],"replies":[{"embeddable":true,"href":"https:\/\/www.europesays.com\/de\/wp-json\/wp\/v2\/comments?post=1266094"}],"version-history":[{"count":0,"href":"https:\/\/www.europesays.com\/de\/wp-json\/wp\/v2\/posts\/1266094\/revisions"}],"wp:featuredmedia":[{"embeddable":true,"href":"https:\/\/www.europesays.com\/de\/wp-json\/wp\/v2\/media\/1266095"}],"wp:attachment":[{"href":"https:\/\/www.europesays.com\/de\/wp-json\/wp\/v2\/media?parent=1266094"}],"wp:term":[{"taxonomy":"category","embeddable":true,"href":"https:\/\/www.europesays.com\/de\/wp-json\/wp\/v2\/categories?post=1266094"},{"taxonomy":"post_tag","embeddable":true,"href":"https:\/\/www.europesays.com\/de\/wp-json\/wp\/v2\/tags?post=1266094"}],"curies":[{"name":"wp","href":"https:\/\/api.w.org\/{rel}","templated":true}]}}