{"id":1266102,"date":"2026-08-28T13:17:17","date_gmt":"2026-08-28T13:17:17","guid":{"rendered":"https:\/\/www.europesays.com\/de\/1266102\/"},"modified":"2026-08-28T13:17:17","modified_gmt":"2026-08-28T13:17:17","slug":"oh-fc-koeln-stefan-raab-begeistert-mit-fan-song","status":"publish","type":"post","link":"https:\/\/www.europesays.com\/de\/1266102\/","title":{"rendered":"&#8222;Oh, FC K\u00f6ln&#8220;: Stefan Raab begeistert mit Fan-Song"},"content":{"rendered":"<p>\nMusik\n<\/p>\n<p>Aktualisiert am 28.08.2026, 15:12 Uhr\n<\/p>\n<p><a href=\"https:\/\/i0.web.de\/image\/708\/42662708,pd=1\/stefan-raab-kindheit-fan-1-fc-koeln.jpg\" data-brain-zone=\".42662706.content.lead.1\" data-component-path=\"content.lead.1\" data-component-name=\"article-image\" rel=\"nofollow noopener\" target=\"_blank\"> <\/p>\n<p><img loading=\"lazy\" decoding=\"async\" src=\"https:\/\/www.europesays.com\/de\/wp-content\/uploads\/2026\/08\/stefan-raab-kindheit-fan-1-fc-koeln.jpg\" alt=\"Stefan Raab ist seit seiner Kindheit Fan des 1. FC K\u00f6ln.\" width=\"950\" height=\"534\"\/><\/p>\n<p><\/a> <\/p>\n<p>\nStefan Raab ist seit seiner Kindheit Fan des 1. FC K\u00f6ln.<br \/>\n\u00a9\u00a0ddp\/Panama Pictures\n<\/p>\n<p class=\"content__description\" data-speakable=\"\">P\u00fcnktlich zum Bundesliga-Auftakt hat Stefan Raab einen Song f\u00fcr den 1. FC K\u00f6ln ver\u00f6ffentlicht. Im Video zu &#8222;Oh, FC K\u00f6ln&#8220; singen Lukas Podolski, Barbara Sch\u00f6neberger und viele weitere Prominente mit.<\/p>\n<p data-speakable=\"\"><a data-component-name=\"link.semantic\" data-brain-zone=\".42662706.content.textlink_2\" data-component-path=\"content.textlink_2\" href=\"https:\/\/web.de\/magazine\/unterhaltung\/thema\/stefan-raab\" rel=\"nofollow noopener\" target=\"_blank\">Stefan Raab<\/a> (59) bringt mal wieder Musik heraus: Der Entertainer hat am Freitag <a target=\"_blank\" data-brain-zone=\".42662706.content.textlink_3\" data-component-path=\"content.textlink_3\" data-component-name=\"link.external\" rel=\"noopener nofollow\" href=\"https:\/\/www.instagram.com\/p\/Dcjzxp4OJOT\/\">einen neuen Fu\u00dfball-Song<\/a> ver\u00f6ffentlicht. &#8222;Oh, <a data-component-name=\"link.semantic\" data-brain-zone=\".42662706.content.textlink_4\" data-component-path=\"content.textlink_4\" href=\"https:\/\/web.de\/magazine\/sport\/thema\/1-fc-koeln\" rel=\"nofollow noopener\" target=\"_blank\">FC K\u00f6ln<\/a>&#8220; erscheint p\u00fcnktlich zum Bundesliga-Auftakt der neuen Saison und ist als Liebeserkl\u00e4rung an den 1. FC K\u00f6ln und an die Domstadt, Raabs Heimatstadt, gedacht.<\/p>\n<p>Von Poldi bis Bully Herbig<\/p>\n<p data-speakable=\"\">&#8222;Oh, FC K\u00f6ln, 1. FC K\u00f6ln. Du bist mein Verein, ich liebe dich. Scha-la-la-la-la&#8230;&#8220;, singt Raab mit Gitarre um den Hals mit seiner Studioband in dem Video, das er auf <a data-component-name=\"link.semantic\" data-brain-zone=\".42662706.content.textlink_5\" data-component-path=\"content.textlink_5\" href=\"https:\/\/web.de\/magazine\/unterhaltung\/thema\/instagram\" rel=\"nofollow noopener\" target=\"_blank\">Instagram<\/a> teilte. Die Strophen, die von seiner langen Vergangenheit mit dem Verein erz\u00e4hlen, tr\u00e4gt er im K\u00f6lner Dialekt vor. Dazu wurden Bilder und Videos aus der Geschichte des FC K\u00f6ln hinterlegt sowie aktuellere Videos der Fans.<\/p>\n<p data-speakable=\"\">Allein singen musste Raab aber nicht: F\u00fcr das Musikvideo hat er zahlreiche Promis quer durch Musik, Sport, Comedy und Fernsehen zusammengetrommelt. Unter anderem sind in dem Clip Elton, Robert Geiss, Carolin Kebekus, <a data-component-name=\"link.semantic\" data-brain-zone=\".42662706.content.textlink_6\" data-component-path=\"content.textlink_6\" href=\"https:\/\/web.de\/magazine\/unterhaltung\/thema\/barbara-schoeneberger\" rel=\"nofollow noopener\" target=\"_blank\">Barbara Sch\u00f6neberger<\/a>, Axel Stein, Hella von Sinnen und Bully Herbig sowie mehrere k\u00f6lsche Bands zu sehen.<\/p>\n<p data-speakable=\"\">Auch die H\u00f6hner-Legende Henning Krautmacher und FC-Ikone <a data-component-name=\"link.semantic\" data-brain-zone=\".42662706.content.textlink_7\" data-component-path=\"content.textlink_7\" href=\"https:\/\/web.de\/magazine\/sport\/thema\/lukas-podolski\" rel=\"nofollow noopener\" target=\"_blank\">Lukas Podolski<\/a> d\u00fcrfen nat\u00fcrlich nicht fehlen. Der einstige Profi steht im aktuellen Heimtrikot in <a data-component-name=\"link.semantic\" data-brain-zone=\".42662706.content.textlink_8\" data-component-path=\"content.textlink_8\" href=\"https:\/\/web.de\/magazine\/reise\/thema\/koeln\" rel=\"nofollow noopener\" target=\"_blank\">K\u00f6ln<\/a> vorm Dom und singt die Zeile &#8222;Du bist mein Verein, ich liebe dich&#8220;. <\/p>\n<p>Promis feiern den Effzeh<\/p>\n<p data-speakable=\"\">Die Resonanz lie\u00df nicht lange auf sich warten: Binnen Stunden sammelten sich unter dem Instagram-Post zahlreiche begeisterte Likes und Kommentare. Aus der Promiwelt kam noch mehr Zuspruch: Sportmoderatorin Laura Wontorra schickte passend zu den Vereinsfarben ein rotes und ein wei\u00dfes Herz, Martin R\u00fctter beschr\u00e4nkte sich auf ein schlichtes &#8222;Effzeh&#8220; und Schauspielerin Pia Tillmann applaudierte.<\/p>\n<p><strong>Empfehlungen der Redaktion<\/strong><\/p>\n<p data-speakable=\"\">Neu ist Raabs Faible f\u00fcr den Verein nicht. Der geb\u00fcrtige K\u00f6lner wuchs im Stadtteil S\u00fclz auf und landete schon 1994 mit &#8222;B\u00f6\u00f6rti B\u00f6\u00f6rti Vogts&#8220; einen Hit \u00fcber den damaligen Bundestrainer. <\/p>\n<p data-speakable=\"\">Sp\u00e4ter sang er die FC-Hymne &#8222;FC, jeff Jas!&#8220; mit Guildo Horn und Wolfgang Niedecken, zu seinen &#8222;TV total&#8220;-Zeiten stand er unter anderem mit Peter St\u00f6ger als &#8222;Trainer&#8220; am Gei\u00dfbockheim. (eyn\/spot)\u00a0<br \/>\n\u00a9 spot on news\n<\/p>\n<p><script async src=\"\/\/www.instagram.com\/embed.js\"><\/script><\/p>\n","protected":false},"excerpt":{"rendered":"Musik Aktualisiert am 28.08.2026, 15:12 Uhr Stefan Raab ist seit seiner Kindheit Fan des 1. FC K\u00f6ln. \u00a9\u00a0ddp\/Panama&hellip;\n","protected":false},"author":2,"featured_media":1266103,"comment_status":"","ping_status":"","sticky":false,"template":"","format":"standard","meta":{"footnotes":"","_share_on_mastodon":"0"},"categories":[1828],"tags":[623,8265,29,30,1420,46495,1209,13527],"class_list":["post-1266102","post","type-post","status-publish","format-standard","has-post-thumbnail","category-koeln","tag-1-fc-koeln","tag-barbara-schoeneberger","tag-deutschland","tag-germany","tag-koeln","tag-lukas-podolski","tag-nordrhein-westfalen","tag-stefan-raab"],"share_on_mastodon":{"url":"","error":""},"_links":{"self":[{"href":"https:\/\/www.europesays.com\/de\/wp-json\/wp\/v2\/posts\/1266102","targetHints":{"allow":["GET"]}}],"collection":[{"href":"https:\/\/www.europesays.com\/de\/wp-json\/wp\/v2\/posts"}],"about":[{"href":"https:\/\/www.europesays.com\/de\/wp-json\/wp\/v2\/types\/post"}],"author":[{"embeddable":true,"href":"https:\/\/www.europesays.com\/de\/wp-json\/wp\/v2\/users\/2"}],"replies":[{"embeddable":true,"href":"https:\/\/www.europesays.com\/de\/wp-json\/wp\/v2\/comments?post=1266102"}],"version-history":[{"count":0,"href":"https:\/\/www.europesays.com\/de\/wp-json\/wp\/v2\/posts\/1266102\/revisions"}],"wp:featuredmedia":[{"embeddable":true,"href":"https:\/\/www.europesays.com\/de\/wp-json\/wp\/v2\/media\/1266103"}],"wp:attachment":[{"href":"https:\/\/www.europesays.com\/de\/wp-json\/wp\/v2\/media?parent=1266102"}],"wp:term":[{"taxonomy":"category","embeddable":true,"href":"https:\/\/www.europesays.com\/de\/wp-json\/wp\/v2\/categories?post=1266102"},{"taxonomy":"post_tag","embeddable":true,"href":"https:\/\/www.europesays.com\/de\/wp-json\/wp\/v2\/tags?post=1266102"}],"curies":[{"name":"wp","href":"https:\/\/api.w.org\/{rel}","templated":true}]}}