{"id":1266114,"date":"2026-08-28T13:25:21","date_gmt":"2026-08-28T13:25:21","guid":{"rendered":"https:\/\/www.europesays.com\/de\/1266114\/"},"modified":"2026-08-28T13:25:21","modified_gmt":"2026-08-28T13:25:21","slug":"wahl-am-20-september-berliner-spd-spitzenkandidat-partei-fehlt-glaubwuerdigkeit-2","status":"publish","type":"post","link":"https:\/\/www.europesays.com\/de\/1266114\/","title":{"rendered":"Wahl am 20. September: Berliner SPD-Spitzenkandidat: Partei fehlt Glaubw\u00fcrdigkeit"},"content":{"rendered":"<p class=\"paragraph article__item\">Die <a class=\"rtr-entity\" href=\"https:\/\/www.zeit.de\/thema\/spd\" rel=\"nofollow noopener\" target=\"_blank\">SPD<\/a> leidet aus Sicht ihres Spitzenkandidaten f\u00fcr die Berliner Abgeordnetenhauswahl, Steffen Krach, unter einem Glaubw\u00fcrdigkeitsverlust. Dies sei auch der Grund f\u00fcr die aktuell schlechten Umfragewerte, sagte Krach im \u00abPolitico\u00bb-Podcast \u00abBerlin Playbook\u00bb. \u00abWir haben nicht mehr die Glaubw\u00fcrdigkeit, weil wir immer wieder Kompromisse eingehen m\u00fcssen.\u00bb\n<\/p>\n<p>Aktuelles<\/p>\n<p>                <a href=\"https:\/\/www.zeit.de\/politik\/deutschland\/2026-08\/steffen-krach-spd-berlin-reformpaket-bundesregierung-wohngeld-kuerzung\" data-ct-label=\"Steffen Krach: Berliner SPD-Spitzenkandidat kritisiert Reformen der Bundesregierung\" data-uuid=\"7f97f845-1987-47de-ae69-2009d3493b2f\" rel=\"nofollow noopener\" target=\"_blank\"><\/p>\n<p>                        Steffen Krach:<br \/>\n                        Berliner SPD-Spitzenkandidat kritisiert Reformen der Bundesregierung<\/p>\n<p>                <\/a><\/p>\n<p>                <a href=\"https:\/\/www.zeit.de\/politik\/deutschland\/2026-08\/steffen-krach-spd-berlin-abgeordnetenhauswahl-2026\" data-ct-label=\"Steffen Krach: \u00bbWir werden 100 Mietenpolizisten einsetzen\u00ab\" data-uuid=\"e67b2888-ce63-44a2-8829-53ae6c1c7093\" rel=\"nofollow noopener\" target=\"_blank\"><\/p>\n<p>        Z+ (abopflichtiger Inhalt);<\/p>\n<p>    Steffen Krach:<br \/>\n                        \u00bbWir werden 100 Mietenpolizisten einsetzen\u00ab<\/p>\n<p>                <\/a><\/p>\n<p>                <a href=\"https:\/\/www.zeit.de\/politik\/deutschland\/2026-08\/bodo-ramelow-cdu-linke-afd-sachsen-anhalt\" data-ct-label=\"Wahl in Sachsen-Anhalt: Ramelow f\u00fcr Kooperation der CDU mit Linken in Sachsen-Anhalt\" data-uuid=\"9b4df8f7-91f0-49bf-8197-d395bef36082\" rel=\"nofollow noopener\" target=\"_blank\"><\/p>\n<p>                        Wahl in Sachsen-Anhalt:<br \/>\n                        Ramelow f\u00fcr Kooperation der CDU mit Linken in Sachsen-Anhalt<\/p>\n<p>                <\/a><\/p>\n<p class=\"paragraph article__item\">So setze sich die SPD zwar f\u00fcr eine Verm\u00f6gensteuer ein, k\u00f6nne aber ihre zentralen Projekte nicht durchsetzen. Die Partei m\u00fcsse aufpassen, sich nicht \u00abbis zur Unkenntlichkeit\u00bb zu verbiegen, sagte Krach.\u00a0\n<\/p>\n<p class=\"paragraph article__item\"><strong>Gegen neue Personaldebatten<\/strong>\n<\/p>\n<p class=\"paragraph article__item\">Weitere Personaldebatten lehnte er ab. \u00abWir haben in den letzten Jahren ja h\u00e4ufig genug Parteivorsitzende und auch sonstige Personen ausgetauscht\u00bb, sagte er. Das Kernproblem sei nicht das Personal, sondern, dass sozialdemokratische Positionen in Regierungskoalitionen nicht durchgesetzt w\u00fcrden.\n<\/p>\n<p class=\"paragraph article__item\">\u00abEs ist eine Gesamtperformance der SPD, und daran m\u00fcssen wir alle gemeinsam arbeiten. Im Bund, in den L\u00e4ndern und in den Kommunen\u00bb, sagte Krach auf die Frage nach der Rolle der Parteichefs B\u00e4rbel Bas und Lars Klingbeil.\n<\/p>\n<p class=\"paragraph article__item\">Zuletzt hatte die SPD in einer Umfrage des Instituts Forsa f\u00fcr die Berlinwahl mit 12 Prozent abgeschlagen hinter Linken, CDU, AfD und Gr\u00fcnen auf Platz 5 gelegen. Die Linke kam auf 22 Prozent, CDU und AfD lagen bei jeweils 18 Prozent, die Gr\u00fcnen bei 16 Prozent. Gew\u00e4hlt wird am 20. September in <a class=\"rtr-entity\" href=\"https:\/\/www.zeit.de\/thema\/berlin\" rel=\"nofollow noopener\" target=\"_blank\">Berlin<\/a>.\n<\/p>\n<p class=\"paragraph article__item\">\u00a9 dpa-infocom, dpa:260828-930-593888\/1<\/p>\n","protected":false},"excerpt":{"rendered":"Die SPD leidet aus Sicht ihres Spitzenkandidaten f\u00fcr die Berliner Abgeordnetenhauswahl, Steffen Krach, unter einem Glaubw\u00fcrdigkeitsverlust. Dies sei&hellip;\n","protected":false},"author":2,"featured_media":1266115,"comment_status":"","ping_status":"","sticky":false,"template":"","format":"standard","meta":{"footnotes":"","_share_on_mastodon":"0"},"categories":[1825],"tags":[9943,1941,1939,296,1937,29,30,96216,261590,1940,15,1938,2043,184,101176,261589],"class_list":["post-1266114","post","type-post","status-publish","format-standard","has-post-thumbnail","category-berlin","tag-abgeordnetenhauswahl","tag-aktuelle-nachrichten-aus-berlin","tag-aktuelle-news-aus-berlin","tag-berlin","tag-berlin-news","tag-deutschland","tag-germany","tag-glaubwuerdigkeit","tag-glaubwuerdigkeitsverlust","tag-nachrichten-aus-berlin","tag-news","tag-news-aus-berlin","tag-podcast","tag-spd","tag-steffen-krach","tag-wahl-am-20-september"],"share_on_mastodon":{"url":"https:\/\/pubeurope.com\/@de\/117173362804721634","error":""},"_links":{"self":[{"href":"https:\/\/www.europesays.com\/de\/wp-json\/wp\/v2\/posts\/1266114","targetHints":{"allow":["GET"]}}],"collection":[{"href":"https:\/\/www.europesays.com\/de\/wp-json\/wp\/v2\/posts"}],"about":[{"href":"https:\/\/www.europesays.com\/de\/wp-json\/wp\/v2\/types\/post"}],"author":[{"embeddable":true,"href":"https:\/\/www.europesays.com\/de\/wp-json\/wp\/v2\/users\/2"}],"replies":[{"embeddable":true,"href":"https:\/\/www.europesays.com\/de\/wp-json\/wp\/v2\/comments?post=1266114"}],"version-history":[{"count":0,"href":"https:\/\/www.europesays.com\/de\/wp-json\/wp\/v2\/posts\/1266114\/revisions"}],"wp:featuredmedia":[{"embeddable":true,"href":"https:\/\/www.europesays.com\/de\/wp-json\/wp\/v2\/media\/1266115"}],"wp:attachment":[{"href":"https:\/\/www.europesays.com\/de\/wp-json\/wp\/v2\/media?parent=1266114"}],"wp:term":[{"taxonomy":"category","embeddable":true,"href":"https:\/\/www.europesays.com\/de\/wp-json\/wp\/v2\/categories?post=1266114"},{"taxonomy":"post_tag","embeddable":true,"href":"https:\/\/www.europesays.com\/de\/wp-json\/wp\/v2\/tags?post=1266114"}],"curies":[{"name":"wp","href":"https:\/\/api.w.org\/{rel}","templated":true}]}}