{"id":1266137,"date":"2026-08-28T13:41:23","date_gmt":"2026-08-28T13:41:23","guid":{"rendered":"https:\/\/www.europesays.com\/de\/1266137\/"},"modified":"2026-08-28T13:41:23","modified_gmt":"2026-08-28T13:41:23","slug":"giovanni-zarrella-er-holt-saengerin-kavila-auf-die-grosse-zdf-buehne-unterhaltung","status":"publish","type":"post","link":"https:\/\/www.europesays.com\/de\/1266137\/","title":{"rendered":"Giovanni Zarrella: Er holt S\u00e4ngerin Kavila auf die gro\u00dfe ZDF-B\u00fchne! | Unterhaltung"},"content":{"rendered":"<p><a class=\"skip-content skip-content--link\" href=\"#in-content-skip-link-target-v-0-0\">TTS-Player \u00fcberspringen\u21b5<\/a><a id=\"in-content-skip-link-target-v-0-0\" class=\"skip-content--target-link-hidden skip-content skip-content--target-link\" href=\"#in-content-skip-link-target-v-0-0\">Artikel weiterlesen<\/a><\/p>\n<p>Mainz (Rheinland-Pfalz) \u2013 <b>Als S\u00e4ngerin Kavila (48) Anfang August mit ihrem Mann Andreas Wiener (46) zur Aufzeichnung der \u201eGiovanni Zarrella Show\u201c nach Mainz fuhr, freute sie sich auf einen entspannten Abend \u2013 im Publikum. Sie ahnte nicht, dass ihr Mann ein Geheimnis h\u00fctete. Sie ahnte nicht, dass Giovanni Zarrella (48) die Geschichte \u00fcber ihren gr\u00f6\u00dften Wunsch kurz vorher in BILD gelesen hatte. Und schon gar nicht, dass sie gleich auf einer der gr\u00f6\u00dften deutschen Showb\u00fchnen stehen und Tina Turners Welthit \u201eSimply the Best\u201c singen w\u00fcrde. Ohne Probe. Ohne Vorbereitung.<\/b><\/p>\n<p>Am Samstagabend um 20.15 Uhr k\u00f6nnen Millionen Zuschauer im <a href=\"https:\/\/www.bild.de\/themen\/organisationen\/zdf\/organisation-news-fotos-videos-19409352.bild.html\" class=\"text-link\" rel=\"nofollow noopener\" target=\"_blank\">ZDF<\/a> sehen, was Kavila an diesem Abend erlebt hat. Zarrellas \u201eGro\u00dfe Sommerparty\u201c wurde am 8. August als Open-Air-Show auf dem Gel\u00e4nde des ZDF-\u201e<a href=\"https:\/\/www.bild.de\/unterhaltung\/stars-und-leute\/engelbert-humperdinck-rockt-mit-90-jahren-den-zdf-fernsehgarten-6a81daaf169e8e32c0aea642\" class=\"text-link\" rel=\"nofollow noopener\" target=\"_blank\">Fernsehgartens<\/a>\u201c in Mainz aufgezeichnet. 4700 Zuschauer waren dabei \u2013 auch BILD. F\u00fcr Kavila wurde dieser Abend zu einem der emotionalsten ihres Lebens. \u201eIch wusste absolut nichts und war komplett \u00fcberrascht\u201c, erz\u00e4hlt sie BILD. \u201eDass mein Mann es tats\u00e4chlich geschafft hat, das alles vor mir geheim zu halten, ist f\u00fcr mich immer noch unfassbar. Damit h\u00e4tte ich \u00fcberhaupt nicht gerechnet. Diese \u00dcberraschung ist definitiv gelungen!\u201c<\/p>\n<p> An dieser Stelle findest du Inhalte aus Instagram <\/p>\n<p> Um mit Inhalten aus Instagram und anderen sozialen Netzwerken zu interagieren oder diese darzustellen, brauchen wir deine Zustimmung. <\/p>\n<p> soziale Netzwerke aktivieren Kavila: \u201eEs ist nie zu sp\u00e4t f\u00fcr einen Neuanfang\u201c<\/p>\n<p>Dabei hatte Kavila genau von diesem Moment getr\u00e4umt. Erst k\u00fcrzlich erz\u00e4hlte die S\u00e4ngerin BILD ihre ungew\u00f6hnliche Geschichte. Mit b\u00fcrgerlichem Namen hei\u00dft sie Anita Kavila Wiener. Geboren in Mombasa (Kenia), aufgewachsen in Pforzheim. Sie stand schon mit Weltstars wie <a href=\"https:\/\/www.bild.de\/themen\/personen\/mariah-carey\/musik-nachrichten-news-fotos-videos-15798034.bild.html\" class=\"text-link\" rel=\"nofollow noopener\" target=\"_blank\">Mariah Carey<\/a>, Chaka Khan, den Jacksons, Jessie J und Leona Lewis auf der B\u00fchne. Zehn Jahre lang trat sie mit ihrer Band bei den VIP-Aftershow-Partys der ber\u00fchmten Schweizer Eiskunstlauf-Show \u201eArt on Ice\u201c auf. Doch mit 48 Jahren hat sie noch einen gro\u00dfen Traum. Sie will Schlagers\u00e4ngerin werden. \u201eEs ist nie zu sp\u00e4t f\u00fcr einen Neuanfang und daf\u00fcr, seine Tr\u00e4ume zu leben\u201c, sagte Kavila im Juli zu BILD. \u201eViele denken wegen meiner Herkunft automatisch, dass ich Soul oder Rap singe. Wenn ich dann Deutsch singe, ist das Publikum erst einmal verbl\u00fcfft \u2013 und danach meistens begeistert.\u201c<\/p>\n<p>Mehr zum ThemaZarrella nahm heimlich Kontakt zu Kavilas Mann auf<\/p>\n<p>Sie sagte damals ganz offen, wohin sie eines Tages m\u00f6chte: in die gro\u00dfen Schlager-Shows von <a href=\"https:\/\/www.bild.de\/unterhaltung\/leute\/florian-silbereisen\/thema-florian-silbereisen-alle-infos-80274832.bild.html\" class=\"text-link\" rel=\"nofollow noopener\" target=\"_blank\">Florian Silbereisen<\/a> (45) und <a href=\"https:\/\/www.bild.de\/themen\/personen\/giovanni-zarrella-news-und-infos-Pg8Wv0mX3lqBP5WOhBR5\" class=\"text-link\" rel=\"nofollow noopener\" target=\"_blank\">Giovanni Zarrella<\/a>. Offenbar las einer davon BILD \u2013 Giovanni Zarrella! Der Moderator nahm heimlich Kontakt zu ihrem Mann auf. Andreas bekam zwei Tickets f\u00fcr die Aufzeichnung. Seiner Frau verriet er nichts.<\/p>\n<p>Und pl\u00f6tzlich stand dieser smarte Italiener mit dem Mikro in der Hand neben ihr und sprach sie an. Ob sie sich zutraue, jetzt, auf der Stelle und ohne Probe, \u201eSimply the Best\u201c von Tina Turner zu singen? Nat\u00fcrlich traute sie sich, nahm das Mikrofon und schmetterte los. G\u00e4nsehaut! Und w\u00e4hrend sie dort stand, begriff sie langsam, was da gerade passierte. Der Traum, \u00fcber den sie noch kurz zuvor mit BILD gesprochen hatte, wurde in diesem Moment Wirklichkeit. Die Menschen jubelten und feierten diese Frau, die wenige Minuten zuvor noch neben ihnen gestanden hatte. Kavila zu BILD: \u201eAls ich gemerkt habe, wie begeistert das Publikum reagierte, war das einfach \u00fcberw\u00e4ltigend. Ich war erleichtert und einfach nur gl\u00fccklich.\u201c<\/p>\n<p><img decoding=\"async\" width=\"992\" height=\"626\" alt=\"Badischer Dialekt, deutsche Kultur und eine gro\u00dfe Leidenschaft f\u00fcr Schlager: Kavila ist zwar gelernte Rechtsanwaltsgehilfin, doch der Job wurde ihr irgendwann zu langweilig\" loading=\"lazy\" src=\"https:\/\/www.europesays.com\/de\/wp-content\/uploads\/2026\/08\/91b41c08f10f6e9061b3d388e231a411,e3d39a6.jpeg\"   class=\"dynamic\"\/><\/p>\n<p class=\"fig__caption__text\">Badischer Dialekt, deutsche Kultur und eine gro\u00dfe Leidenschaft f\u00fcr Schlager: Kavila ist zwar gelernte Rechtsanwaltsgehilfin, doch der Job wurde ihr irgendwann zu langweilig<\/p>\n<p>Foto: ZDF\/Sascha Baumann<\/p>\n<p>Und nach diesem Abend? \u201eIch konnte nicht gut schlafen, war v\u00f6llig durcheinander. Aber auf die allersch\u00f6nste Art. Ich konnte kaum glauben, was ich gerade erlebt hatte.\u201c Und Giovanni Zarrella? Der machte Kavila nach ihrem \u00dcberraschungsauftritt noch ein Versprechen: Sie darf im November wiederkommen. Dann nicht als Zuschauerin, sondern als eingeladener Gast seiner Show. F\u00fcr Kavila wurde aus einem Traum ein neuer Anfang.<\/p>\n","protected":false},"excerpt":{"rendered":"TTS-Player \u00fcberspringen\u21b5Artikel weiterlesen Mainz (Rheinland-Pfalz) \u2013 Als S\u00e4ngerin Kavila (48) Anfang August mit ihrem Mann Andreas Wiener (46)&hellip;\n","protected":false},"author":2,"featured_media":1266138,"comment_status":"","ping_status":"","sticky":false,"template":"","format":"standard","meta":{"footnotes":"","_share_on_mastodon":"0"},"categories":[155],"tags":[29,214,30,245286,970,32942,138370,90162,215,40549,1448,41448],"class_list":["post-1266137","post","type-post","status-publish","format-standard","has-post-thumbnail","category-unterhaltung","tag-deutschland","tag-entertainment","tag-germany","tag-mombasa","tag-schlager","tag-silbereisen-florian","tag-team-first","tag-turner-tina","tag-unterhaltung","tag-zarrella-giovanni","tag-zdf","tag-zdf-fernsehgarten"],"share_on_mastodon":{"url":"https:\/\/pubeurope.com\/@de\/117173427948097168","error":""},"_links":{"self":[{"href":"https:\/\/www.europesays.com\/de\/wp-json\/wp\/v2\/posts\/1266137","targetHints":{"allow":["GET"]}}],"collection":[{"href":"https:\/\/www.europesays.com\/de\/wp-json\/wp\/v2\/posts"}],"about":[{"href":"https:\/\/www.europesays.com\/de\/wp-json\/wp\/v2\/types\/post"}],"author":[{"embeddable":true,"href":"https:\/\/www.europesays.com\/de\/wp-json\/wp\/v2\/users\/2"}],"replies":[{"embeddable":true,"href":"https:\/\/www.europesays.com\/de\/wp-json\/wp\/v2\/comments?post=1266137"}],"version-history":[{"count":0,"href":"https:\/\/www.europesays.com\/de\/wp-json\/wp\/v2\/posts\/1266137\/revisions"}],"wp:featuredmedia":[{"embeddable":true,"href":"https:\/\/www.europesays.com\/de\/wp-json\/wp\/v2\/media\/1266138"}],"wp:attachment":[{"href":"https:\/\/www.europesays.com\/de\/wp-json\/wp\/v2\/media?parent=1266137"}],"wp:term":[{"taxonomy":"category","embeddable":true,"href":"https:\/\/www.europesays.com\/de\/wp-json\/wp\/v2\/categories?post=1266137"},{"taxonomy":"post_tag","embeddable":true,"href":"https:\/\/www.europesays.com\/de\/wp-json\/wp\/v2\/tags?post=1266137"}],"curies":[{"name":"wp","href":"https:\/\/api.w.org\/{rel}","templated":true}]}}