{"id":1266143,"date":"2026-08-28T13:46:18","date_gmt":"2026-08-28T13:46:18","guid":{"rendered":"https:\/\/www.europesays.com\/de\/1266143\/"},"modified":"2026-08-28T13:46:18","modified_gmt":"2026-08-28T13:46:18","slug":"mann-festgenommen-deutsche-touristin-tot-an-strand-in-spanien-entdeckt-news","status":"publish","type":"post","link":"https:\/\/www.europesays.com\/de\/1266143\/","title":{"rendered":"Mann festgenommen: Deutsche Touristin tot an Strand in Spanien entdeckt | News"},"content":{"rendered":"<p><a class=\"skip-content skip-content--link\" href=\"#in-content-skip-link-target-v-0-0\">TTS-Player \u00fcberspringen\u21b5<\/a><a id=\"in-content-skip-link-target-v-0-0\" class=\"skip-content--target-link-hidden skip-content skip-content--target-link\" href=\"#in-content-skip-link-target-v-0-0\">Artikel weiterlesen<\/a><\/p>\n<p>Huelva (Spanien) \u2013 <b>Grausiger Fund in Spanien: In der K\u00fcstenstadt Isla Cristina wurde eine 47-j\u00e4hrige Deutsche tot aufgefunden. Die Frau hatte mehrere Stichverletzungen. Kurz nach dem Fund wurde ein Tatverd\u00e4chtiger von der Guardia Civil festgenommen. Es handelt sich um den 60-j\u00e4hrigen Lebensgef\u00e4hrten der Deutschen, einen Italiener.<\/b><\/p>\n<p>Ein Notruf um 8.50 Uhr am Freitag alarmierte Polizei und Rettungskr\u00e4fte in der K\u00fcstenstadt Isla Cristina in Andalusien. Wie die Lokalzeitung <a href=\"https:\/\/www.huelvainformacion.es\/huelva\/mujer-alemana-muere-recibir-veintena_0_2007818650.html\" target=\"_blank\" rel=\"nofollow noopener\" class=\"text-link\">\u201eHuelva Informaci\u00f3n\u201c<\/a> berichtet, war an der Promenade eines beliebten Strandabschnitts die Leiche einer Frau entdeckt worden. Als die Einsatzkr\u00e4fte eintrafen, konnten sie nur noch ihren Tod feststellen. Besonders ersch\u00fctternd: Der Leichnam soll mehr als 20 Stichwunden aufgewiesen haben.<\/p>\n<p><img decoding=\"async\" width=\"992\" height=\"558\" alt=\"Die malerische K\u00fcste von Isla Cristina: An einem beliebten Strandabschnitt wurde die Frauenleiche entdeckt (Archivfoto)\" loading=\"lazy\" src=\"https:\/\/www.europesays.com\/de\/wp-content\/uploads\/2026\/08\/6329f3ba104b1cc7bbcc3553134d9f06,6efeb4d7.jpeg\"   class=\"landscape\"\/><\/p>\n<p class=\"fig__caption__text\">Die malerische K\u00fcste von Isla Cristina: An einem beliebten Strandabschnitt wurde die Frauenleiche entdeckt (Archivfoto)<\/p>\n<p>Foto: IMAGO\/imagebroker<\/p>\n<p>Paar reiste mit einem Wohnmobil durch Spanien<\/p>\n<p>Sofort geriet ein 60\u2011j\u00e4hriger Italiener, der Lebensgef\u00e4hrte der Deutschen, in den Fokus der Ermittler. Er befand sich laut Medienberichten beim Eintreffen der Rettungskr\u00e4fte mit einem <a href=\"https:\/\/www.bild.de\/themen\/specials\/messerangriff\/news-fotos-videos-0h8oWhiUnMNXfTNwVJ1r\" class=\"text-link\" rel=\"nofollow noopener\" target=\"_blank\">Messer<\/a> in der Hand am Tatort. Bewaffnete <a href=\"https:\/\/www.bild.de\/regional\/aktuelles\/polizei\/polizeieinsatz-alle-infos-76681760.bild.html\" class=\"text-link\" rel=\"nofollow noopener\" target=\"_blank\">Polizisten<\/a> nahmen den Mann fest. Er gilt als dringend tatverd\u00e4chtig, seine Partnerin get\u00f6tet zu haben. <\/p>\n<p>Mehr zum Thema<\/p>\n<p>Das Paar war gemeinsam mit einem Wohnmobil in <a href=\"https:\/\/www.bild.de\/news\/ausland\/spanien\/thema-spanien-alle-infos-80024300.bild.html\" class=\"text-link\" rel=\"nofollow noopener\" target=\"_blank\">Spanien<\/a> unterwegs. Das Fahrzeug steht noch immer unweit des Tatorts am Strand, inzwischen von Ermittlern auf Spuren untersucht und mit Flatterband abgesperrt. Warum es zu der grausamen Tat kam und welches Motiv dahinterstecken k\u00f6nnte, ist noch unklar. Die Ermittlungen wegen Mordes dauern an.<\/p>\n","protected":false},"excerpt":{"rendered":"TTS-Player \u00fcberspringen\u21b5Artikel weiterlesen Huelva (Spanien) \u2013 Grausiger Fund in Spanien: In der K\u00fcstenstadt Isla Cristina wurde eine 47-j\u00e4hrige&hellip;\n","protected":false},"author":2,"featured_media":1266144,"comment_status":"","ping_status":"","sticky":false,"template":"","format":"standard","meta":{"footnotes":"","_share_on_mastodon":"0"},"categories":[3],"tags":[1737,1736,13,14,15,16039,12,4026,7291,138370,10,8,9,11,103,104],"class_list":["post-1266143","post","type-post","status-publish","format-standard","has-post-thumbnail","category-welt","tag-breaking-news","tag-fb-instantarticles","tag-headlines","tag-nachrichten","tag-news","tag-polizeiliche-massnahmen","tag-schlagzeilen","tag-spanien","tag-strand","tag-team-first","tag-top-news","tag-top-meldungen","tag-topmeldungen","tag-topnews","tag-welt","tag-world"],"share_on_mastodon":{"url":"https:\/\/pubeurope.com\/@de\/117173447907735067","error":""},"_links":{"self":[{"href":"https:\/\/www.europesays.com\/de\/wp-json\/wp\/v2\/posts\/1266143","targetHints":{"allow":["GET"]}}],"collection":[{"href":"https:\/\/www.europesays.com\/de\/wp-json\/wp\/v2\/posts"}],"about":[{"href":"https:\/\/www.europesays.com\/de\/wp-json\/wp\/v2\/types\/post"}],"author":[{"embeddable":true,"href":"https:\/\/www.europesays.com\/de\/wp-json\/wp\/v2\/users\/2"}],"replies":[{"embeddable":true,"href":"https:\/\/www.europesays.com\/de\/wp-json\/wp\/v2\/comments?post=1266143"}],"version-history":[{"count":0,"href":"https:\/\/www.europesays.com\/de\/wp-json\/wp\/v2\/posts\/1266143\/revisions"}],"wp:featuredmedia":[{"embeddable":true,"href":"https:\/\/www.europesays.com\/de\/wp-json\/wp\/v2\/media\/1266144"}],"wp:attachment":[{"href":"https:\/\/www.europesays.com\/de\/wp-json\/wp\/v2\/media?parent=1266143"}],"wp:term":[{"taxonomy":"category","embeddable":true,"href":"https:\/\/www.europesays.com\/de\/wp-json\/wp\/v2\/categories?post=1266143"},{"taxonomy":"post_tag","embeddable":true,"href":"https:\/\/www.europesays.com\/de\/wp-json\/wp\/v2\/tags?post=1266143"}],"curies":[{"name":"wp","href":"https:\/\/api.w.org\/{rel}","templated":true}]}}