{"id":1266145,"date":"2026-08-28T13:47:20","date_gmt":"2026-08-28T13:47:20","guid":{"rendered":"https:\/\/www.europesays.com\/de\/1266145\/"},"modified":"2026-08-28T13:47:20","modified_gmt":"2026-08-28T13:47:20","slug":"umstrittene-polizeieinsaetze-tot-nach-fixierung","status":"publish","type":"post","link":"https:\/\/www.europesays.com\/de\/1266145\/","title":{"rendered":"Umstrittene Polizeieins\u00e4tze: Tot nach Fixierung?"},"content":{"rendered":"<p>            <img loading=\"lazy\" decoding=\"async\" class=\"ts-image\" src=\"https:\/\/www.europesays.com\/de\/wp-content\/uploads\/2026\/08\/barry-102.jpg\" alt=\"Ein Foto von Ibrahima Barry ist auf einem Plakat zu sehen.\" title=\"Ein Foto von Ibrahima Barry ist auf einem Plakat zu sehen. | IMAGO\/Funke Foto Services\"\/><\/p>\n<p>                    <strong>Exklusiv<\/strong><\/p>\n<p class=\"metatextline\">Stand: 28.08.2026 \u2022 14:40 Uhr<\/p>\n<p class=\"article-head__shorttext\">\n        <strong>In M\u00fclheim stirbt ein Mann nach einem Polizeieinsatz. Auswertungen von Videoaufnahmen, die MONITOR vorliegen, legen nahe, dass ungerechtfertigte Polizeigewalt und eine gef\u00e4hrliche Fixierungstechnik zu seinem Tod gef\u00fchrt haben k\u00f6nnte.<\/strong>\n    <\/p>\n<p>Von Selome Abdulaziz und Greta Stangner, WDR\n                    <\/p>\n<p class=\"textabsatz m-ten m-offset-one l-eight l-offset-two columns twelve\">Es ist der Abend des 6. Januar 2024. Ibrahima Barry, 26 Jahre alt, lebt in einer Gefl\u00fcchtetenunterkunft in M\u00fclheim, Nordrhein-Westfalen. An diesem Abend soll sich Barry in einer psychischen Ausnahmesituation befinden, in seinem Zimmer geschrien haben. Der Sicherheitsdienst der Unterkunft ruft die Polizei.<\/p>\n<p class=\"textabsatz m-ten m-offset-one l-eight l-offset-two columns twelve\">Einige Momente sp\u00e4ter endet das Leben von Barry. Was davor offenbar passiert ist, zeigt die Aufbereitung von Bodycam-Aufnahmen durch die Rechercheagentur Forensis, die MONITOR exklusiv vorliegen. Spezialisten haben die Aufnahmen stabilisiert, synchronisiert und mithilfe von 3D-Modellen rekonstruiert. So l\u00e4sst sich nachvollziehen, was in den letzten Minuten von Barrys Leben passiert ist.<\/p>\n<p>    Barry kollabiert nach Fixierung in Bauchlage<\/p>\n<p class=\"textabsatz m-ten m-offset-one l-eight l-offset-two columns twelve\">Auf den Bildern ist zu sehen, wie die zur Beruhigung der Lage herbeigerufenen Polizeibeamten in das Zimmer von Barry st\u00fcrmen und ihn zu Boden ringen. Barry rei\u00dft sich los, wird getasert, dann brechen die Aufnahmen der ersten Bodycam ab. Aufnahmen einer weiteren Bodycam zeigen Barry wenig sp\u00e4ter auf dem Bauch liegend, H\u00e4nde und F\u00fc\u00dfe hinter dem R\u00fccken gefesselt. In dieser Position bleibt er nach der Analyse von Forensis mindestens zw\u00f6lf Minuten, w\u00e4hrend mindestens zwei Polizisten Druck mit Knien und F\u00fc\u00dfen auf Barrys R\u00fccken aus\u00fcben.<\/p>\n<p class=\"textabsatz m-ten m-offset-one l-eight l-offset-two columns twelve\">Wenig sp\u00e4ter kollabiert Ibrahima Barry und wird mit Herz-Kreislauf-Stillstand ins Krankenhaus gebracht. Er stirbt noch in derselben Nacht. Die Obduktion ergibt sp\u00e4ter, dass Barry Kokain konsumiert hatte. Und es wurde zudem eine \u00dcbers\u00e4uerung des Blutes festgestellt &#8211; ein Befund, der zu einem sogenannten lagebedingten Erstickungstod passen w\u00fcrde.<\/p>\n<p>    Gefahr des Erstickungstodes<\/p>\n<p class=\"textabsatz m-ten m-offset-one l-eight l-offset-two columns twelve\">Der Notarzt Peter Roos forscht seit Jahren zum Erstickungstod von Menschen durch Fixierung in Bauchlage und warnt: &#8222;Es ist ein Unterschied, wenn man die H\u00e4nde nach vorne nehmen kann, den Brustkorb entlasten und durchatmen, oder ob man so flach auf dem Boden liegt.&#8220; Durch diese Position werde in der Folge die Atmung behindert, auch der R\u00fcckstrom des Blutes zum Herzen werde abgedr\u00fcckt, Muskeln produzierten viel Milchs\u00e4ure, was zu einer \u00dcbers\u00e4uerung des Blutes f\u00fchre, so Roos.<\/p>\n<p class=\"textabsatz m-ten m-offset-one l-eight l-offset-two columns twelve\">Eine Gefahr, die die Beamten eigentlich kennen m\u00fcssten. MONITOR liegt ein Merkblatt der Polizei NRW vor, das zeigt: Schon in der Ausbildung von Polizeibeamten wird ausdr\u00fccklich vor einem Erstickungstod durch Sauerstoffmangel bei einer Fixierung in Bauchlage gewarnt wird. Die Bauchlage solle deshalb nach der Fesselung m\u00f6glichst umgehend aufgehoben werden.<\/p>\n<p class=\"textabsatz m-ten m-offset-one l-eight l-offset-two columns twelve\">Auf den Bodycam Aufnahmen des Einsatzes in M\u00fchlheim, bei dem Ibrahima Barry gestorben ist, ist davon nichts zu sehen. Nur ein einziges Mal weist einer der Beamten eine Polizistin darauf hin, mit dem Knie von Barrys Lunge zu gehen. Die Forensis-Expertin Phoebe Walton bewertet das Verhalten der Polizisten gegen\u00fcber MONITOR als &#8222;entmenschlichend&#8220;: &#8222;Sie behandeln ihn nicht wie jemanden, der Hilfe ben\u00f6tigt.&#8220;<\/p>\n<p>    Neun Polizisten wegen gef\u00e4hrlicher K\u00f6rperverletzung angeklagt<\/p>\n<p class=\"textabsatz m-ten m-offset-one l-eight l-offset-two columns twelve\">Die Polizei Essen verweist auf Anfrage auf ein Verfahren vor dem Landgericht Duisburg. Neun Polizisten sind dort angeklagt &#8211; bislang wegen gef\u00e4hrlicher K\u00f6rperverletzung. Die Angeh\u00f6rigen von Barry hoffen, dass mithilfe der Bodycam-Auswertungen nun auch gekl\u00e4rt wird, ob die Fixierung tats\u00e4chlich zu dessen Tod gef\u00fchrt hat.<\/p>\n<p class=\"textabsatz m-ten m-offset-one l-eight l-offset-two columns twelve\">Notarzt Roos ist \u00fcberzeugt, dass es immer wieder zu \u00e4hnlichen F\u00e4llen durch die Fixierung in Bauchlage kommt, die aber nicht systematisch ausgewertet w\u00fcrden: &#8222;Dadurch, dass das so viele Einzelf\u00e4lle sind, die nie zu einem Ganzen zusammengef\u00fcgt werden, denkt man, es sind Einzelf\u00e4lle. Erst wenn sie zusammengef\u00fcgt werden, sieht man, da ist ein Muster dahinter.&#8220;<\/p>\n<p class=\"textabsatz m-ten m-offset-one l-eight l-offset-two columns twelve\">Ein Muster? Verl\u00e4ssliche bundesweite Zahlen gibt es nicht. Trotzdem kommt es immer wieder zu F\u00e4llen, in denen Menschen nach einer Fixierung in Bauchlage sterben oder schwer gesch\u00e4digt werden.<\/p>\n<p>    Fall von K\u00f6lner Erzieher sorgt f\u00fcr Aufsehen<\/p>\n<p class=\"textabsatz m-ten m-offset-one l-eight l-offset-two columns twelve\">Zuletzt sorgte der <a href=\"https:\/\/www.tagesschau.de\/inland\/regional\/nordrheinwestfalen\/wdr-neues-handyvideo-zu-polizeieinsatz-war-pedro-corona-wirklich-aggressiv-100.html\" title=\"Nordrhein-Westfalen: Staatsanwaltschaft ermittelt gegen Polizei und \u00c4rztin\" rel=\"nofollow noopener\" target=\"_blank\">Fall des K\u00f6lner Erziehers Pedro Corona<\/a> bundesweit f\u00fcr Aufsehen. Auch er war in einer psychischen Ausnahmesituation, wurde in seiner Wohnung von der Polizei \u00fcberw\u00e4ltigt und zu Boden gebracht. Dort wehrte sich Corona und wurde anschlie\u00dfend in Bauchlage fixiert. \u00c4hnlich wie bei anderen F\u00e4llen war auch Corona wenig sp\u00e4ter im Beisein von Rettungskr\u00e4ften kollabiert, musste nach einem Herzstillstand reanimiert werden. Heute ist Corona schwerstbehindert.<\/p>\n<p class=\"textabsatz m-ten m-offset-one l-eight l-offset-two columns twelve\">Laut Entlassungsschreiben der Klinik sei es bei Corona zu einer &#8222;Hypoxie unter Fixierungsma\u00dfnahme&#8220; gekommen, also einem Sauerstoffmangel w\u00e4hrend der Fixierung gekommen. Das habe demnach zu einem Herz-Kreislauf-Stillstand gef\u00fchrt.<\/p>\n<p class=\"textabsatz m-ten m-offset-one l-eight l-offset-two columns twelve\">F\u00fcr den Polizeiwissenschaftler Thomas Feltes ein weiteres Beispiel f\u00fcr unverh\u00e4ltnism\u00e4\u00dfiges Anwenden einer Fixierung in Bauchlage: &#8222;Ich muss gestehen, dass ich in meiner Erfahrung mit dem lagebedingten Erstickungstod &#8211; und die erstreckt sich auf \u00fcber 30 Jahre &#8211; eine solche Kumulation von Fehlverhalten von Polizei, aber auch Rettungskr\u00e4ften, noch nie gesehen habe.&#8220;<\/p>\n<p>    Reul lehnt Verbot der Fixierungstechnik ab<\/p>\n<p class=\"textabsatz m-ten m-offset-one l-eight l-offset-two columns twelve\">Meldungen und F\u00e4lle, die sich \u00e4hneln. Was aber ist die Konsequenz daraus? NRW-Innenminister Herbert Reul (CDU) sagt dazu im Interview mit MONITOR: &#8222;Fragen Sie mich nicht, ich wei\u00df es nicht. Ich kann es auch nicht beantworten, weil die Lage ist klar, die Anweisung ist auch klar, die Ausbildung ist auch klar, glasklar. Es gibt immer so ein Restrisiko von Fehlerhaftigkeit, die Menschen innehaben, und es kann sein, dass Menschen Fehler machen.&#8220;<\/p>\n<p class=\"textabsatz m-ten m-offset-one l-eight l-offset-two columns twelve\">Eine \u00c4nderung der Anweisungen h\u00e4lt Reul f\u00fcr nicht erforderlich, ein Verbot der Fixierungstechnik lehnt er ab: &#8222;Aber nur im Rahmen dieser Vorschriften unter strenger Beobachtung der Regeln, weil es manchmal notwendig sein kann, nur so jemanden zur Ruhe zu bringen.&#8220;<\/p>\n","protected":false},"excerpt":{"rendered":"Exklusiv Stand: 28.08.2026 \u2022 14:40 Uhr In M\u00fclheim stirbt ein Mann nach einem Polizeieinsatz. Auswertungen von Videoaufnahmen, die&hellip;\n","protected":false},"author":2,"featured_media":1266146,"comment_status":"","ping_status":"","sticky":false,"template":"","format":"standard","meta":{"footnotes":"","_share_on_mastodon":"0"},"categories":[2],"tags":[29,76032,30,13,14,15,25441,12,10,8,9,11],"class_list":["post-1266145","post","type-post","status-publish","format-standard","has-post-thumbnail","category-deutschland","tag-deutschland","tag-fixierung","tag-germany","tag-headlines","tag-nachrichten","tag-news","tag-polizeigewalt","tag-schlagzeilen","tag-top-news","tag-top-meldungen","tag-topmeldungen","tag-topnews"],"share_on_mastodon":{"url":"https:\/\/pubeurope.com\/@de\/117173451402102590","error":""},"_links":{"self":[{"href":"https:\/\/www.europesays.com\/de\/wp-json\/wp\/v2\/posts\/1266145","targetHints":{"allow":["GET"]}}],"collection":[{"href":"https:\/\/www.europesays.com\/de\/wp-json\/wp\/v2\/posts"}],"about":[{"href":"https:\/\/www.europesays.com\/de\/wp-json\/wp\/v2\/types\/post"}],"author":[{"embeddable":true,"href":"https:\/\/www.europesays.com\/de\/wp-json\/wp\/v2\/users\/2"}],"replies":[{"embeddable":true,"href":"https:\/\/www.europesays.com\/de\/wp-json\/wp\/v2\/comments?post=1266145"}],"version-history":[{"count":0,"href":"https:\/\/www.europesays.com\/de\/wp-json\/wp\/v2\/posts\/1266145\/revisions"}],"wp:featuredmedia":[{"embeddable":true,"href":"https:\/\/www.europesays.com\/de\/wp-json\/wp\/v2\/media\/1266146"}],"wp:attachment":[{"href":"https:\/\/www.europesays.com\/de\/wp-json\/wp\/v2\/media?parent=1266145"}],"wp:term":[{"taxonomy":"category","embeddable":true,"href":"https:\/\/www.europesays.com\/de\/wp-json\/wp\/v2\/categories?post=1266145"},{"taxonomy":"post_tag","embeddable":true,"href":"https:\/\/www.europesays.com\/de\/wp-json\/wp\/v2\/tags?post=1266145"}],"curies":[{"name":"wp","href":"https:\/\/api.w.org\/{rel}","templated":true}]}}