{"id":1266157,"date":"2026-08-28T13:58:24","date_gmt":"2026-08-28T13:58:24","guid":{"rendered":"https:\/\/www.europesays.com\/de\/1266157\/"},"modified":"2026-08-28T13:58:24","modified_gmt":"2026-08-28T13:58:24","slug":"braunschweig-nach-germanwings-absturz-2015-angehoerige-verklagen-bundesrepublik","status":"publish","type":"post","link":"https:\/\/www.europesays.com\/de\/1266157\/","title":{"rendered":"Braunschweig: Nach Germanwings-Absturz 2015! Angeh\u00f6rige verklagen Bundesrepublik"},"content":{"rendered":"<p>Prozessauftakt elf Jahre nach Flugzeug-Ungl\u00fcckNach Germanwings-Absturz 2015! Angeh\u00f6rige verklagen Bundesrepublik<img alt=\"Am Landgericht Braunschweig k\u00e4mpfen 30 Hinterbliebene f\u00fcr Schadenersatz\" fetchpriority=\"high\" width=\"940\" height=\"529\" decoding=\"async\" data-nimg=\"1\" class=\"Image_image__SdgLQ Picture_image__vGN9W\" style=\"color:transparent\"   src=\"https:\/\/www.europesays.com\/de\/wp-content\/uploads\/2026\/08\/0199b9ef-1e19-7421-ac99-b95655546432original.webp\"\/><\/p>\n<p>Im M\u00e4rz 2015 st\u00fcrzte das Flugzeug in den Alpen ab.<\/p>\n<p>epa, Sebastien Nogier\/dpa, Sebastien Nogier<\/p>\n<p class=\"AnnotatedMarkup_paragraph__IUT9l\"><strong>150 Menschen starben!<\/strong><br \/>Vor elf Jahren bringt Copilot Andreas Lubitz eine Germanwings-Maschine absichtlich zum Absturz. Seit Freitag (28. August) l\u00e4uft nun ein weiteres Gerichtsverfahren: Vor dem Landgericht Braunschweig k\u00e4mpfen 30 Angeh\u00f6rige um zus\u00e4tzlichen Schadensersatz von der Bundesrepublik Deutschland.<\/p>\n<p>Angeh\u00f6rige k\u00e4mpfen weiter <\/p>\n<p class=\"AnnotatedMarkup_paragraph__IUT9l\">Der Absturz der\u00a0Germanwings-Maschine am 24. M\u00e4rz 2015 ist mehr als zehn Jahre nach der Katastrophe juristisch noch nicht endg\u00fcltig aufgearbeitet. Vor Gericht wird in einem neuen Verfahren um zus\u00e4tzlichen Schadenersatz gestritten. Nach dem Ungl\u00fcck wurden von der Lufthansa bereits Schmerzensgelder f\u00fcr Angeh\u00f6rige gezahlt.<\/p>\n<p class=\"AnnotatedMarkup_paragraph__IUT9l\">Jetzt k\u00e4mpfen 30 Hinterbliebene um Anspr\u00fcche von jeweils bis zu 110.000 Euro. <strong>\u201eWir verlangen, dass die Kammer das Verfahren \u00fcberhaupt pr\u00fcft.\u00a0(&#8230;)\u00a0Die Angeh\u00f6rigen haben lange genug auf eine Antwort gewartet\u201d<\/strong>, fordert Rechtsanwalt Julius Reiter. Es geht um eine m\u00f6gliche Verantwortung des Staates, der in Braunschweig durch das Luftfahrt-Bundesamt vertreten wird.<\/p>\n<p class=\"AnnotatedMarkup_paragraph__IUT9l\"><strong>Lese-Tipp:<\/strong> <a href=\"https:\/\/www.rtl.de\/news\/germanwings-absturz-2015-das-passierte-in-den-letzten-flugminuten-id30456142.html\" target=\"_self\" rel=\"nofollow noopener\">Germanwings-Absturz j\u00e4hrt sich zum elften Mal \u2013 das passierte in den letzten Flugminuten<\/a><\/p>\n<p>Alle Insassen starben bei Katastrophe<\/p>\n<p class=\"AnnotatedMarkup_paragraph__IUT9l\">Der Vorwurf: Die Flugtauglichkeit des Copiloten sei nicht ausreichend \u00fcberwacht worden. Nach den Ermittlungen der franz\u00f6sischen Flugunfalluntersuchungsbeh\u00f6rde BEA steuerte der Copilot Andreas Lubitz die Maschine bewusst gegen einen Berg in den Alpen.<strong> <\/strong>Der damals 27-J\u00e4hrige litt unter psychischen Problemen, suchte mehrfach \u00c4rzte auf \u2013 verbarg jedoch eine Krankschreibung f\u00fcr den Tag des Todesflugs. <strong>Alle 144 Passagiere und sechs Besatzungsmitglieder starben, unter den Toten waren 72 Deutsche.<\/strong><\/p>\n<p>Hier findet ihr Hilfe in schwierigen Situationen<img alt=\"Hier findet ihr Hilfe in schwierigen Situationen\" title=\"Hier findet ihr Hilfe in schwierigen Situationen\" fetchpriority=\"auto\" loading=\"lazy\" width=\"616\" height=\"347\" decoding=\"async\" data-nimg=\"1\" class=\"Image_image__SdgLQ InfoBox_image__0QZ4d\" style=\"color:transparent\"   src=\"https:\/\/www.europesays.com\/de\/wp-content\/uploads\/2026\/08\/hier-findet-ihr-hilfe-in-schwierigen-situationen.webp\"\/><\/p>\n<p>Solltet ihr selbst von Suizidgedanken betroffen sein, sucht euch bitte umgehend Hilfe. Versucht, mit anderen Menschen dar\u00fcber zu sprechen! Das k\u00f6nnen Freunde oder Verwandte sein. Es gibt aber auch die M\u00f6glichkeit, anonym mit anderen Menschen \u00fcber eure Gedanken zu sprechen. Das geht telefonisch, im Chat, per Mail oder pers\u00f6nlich.<\/p>\n<p>Wenn ihr schnell Hilfe braucht, dann findet ihr unter der kostenlosen Telefon-Hotline 0800 \u2013 1110111 oder 0800 \u2013 1110222 Menschen, die euch Auswege aus schwierigen Situationen aufzeigen k\u00f6nnen.<\/p>\n<p>Anzeige:<\/p>\n<p>Empfehlungen unserer Partner<\/p>\n<p>Video-Tipp: Zehn Jahre nach dem Germanwings-Absturz<\/p>\n<p>02:02 min<\/p>\n<p>Gedenken<\/p>\n<p>Zehn Jahre Germanwings-Absturz<\/p>\n<p>Versagen des Luftfahrt-Bundesamts?<\/p>\n<p class=\"AnnotatedMarkup_paragraph__IUT9l\">Infolge der Katastrophe kam es zu Diskussionen zum Umgang mit m\u00f6glichen psychischen Probleme von Angestellten in hochsensiblen Bereichen oder den Regeln in einem Flugzeug-Cockpit. <strong>Schon 2013 gab es in Mosambik einen Flugzeugabsturz durch den Suizid eines Piloten. Auch bei diesem Flug kamen alle Passagiere und Crew-Mitglieder ums Leben<\/strong>. Mit diesem Beispiel argumentierte am Freitag (28. August) ein Klagevertreter in Braunschweig. Der Vorwurf: Sp\u00e4testens nach diesem Vorfall h\u00e4tte das Luftfahrt-Bundesamt reagieren und Verfahren zur \u00dcberpr\u00fcfung der Flugtauglichkeit versch\u00e4rfen m\u00fcssen.<\/p>\n<p><img alt=\"RTL Nord NDS \/ HB\" fetchpriority=\"auto\" loading=\"lazy\" width=\"615\" height=\"346\" decoding=\"async\" data-nimg=\"1\" class=\"Image_image__SdgLQ RtlPlusContent_image__Gbn0N\" style=\"color:transparent\"   src=\"https:\/\/www.europesays.com\/de\/wp-content\/uploads\/2026\/08\/rtl-nord-nds-hb.webp\"\/>Chancen f\u00fcr Angeh\u00f6rige stehen schlecht<\/p>\n<p class=\"AnnotatedMarkup_paragraph__IUT9l\"><strong>Gro\u00dfe Hoffnungen auf einen juristischen Erfolg sollten sich die Hinterbliebenen laut der Richterin jedoch nicht machen. <\/strong>Schon vorab wurden sie informiert, dass die Klage als unschl\u00fcssig gewertet werden k\u00f6nnte. Nach Auffassung des Gerichts m\u00fcssten die Betroffenen ihre Schadensanspr\u00fcche bei der Fluggesellschaft anmelden. Die Kammer verk\u00fcndete am Freitag (28. August), sich zu dem Ungl\u00fcck zu beraten. <strong>Am 6. Oktober wird ein Urteil erwartet. <\/strong><\/p>\n<p class=\"AnnotatedMarkup_paragraph__IUT9l\">Verwendete Quellen: Eigene RTL-Recherche, AFP, dpa<\/p>\n","protected":false},"excerpt":{"rendered":"Prozessauftakt elf Jahre nach Flugzeug-Ungl\u00fcckNach Germanwings-Absturz 2015! Angeh\u00f6rige verklagen Bundesrepublik Im M\u00e4rz 2015 st\u00fcrzte das Flugzeug in den&hellip;\n","protected":false},"author":2,"featured_media":1266158,"comment_status":"","ping_status":"","sticky":false,"template":"","format":"standard","meta":{"footnotes":"","_share_on_mastodon":"0"},"categories":[1850],"tags":[7887,6429,2420,3364,29,548,663,3934,321,2690,30,13,14,15,1411,1269,5579,12],"class_list":["post-1266157","post","type-post","status-publish","format-standard","has-post-thumbnail","category-braunschweig","tag-alpen","tag-braunschweig","tag-bremen","tag-de","tag-deutschland","tag-eu","tag-europa","tag-europe","tag-flugzeugabsturz","tag-gericht","tag-germany","tag-headlines","tag-nachrichten","tag-news","tag-niedersachsen","tag-prozess","tag-rtl-nord","tag-schlagzeilen"],"share_on_mastodon":{"url":"https:\/\/pubeurope.com\/@de\/117173498188636319","error":""},"_links":{"self":[{"href":"https:\/\/www.europesays.com\/de\/wp-json\/wp\/v2\/posts\/1266157","targetHints":{"allow":["GET"]}}],"collection":[{"href":"https:\/\/www.europesays.com\/de\/wp-json\/wp\/v2\/posts"}],"about":[{"href":"https:\/\/www.europesays.com\/de\/wp-json\/wp\/v2\/types\/post"}],"author":[{"embeddable":true,"href":"https:\/\/www.europesays.com\/de\/wp-json\/wp\/v2\/users\/2"}],"replies":[{"embeddable":true,"href":"https:\/\/www.europesays.com\/de\/wp-json\/wp\/v2\/comments?post=1266157"}],"version-history":[{"count":0,"href":"https:\/\/www.europesays.com\/de\/wp-json\/wp\/v2\/posts\/1266157\/revisions"}],"wp:featuredmedia":[{"embeddable":true,"href":"https:\/\/www.europesays.com\/de\/wp-json\/wp\/v2\/media\/1266158"}],"wp:attachment":[{"href":"https:\/\/www.europesays.com\/de\/wp-json\/wp\/v2\/media?parent=1266157"}],"wp:term":[{"taxonomy":"category","embeddable":true,"href":"https:\/\/www.europesays.com\/de\/wp-json\/wp\/v2\/categories?post=1266157"},{"taxonomy":"post_tag","embeddable":true,"href":"https:\/\/www.europesays.com\/de\/wp-json\/wp\/v2\/tags?post=1266157"}],"curies":[{"name":"wp","href":"https:\/\/api.w.org\/{rel}","templated":true}]}}