{"id":1266249,"date":"2026-08-28T15:03:22","date_gmt":"2026-08-28T15:03:22","guid":{"rendered":"https:\/\/www.europesays.com\/de\/1266249\/"},"modified":"2026-08-28T15:03:22","modified_gmt":"2026-08-28T15:03:22","slug":"fc-bayern-er-fehlt-beim-liga-start-gegen-stuttgart-jamal-musiala-trainiert-mit-18-000-euro-maschine-sport","status":"publish","type":"post","link":"https:\/\/www.europesays.com\/de\/1266249\/","title":{"rendered":"FC Bayern: Er fehlt beim Liga-Start gegen Stuttgart \u2013 Jamal Musiala trainiert mit 18.000-Euro-Maschine | Sport"},"content":{"rendered":"<p><a class=\"skip-content skip-content--link\" href=\"#in-content-skip-link-target-v-0-0\">TTS-Player \u00fcberspringen\u21b5<\/a><a id=\"in-content-skip-link-target-v-0-0\" class=\"skip-content--target-link-hidden skip-content skip-content--target-link\" href=\"#in-content-skip-link-target-v-0-0\">Artikel weiterlesen<\/a><\/p>\n<p>M\u00fcnchen \u2013 <b>Am heutigen Freitagabend (20.30 Uhr\/live bei Sat.1, Sky und hier im BILD-Liveticker) trifft der <\/b><a href=\"https:\/\/www.bild.de\/sport\/fussball\/bayern-muenchen\/startseite-fc-bayern-muenchen-31074450.bild.html\" class=\"text-link\" rel=\"nofollow noopener\" target=\"_blank\"><b>FC Bayern<\/b><\/a><b> im <\/b><a href=\"https:\/\/www.bild.de\/sport\/fussball\/bundesliga\/bundesliga-startseite-52368768.bild.html\" class=\"text-link\" rel=\"nofollow noopener\" target=\"_blank\"><b>Bundesliga<\/b><\/a><b>-Er\u00f6ffnungsspiel in der Allianz Arena auf den VfB Stuttgart. Wie BILD berichtete, steht Superstar Jamal Musiala (23\/Absencen wegen neurologischen Dysfunktionen) nach seinen zwei Zusammenbr\u00fcchen in der Vorbereitung noch nicht wieder im Kader. <\/b><\/p>\n<p>Musiala trainiert mit 18.000-Euro-Maschine<\/p>\n<p>Stattdessen gab der Offensivspieler am Freitagvormittag Vollgas bei einer besonderen individuellen Einheit an der S\u00e4bener Stra\u00dfe: Der deutsche Nationalspieler trainierte mit Reha-Chef Benjamin Sommer (44) und einer Super-Maschine, die fast 18.000 Euro kostet! Das Modell \u201eSprint 2\u201c der Firma 1080 gibt es neu f\u00fcr den Endkunden bei \u201epullsh\u201c, einer Plattform f\u00fcr Spitzensport-Trainingsger\u00e4te, ab 17.899,99 Euro.<\/p>\n<p><img decoding=\"async\" width=\"992\" height=\"1178\" alt=\"Musiala nach dem Training mit dem \u201eSprint 2\u201c der Firma 1080 und den Reha-Trainern um Chef Benjamin Sommer (44\/l.)\" loading=\"lazy\" src=\"https:\/\/www.europesays.com\/de\/wp-content\/uploads\/2026\/08\/736c67bc9489b2de90cc2136691750f0,553342b4.jpeg\"   class=\"portrait\"\/><\/p>\n<p class=\"fig__caption__text\">Musiala nach dem Training mit dem \u201eSprint 2\u201c der Firma 1080 und den Reha-Trainern um Chef Benjamin Sommer (44\/l.)<\/p>\n<p>Foto: John Mandoki<\/p>\n<p>Beim deutschen Rekordmeister kommt die \u201eWunder-Kiste\u201c zuletzt immer wieder mal zum Einsatz. An diesem Ger\u00e4t mit Seilwinde k\u00f6nnen die Stars L\u00e4ufe und Sprints mit genau eingestelltem Widerstand machen \u2013 digital gesteuert und direkt von der Maschine analysiert, mit \u00dcberwachung der Daten auf einem iPad.<\/p>\n<p>Wie geht es Musiala?<\/p>\n<p>Am Donnerstag erkl\u00e4rte Cheftrainer Vincent Kompany (40) auf der Pressekonferenz auf BILD-Nachfrage zum Zustand von Musiala: \u201eAlso, grunds\u00e4tzlich geht es Jamal relativ gut. Er ist heute im Mannschaftstraining voll dabei. Aber er ist morgen nicht im Kader. Das hei\u00dft aber auch, dass er sich an die Medikationssteigerung gew\u00f6hnt und dass er darauf gut reagiert. Irgendwann wird er auch wieder im Kader dabei sein und ganz normal wieder spielen. Wir treffen die Entscheidung aktuell Hand in Hand mit den ganzen Experten. Aber es geht ihm gut.\u201c<\/p>\n<p>Musiala war beim Telekom-Cup gegen Leipzig (3:1) am 15. August erstmals \u00f6ffentlich im Stadion zusammengebrochen. Nur drei Tage sp\u00e4ter kam es beim Testspiel in Heidenheim (4:2) erneut zu einem solchen Vorfall. Ursache f\u00fcr die Zusammenbr\u00fcche sind neurologische Dysfunktionen. Dabei kommt es bei Musiala zu sogenannten Absencen, also kurzzeitigen Bewusstseinspausen.<\/p>\n<p>Auch Gnabry macht weiter Aufbau-Training<img decoding=\"async\" width=\"992\" height=\"731\" alt=\"Serge Gnabry (31) gab am Freitag bei den Reha-Sprints wieder Vollgas \u2013 das Stuttgart-Spiel kommt aber noch zu fr\u00fch f\u00fcr ihn\" loading=\"lazy\" src=\"https:\/\/www.europesays.com\/de\/wp-content\/uploads\/2026\/08\/2089b8227311057665ba350dad9beccf,7d238080.jpeg\"   class=\"dynamic\"\/><\/p>\n<p class=\"fig__caption__text\">Serge Gnabry (31) gab am Freitag bei den Reha-Sprints wieder Vollgas \u2013 das Stuttgart-Spiel kommt aber noch zu fr\u00fch f\u00fcr ihn<\/p>\n<p>Foto: John Mandoki<\/p>\n<p>\u00dcbrigens: Neben Musiala schuftete auch Serge Gnabry (31) vor dem Stuttgart-Spiel individuell an der S\u00e4bener Stra\u00dfe. F\u00fcr den DFB-Star kommt die Partie nach seinem Adduktoren-Ausriss im rechten Oberschenkel vor viereinhalb Monaten allerdings noch zu fr\u00fch. Fl\u00fcgel-Juwel Lennart Karl (18\/Muskelb\u00fcndelriss im linken Oberschenkel vor 12 Wochen) kehrt hingegen wieder in den Kader zur\u00fcck.<\/p>\n","protected":false},"excerpt":{"rendered":"TTS-Player \u00fcberspringen\u21b5Artikel weiterlesen M\u00fcnchen \u2013 Am heutigen Freitagabend (20.30 Uhr\/live bei Sat.1, Sky und hier im BILD-Liveticker) trifft&hellip;\n","protected":false},"author":2,"featured_media":1266250,"comment_status":"","ping_status":"","sticky":false,"template":"","format":"standard","meta":{"footnotes":"","_share_on_mastodon":"0"},"categories":[1830],"tags":[1634,3364,1260,29,538,458,30,16110,11515,38745,1470,1441,1261],"class_list":["post-1266249","post","type-post","status-publish","format-standard","has-post-thumbnail","category-stuttgart","tag-baden-wuerttemberg","tag-de","tag-deutsche-nationalmannschaft","tag-deutschland","tag-erste-bundesliga","tag-fc-bayern-muenchen","tag-germany","tag-gnabry-serge","tag-kompany-vincent","tag-musiala-jamal","tag-sport-leuchtturm-muenchen","tag-stuttgart","tag-toralarm-top-news"],"share_on_mastodon":{"url":"https:\/\/pubeurope.com\/@de\/117173751432420827","error":""},"_links":{"self":[{"href":"https:\/\/www.europesays.com\/de\/wp-json\/wp\/v2\/posts\/1266249","targetHints":{"allow":["GET"]}}],"collection":[{"href":"https:\/\/www.europesays.com\/de\/wp-json\/wp\/v2\/posts"}],"about":[{"href":"https:\/\/www.europesays.com\/de\/wp-json\/wp\/v2\/types\/post"}],"author":[{"embeddable":true,"href":"https:\/\/www.europesays.com\/de\/wp-json\/wp\/v2\/users\/2"}],"replies":[{"embeddable":true,"href":"https:\/\/www.europesays.com\/de\/wp-json\/wp\/v2\/comments?post=1266249"}],"version-history":[{"count":0,"href":"https:\/\/www.europesays.com\/de\/wp-json\/wp\/v2\/posts\/1266249\/revisions"}],"wp:featuredmedia":[{"embeddable":true,"href":"https:\/\/www.europesays.com\/de\/wp-json\/wp\/v2\/media\/1266250"}],"wp:attachment":[{"href":"https:\/\/www.europesays.com\/de\/wp-json\/wp\/v2\/media?parent=1266249"}],"wp:term":[{"taxonomy":"category","embeddable":true,"href":"https:\/\/www.europesays.com\/de\/wp-json\/wp\/v2\/categories?post=1266249"},{"taxonomy":"post_tag","embeddable":true,"href":"https:\/\/www.europesays.com\/de\/wp-json\/wp\/v2\/tags?post=1266249"}],"curies":[{"name":"wp","href":"https:\/\/api.w.org\/{rel}","templated":true}]}}