{"id":1266260,"date":"2026-08-28T15:09:13","date_gmt":"2026-08-28T15:09:13","guid":{"rendered":"https:\/\/www.europesays.com\/de\/1266260\/"},"modified":"2026-08-28T15:09:13","modified_gmt":"2026-08-28T15:09:13","slug":"muenchen-wuerzburg-initiative-aus-main-spessart-sammelbestellung-macht-feuerwehrautos-fuer-steuerzahler-deutlich-billiger","status":"publish","type":"post","link":"https:\/\/www.europesays.com\/de\/1266260\/","title":{"rendered":"M\u00fcnchen\/W\u00fcrzburg: Initiative aus Main-Spessart: Sammelbestellung macht Feuerwehrautos f\u00fcr Steuerzahler deutlich billiger"},"content":{"rendered":"<p class=\"mb-6 text-xs-varying md:text-m lg:text-l font-serif group-[.font-sans]:font-sans \">\n    Es war nur <a href=\"https:\/\/www.bayern.landtag.de\/www\/ElanTextAblage_WP19\/Drucksachen\/Basisdrucksachen\/0000004000\/0000004424.pdf\" rel=\"nofollow noopener\" target=\"_blank\" class=\"underline \">eine kleine \u00c4nderung der rechtlichen Vorgaben<\/a> f\u00fcr die Beschaffung von Feuerwehrfahrzeugen, die der  CSU-Landtagsabgeordnete Thorsten Schwab aus dem <a href=\"https:\/\/www.mainpost.de\/main-spessart\" target=\"_self\" class=\"underline \" rel=\"nofollow noopener\">Kreis Main-Spessart<\/a> <a href=\"https:\/\/www.mainpost.de\/regional\/main-spessart\/wie-neue-feuerwehr-fahrzeuge-fuer-bayerns-steuerzahler-deutlich-billiger-werden-sollen-art-11707700\" target=\"_self\" class=\"underline \" rel=\"nofollow noopener\">Anfang 2025 auf den Weg brachte<\/a>. Doch die finanzielle Entlastung f\u00fcr viele Gemeinden in Bayern k\u00f6nnte jetzt nicht unerheblich sein: Weil sich nicht mehr jede Kommune selbst um den Kauf eines neuen L\u00f6schfahrzeugs k\u00fcmmern muss, sondern sich einer Sammelbestellung anschlie\u00dfen kann, sei ein Kostenvorteil pro Fahrzeugbestellung von bis zu 25 Prozent m\u00f6glich, hofft Schwab.\n  <\/p>\n<p class=\"mb-6 text-xs-varying md:text-m lg:text-l font-serif group-[.font-sans]:font-sans \">\n    Laut <a href=\"https:\/\/www.lfv-bayern.de\/\" rel=\"nofollow noopener\" target=\"_blank\" class=\"underline \">Landesfeuerwehrverband Bayern (LFV)<\/a>, der die Sammelbestellung koordiniert, sind bis zum 31. Juli 2026 bereits 171 verbindliche Bestellungen f\u00fcr die Sammelbeschaffung eines L\u00f6schfahrzeugs des Typs LF10 eingegangen. Dies sei \u201edie bisher gr\u00f6\u00dfte Beschaffungsma\u00dfnahme f\u00fcr Feuerwehrfahrzeuge in der Geschichte Bayerns\u201c, erkl\u00e4rt der Verband. Die europaweite Ausschreibung l\u00e4uft noch bis 25. September. Ende Oktober soll dann der Auftrag an den besten Anbieter erteilt werden. Die Auslieferung der neuen Fahrzeuge ist dann von Mitte 2027 bis 2029 geplant.\n  <\/p>\n<p>            Durch Sammelbestellung sparen sich Kommunen auch teure Ausschreibungen<\/p>\n<p class=\"mb-6 text-xs-varying md:text-m lg:text-l font-serif group-[.font-sans]:font-sans \">\n    CSU-Mann Schwab hofft auf eine Einsparung von mindestens 25 Millionen Euro: Durch die Sammelbestellung sinke der Fahrzeugpreis von rund 600.000 auf maximal 500.000 Euro, rechnet er vor: Hinzu komme f\u00fcr die Kommunen ein durch die Sammelbestellung erh\u00f6hter F\u00f6rdersatz des Freistaats \u201esowie der vollst\u00e4ndige Wegfall der kostenintensiven individuellen Ausschreibungsverfahren, f\u00fcr die Kommunen bislang regelm\u00e4\u00dfig externe B\u00fcros beauftragen mussten\u201c. Unter dem Strich ergebe dies eine Einsparung von rund 150.000 Euro pro Fahrzeugbestellung.\n  <\/p>\n<p>      <a href=\"https:\/\/www.mainpost.de\/wuerzburg\/landkreiswuerzburg\/landkreis-wuerzburg-drei-kommunen-aus-dem-landkreis-wuerzburg-beschaffen-loeschfahrzeuge-gemeinsam-115010293\" class=\"hidden  &#010;                md:block md:mr-5 md:min-w-[140px]  aspect-photo md:aspect-tv lg:aspect-tv w-fullXXX relative self-start inline overflow-hidden\" rel=\"nofollow noopener\" target=\"_blank\"><\/p>\n<p>    <img decoding=\"async\" src=\"\" alt=\"Landtagsabgeordneter Bj\u00f6rn Jungbauer ist aktiver Feuerwehrmann und kennt die Fahrzeugbeschaffung daher aus verschiedenen Perspektiven.\" title=\"Landtagsabgeordneter Bj\u00f6rn Jungbauer ist aktiver Feuerwehrmann und kennt die Fahrzeugbeschaffung daher aus verschiedenen Perspektiven.\" loading=\"lazy\" class=\"h-full w-full object-cover\"\/><br \/>\n   <\/a><\/p>\n<p class=\"mb-6 text-xs-varying md:text-m lg:text-l font-serif group-[.font-sans]:font-sans \">\n    Damit st\u00fcnden den 171 teilnehmenden Kommunen mehr als 25 Millionen Euro \u201ezus\u00e4tzlich f\u00fcr Schulen, Stra\u00dfen und andere kommunale Aufgaben zur Verf\u00fcgung\u201c, sagt der CSU-Mann, der auch ehrenamtlicher B\u00fcrgermeister von Hafenlohr (Lkr. Main-Spessart) ist: \u201eGerade in Zeiten, in denen sich viele Kommunen finanziell am Limit sehen, ist dies ein gro\u00dfartiger Erfolg.\u201c\n  <\/p>\n<p class=\"mb-6 text-xs-varying md:text-m lg:text-l font-serif group-[.font-sans]:font-sans \">\n    Beim Feuerwehrverband m\u00f6chte man noch nicht \u00fcber m\u00f6gliche Einsparsummen spekulieren: \u201eZum jetzigen Zeitpunkt k\u00f6nnen wir noch keine konkreten Angaben zu einem m\u00f6glichen Einsparpotenzial bei den Fahrzeugpreisen machen\u201c, sagt Verbandschef Johann Eitzenberger auf Nachfrage: \u201eKlar ist jedoch schon jetzt: durch die Sammelbeschaffung werden Kommunen deutlich entlastet, sowohl durch Einsparungen bei den Ausschreibungskosten als auch durch eine erh\u00f6hte staatliche F\u00f6rderung.\u201c\n  <\/p>\n<p>            Bald mehr Sammelbestellungen f\u00fcr Bayerns Feuerwehren?<\/p>\n<p class=\"mb-6 text-xs-varying md:text-m lg:text-l font-serif group-[.font-sans]:font-sans \">\n    Die Idee, eine Sammelbestellung zu erm\u00f6glichen, war zun\u00e4chst auf Skepsis gesto\u00dfen &#8211; sowohl beim Innen- und Finanzministerium in M\u00fcnchen, als auch bei den Feuerwehren. Dort gab es laut Schwab Bedenken, ob ein zentral bestelltes Standardmodell f\u00fcr die unterschiedlichen Anspr\u00fcche geeignet sein kann.\n  <\/p>\n<p class=\"mb-6 text-xs-varying md:text-m lg:text-l font-serif group-[.font-sans]:font-sans \">\n    \u201eWir zwingen niemanden. Wer individuelle L\u00f6sungen ben\u00f6tigt, kann weiterhin eigenst\u00e4ndig beschaffen\u201c, betont Schwab. Die hohe Beteiligung zeige jedoch, dass die Sammelbestellung funktioniere &#8211; und auf weitere Fahrzeugtypen und Ausr\u00fcstungen der bayerischen Feuerwehren ausgeweitet werden k\u00f6nnte. Auch der LFV-Vorsitzende Eitzenberger ist offen f\u00fcr weitere Sammelbeschaffungen f\u00fcr die Feuerwehren: \u201eSollte sich das gemeinsame Vorgehen bew\u00e4hren, bringen wir uns als LFV Bayern sehr gerne auch bei m\u00f6glichen zuk\u00fcnftigen Beschaffungsprojekten ein.\u201c\n  <\/p>\n","protected":false},"excerpt":{"rendered":"Es war nur eine kleine \u00c4nderung der rechtlichen Vorgaben f\u00fcr die Beschaffung von Feuerwehrfahrzeugen, die der CSU-Landtagsabgeordnete Thorsten&hellip;\n","protected":false},"author":2,"featured_media":1266261,"comment_status":"","ping_status":"","sticky":false,"template":"","format":"standard","meta":{"footnotes":"","_share_on_mastodon":"0"},"categories":[1827],"tags":[772,774,29,514,12727,30,6821,261604,5027,108432,1268,261603,261602],"class_list":["post-1266260","post","type-post","status-publish","format-standard","has-post-thumbnail","category-muenchen","tag-bayern","tag-csu","tag-deutschland","tag-fahrzeug","tag-feuerwehrauto","tag-germany","tag-initiative","tag-johann-eitzenberger","tag-kommune","tag-landkreis-main-spessart","tag-muenchen","tag-sammelbestellung","tag-thorsten-schwab"],"share_on_mastodon":{"url":"https:\/\/pubeurope.com\/@de\/117173771790517930","error":""},"_links":{"self":[{"href":"https:\/\/www.europesays.com\/de\/wp-json\/wp\/v2\/posts\/1266260","targetHints":{"allow":["GET"]}}],"collection":[{"href":"https:\/\/www.europesays.com\/de\/wp-json\/wp\/v2\/posts"}],"about":[{"href":"https:\/\/www.europesays.com\/de\/wp-json\/wp\/v2\/types\/post"}],"author":[{"embeddable":true,"href":"https:\/\/www.europesays.com\/de\/wp-json\/wp\/v2\/users\/2"}],"replies":[{"embeddable":true,"href":"https:\/\/www.europesays.com\/de\/wp-json\/wp\/v2\/comments?post=1266260"}],"version-history":[{"count":0,"href":"https:\/\/www.europesays.com\/de\/wp-json\/wp\/v2\/posts\/1266260\/revisions"}],"wp:featuredmedia":[{"embeddable":true,"href":"https:\/\/www.europesays.com\/de\/wp-json\/wp\/v2\/media\/1266261"}],"wp:attachment":[{"href":"https:\/\/www.europesays.com\/de\/wp-json\/wp\/v2\/media?parent=1266260"}],"wp:term":[{"taxonomy":"category","embeddable":true,"href":"https:\/\/www.europesays.com\/de\/wp-json\/wp\/v2\/categories?post=1266260"},{"taxonomy":"post_tag","embeddable":true,"href":"https:\/\/www.europesays.com\/de\/wp-json\/wp\/v2\/tags?post=1266260"}],"curies":[{"name":"wp","href":"https:\/\/api.w.org\/{rel}","templated":true}]}}