{"id":1266270,"date":"2026-08-28T15:14:18","date_gmt":"2026-08-28T15:14:18","guid":{"rendered":"https:\/\/www.europesays.com\/de\/1266270\/"},"modified":"2026-08-28T15:14:18","modified_gmt":"2026-08-28T15:14:18","slug":"wahl-o-mat-erfolg-fuer-kleinpartei-warum-landet-volt-bei-vielen-so-weit-oben","status":"publish","type":"post","link":"https:\/\/www.europesays.com\/de\/1266270\/","title":{"rendered":"Wahl-O-Mat-Erfolg f\u00fcr Kleinpartei: Warum landet Volt bei vielen so weit oben?"},"content":{"rendered":"<p class=\"tspCJpg tspCJph\">Seit <a href=\"https:\/\/interaktiv.tagesspiegel.de\/lab\/wahl-o-mat-abgeordnetenhauswahl-berlin\/?icid=in-text-link_15985274\" class=\"link link--internal\" data-gtm-class=\"article-text-link\" data-gtm-val=\"internal\" rel=\"nofollow noopener\" target=\"_blank\">Montag kann jeder B\u00fcrger mit dem Wahl-O-Mat<\/a> testen, welche Parteien bei der <a href=\"https:\/\/www.tagesspiegel.de\/berlin\/themen\/berlin-wahl\" target=\"_blank\" rel=\"noopener nofollow\" class=\"link link--external\" data-gtm-class=\"article-text-link\" data-gtm-val=\"external\" aria-describedby=\"message-target-blank\">Abgeordnetenhauswahl<\/a> gut zu den eigenen Einstellungen passen. Statistische Auswertungen der Ergebnisse gibt es dazu derzeit nicht. H\u00f6rt man sich unter W\u00e4hlern im Berliner Zentrum um, scheint es eine Partei bei \u00fcberraschend vielen auf die vordersten Pl\u00e4tze geschafft zu haben: Volt.<\/p>\n<p> Bei Wahlen in Berlin war Volt bislang nicht erfolgreich <\/p>\n<p class=\"tspCJpg\">Im politischen Berlin spielt die Kleinpartei bislang eigentlich keine Rolle. Aktuell sitzen ihre Vertreter weder im Abgeordnetenhaus noch in einer der zw\u00f6lf Bezirksverordnetenversammlungen. Bei der Bundestagswahl 2025 kam die Partei auf weniger als ein Prozent der Stimmen. Wie passt das damit zusammen, dass zumindest laut Wahl-O-Mat viele Berliner W\u00e4hler die Inhalte der Partei teilen?<\/p>\n<p class=\"tspCJpg\">Daniel Hagemann kennt sich mit dem Wahl-O-Mat bestens aus. Seit 2023 ist er Wissenschaftlicher Mitarbeiter an der Heinrich-Heine-Universit\u00e4t in D\u00fcsseldorf und Projektkoordinator der dortigen Forschung rund um die Online-Hilfe zur Wahlentscheidung.<\/p>\n<p class=\"tspCJpg\">Inzwischen war Hagemann an mehr als 20 Versionen des Wahl-O-Mats mitbeteiligt. Auch beim aktuellen f\u00fcr die Berliner Abgeordnetenhauswahl. Dort hat er hauptverantwortlich die \u00dcberpr\u00fcfung der Parteienantworten \u00fcbernommen.<\/p>\n<blockquote class=\"tspCMpp\">\n<p>Volt wird vor allem bei Personen weit oben angezeigt, die links-gr\u00fcn und proeurop\u00e4isch denken. Das ist in einer Stadt wie Berlin nicht selten.<\/p>\n<\/blockquote>\n<p class=\"tspCMpq\">Politikwissenschaftler <strong>Daniel Hagemann<\/strong><\/p>\n<p class=\"tspCJpg\">Dass Volt scheinbar bei vielen Berliner Nutzern so hoch im Ranking auftaucht, verwundert ihn nicht. \u201eVolt hat kein abseitiges politisches Profil.\u201c Die Partei vertrete viele Positionen aus dem links-gr\u00fcnen Milieu. Entsprechend nah sei sie h\u00e4ufig bei Menschen, die SPD, Gr\u00fcne oder Linke w\u00e4hlen. In Berlin sind das seit vielen Jahren immer mehr als 50 Prozent der W\u00e4hler.<\/p>\n<p class=\"tspCJpg\">F\u00fcr den Wahl-O-Mat hei\u00dft das: \u201eVolt wird vor allem bei Personen weit oben angezeigt, die links-gr\u00fcn und proeurop\u00e4isch denken. Das ist in einer Stadt wie Berlin nicht selten\u201c, sagt Hagemann.<\/p>\n<p> Gro\u00dfe \u00dcbereinstimmung zwischen Volt und der SPD <\/p>\n<p class=\"tspCJpg\">Wie gro\u00df die \u00dcbereinstimmungen sind, zeigt sich bei einer Analyse der Antworten der Parteien in der aktuellen Version. Bei 30 von 38 Fragen haben Volt und SPD die gleiche Einsch\u00e4tzung angegeben.<\/p>\n<p class=\"tspCJpg\">Mit den Gr\u00fcnen stimmt die Partei in 26 von 38 F\u00e4llen \u00fcberein. Unter anderem in Verkehrsfragen, wie beim Ausbau der A100, einer Erh\u00f6hung der Anwohnerparkgeb\u00fchren und zus\u00e4tzlichen Fahrradstra\u00dfen. Aber auch in gesellschaftspolitischen Fragen wie dem Umgang mit Migration und Rechtsextremismus.<\/p>\n<p class=\"tspCJpg\">Einer der zentralen Unterschiede hingegen zwischen den beiden Parteien: Volt ist nicht gegen die Randbebauung des Tempelhofer Felds, lehnt daf\u00fcr jedoch die Enteignung von Wohnungskonzernen ab.<\/p>\n<p class=\"tspCJpg\">In der Vergangenheit sei es auch schon passiert, dass Parteien versucht h\u00e4tten, ihr Wahl-O-Mat-Ergebnis zu besch\u00f6nigen, sagt Forscher Hagemann. Dass Volt durch eine bewusste Manipulation ihrer Antworten bei vielen Berlinern so weit oben landet, glaubt er jedoch nicht. \u201eEine systematische Verzerrung durch eine strategische Auswahl der Antworten durch Volt sehen wir nicht.\u201c<\/p>\n<p><a href=\"https:\/\/interaktiv.tagesspiegel.de\/lab\/der-ring-ist-die-neue-mauer-was-30-jahre-wahlergebnisse-ueber-das-neu-geteilte-berlin-verraten-datenanalyse\/?icid=single-topic_15985274___\" data-gtm-class=\"article-mzt-link\" class=\"tspCPp3\" rel=\"nofollow noopener\" target=\"_blank\">\u201eKreuzberg kann in Bochum nicht existieren\u201c Der S-Bahn-Ring trennt Berlin inzwischen st\u00e4rker als Ost und West <\/a><\/p>\n<p class=\"tspCJpg\">Bei der Erstellung des Tools wird von den Machern zudem auf Konsistenz zwischen Antwortauswahl und Begr\u00fcndung geachtet. Kleinere Ungenauigkeiten k\u00f6nnten dennoch bleiben, sagt Hagemann. Das sei jedoch ein Risiko f\u00fcr die Parteien selbst. \u201eEine Mehrheit der Leute liest sich die Begr\u00fcndungen der Parteien durch. Dann m\u00fcssen die Parteien auch daf\u00fcr geradestehen, wenn es hei\u00dft: ,Das passt so nicht.\u2019\u201c<\/p>\n<p><a href=\"https:\/\/interaktiv.tagesspiegel.de\/lab\/berlin-wahl-2026-wahlkarte-kieze-wahlkreise-abgeordnetenhauswahl\/?icid=single-topic_15985274___\" data-gtm-class=\"article-mzt-link\" class=\"tspCPp3\" rel=\"nofollow noopener\" target=\"_blank\">Interaktive Karte zur Berlin-Wahl So hat Ihr Kiez bisher gew\u00e4hlt \u2013 die Wahlergebnisse seit 1995 im Detail <\/a><\/p>\n<p class=\"tspCJpg\">Grunds\u00e4tzlich komme das Ergebnis beim Wahl-O-Mat in den meisten F\u00e4llen der Pr\u00e4ferenz der Teilnehmer sehr nahe. \u201eBei der letzten Bundestagswahl haben wir festgestellt, dass das Wahl-O-Mat-Ergebnis bei neun von zehn Personen, die sagen, sie haben eine klare politische Position, ungef\u00e4hr oder ganz dem entspricht, was sie eh gedacht haben.\u201c<\/p>\n<p class=\"tspCJpg\">Was das f\u00fcr die Chancen von Volt bei der Abgeordnetenhauswahl bedeutet? Hagemann ist skeptisch. Zun\u00e4chst m\u00fcssten sich Wahl-O-Mat-Nutzer \u00fcberhaupt die \u00dcbereinstimmung mit der Kleinpartei anzeigen lassen. Viele machen das nicht.<\/p>\n<p class=\"tspCJpg\">\u201eEtwa die H\u00e4lfte der Nutzer w\u00e4hlt ganz gezielt Parteien aus, zu denen sie die Ergebnisse sehen wollen, weil sie glauben, die kommen f\u00fcr sie in Frage\u201c, sagt er. \u201eDa ist Volt, ohne der Partei zu nahe treten zu wollen, eher nicht dabei.\u201c<\/p>\n<p> Volt k\u00e4mpft mit der F\u00fcnf-Prozent-H\u00fcrde <\/p>\n<p class=\"tspCJpg\">Daneben bleibt als gro\u00dfe Herausforderung bei der Wahl selbst die F\u00fcnf-Prozent-H\u00fcrde. Das Risiko, es nicht zu schaffen, ist hoch. Entsprechend schrecken viele W\u00e4hler vor einem Kreuz auf dem Wahlzettel zur\u00fcck.<\/p>\n<p class=\"tspCJpg\">Um als Kleinpartei erfolgreich zu sein, seien zwei Dinge kurzfristig entscheidend, sagt Hagemann: \u201eTritt die Partei mit einer Person an, die \u00fcberzeugend ist, und hat die Partei Positionen, die andere Parteien nicht haben.\u201c<\/p>\n<p class=\"tspCJpg\">Als Beispiel nennt er das BSW. Mit Sahra Wagenknecht hat die Partei eine bundesweit bekannte F\u00fchrungsfigur. Zugleich f\u00fcllt die Partei eine gewisse L\u00fccke im Parteienspektrum. 2025 hat es dadurch bei drei Landtagswahlen 2025 zum Einzug ins Parlament gereicht. \u201eDas hat Volt in dem Ma\u00dfe nicht\u201c, sagt Hagemann.<\/p>\n<p>Mehr zur Berliner Abgeordnetenhauswahl<a href=\"https:\/\/www.tagesspiegel.de\/berlin\/berliner-spitzenkandidatin-elif-eralp-im-gesprach-eine-linke-in-der-regierung-wird-vergesellschaften-15966285.html?icid=topic-list_15985274___\" data-gtm-class=\"article-mzt-link\" data-hydrate-fingerprint=\"09740a54944caac75fd2c0c63fd5c5df\" data-hydrate-props=\"{&amp;escapedquot;element&amp;escapedquot;:{&amp;escapedquot;type&amp;escapedquot;:&amp;escapedquot;relatedContent&amp;escapedquot;,&amp;escapedquot;fieldMap&amp;escapedquot;:{},&amp;escapedquot;relation&amp;escapedquot;:{&amp;escapedquot;fields&amp;escapedquot;:{&amp;escapedquot;isPaid&amp;escapedquot;:true},&amp;escapedquot;href&amp;escapedquot;:&amp;escapedquot;\/berlin\/berliner-spitzenkandidatin-elif-eralp-im-gesprach-eine-linke-in-der-regierung-wird-vergesellschaften-15966285.html&amp;escapedquot;,&amp;escapedquot;teaserTitle&amp;escapedquot;:{&amp;escapedquot;kicker&amp;escapedquot;:&amp;escapedquot;Berliner Spitzenkandidatin Elif Eralp im Gespr\u00e4ch&amp;escapedquot;,&amp;escapedquot;headline&amp;escapedquot;:&amp;escapedquot;\u201eEine Linke in der Regierung wird vergesellschaften\u201c&amp;escapedquot;},&amp;escapedquot;id&amp;escapedquot;:&amp;escapedquot;15966285&amp;escapedquot;,&amp;escapedquot;type&amp;escapedquot;:&amp;escapedquot;story&amp;escapedquot;},&amp;escapedquot;isPartOfList&amp;escapedquot;:true,&amp;escapedquot;topicListType&amp;escapedquot;:&amp;escapedquot;topic-list&amp;escapedquot;},&amp;escapedquot;showArrow&amp;escapedquot;:true}\" data-hydrate-slots=\"{&#039;default&#039;:[]}\" class=\"tspCPp3 tspDEsb\" rel=\"nofollow noopener\" target=\"_blank\">Berliner Spitzenkandidatin Elif Eralp im Gespr\u00e4ch \u201eEine Linke in der Regierung wird vergesellschaften\u201c <\/a><a href=\"https:\/\/www.tagesspiegel.de\/berlin\/bezirke\/neukoelln\/martin-hikel-vor-seinem-abschied-als-neukollner-burgermeister-was-die-linke-da-macht-ist-ein-ritt-auf-der-rasierklinge-15954318.html?icid=topic-list_15985274___\" data-gtm-class=\"article-mzt-link\" data-hydrate-fingerprint=\"09740a54944caac75fd2c0c63fd5c5df\" data-hydrate-props=\"{&amp;escapedquot;element&amp;escapedquot;:{&amp;escapedquot;type&amp;escapedquot;:&amp;escapedquot;relatedContent&amp;escapedquot;,&amp;escapedquot;fieldMap&amp;escapedquot;:{},&amp;escapedquot;relation&amp;escapedquot;:{&amp;escapedquot;fields&amp;escapedquot;:{&amp;escapedquot;isPaid&amp;escapedquot;:true},&amp;escapedquot;href&amp;escapedquot;:&amp;escapedquot;\/berlin\/bezirke\/neukoelln\/martin-hikel-vor-seinem-abschied-als-neukollner-burgermeister-was-die-linke-da-macht-ist-ein-ritt-auf-der-rasierklinge-15954318.html&amp;escapedquot;,&amp;escapedquot;teaserTitle&amp;escapedquot;:{&amp;escapedquot;kicker&amp;escapedquot;:&amp;escapedquot;Neuk\u00f6llns B\u00fcrgermeister Martin Hikel vor dem Abschied&amp;escapedquot;,&amp;escapedquot;headline&amp;escapedquot;:&amp;escapedquot;\u201eWas die Linke da macht, ist ein Ritt auf der Rasierklinge\u201c&amp;escapedquot;},&amp;escapedquot;id&amp;escapedquot;:&amp;escapedquot;15954318&amp;escapedquot;,&amp;escapedquot;type&amp;escapedquot;:&amp;escapedquot;story&amp;escapedquot;},&amp;escapedquot;isPartOfList&amp;escapedquot;:true,&amp;escapedquot;topicListType&amp;escapedquot;:&amp;escapedquot;topic-list&amp;escapedquot;},&amp;escapedquot;showArrow&amp;escapedquot;:true}\" data-hydrate-slots=\"{&#039;default&#039;:[]}\" class=\"tspCPp3 tspDEsb\" rel=\"nofollow noopener\" target=\"_blank\">Neuk\u00f6llns B\u00fcrgermeister Martin Hikel vor dem Abschied \u201eWas die Linke da macht, ist ein Ritt auf der Rasierklinge\u201c <\/a><a href=\"https:\/\/www.tagesspiegel.de\/berlin\/kein-konkurrent-ist-so-prasent-wie-er-wie-sich-spd-spitzenkandidat-krach-im-kampf-gegen-das-umfragetief-abstrampelt-15938014.html?icid=topic-list_15985274___\" data-gtm-class=\"article-mzt-link\" data-hydrate-fingerprint=\"09740a54944caac75fd2c0c63fd5c5df\" data-hydrate-props=\"{&amp;escapedquot;element&amp;escapedquot;:{&amp;escapedquot;type&amp;escapedquot;:&amp;escapedquot;relatedContent&amp;escapedquot;,&amp;escapedquot;fieldMap&amp;escapedquot;:{},&amp;escapedquot;relation&amp;escapedquot;:{&amp;escapedquot;fields&amp;escapedquot;:{&amp;escapedquot;isPaid&amp;escapedquot;:true},&amp;escapedquot;href&amp;escapedquot;:&amp;escapedquot;\/berlin\/kein-konkurrent-ist-so-prasent-wie-er-wie-sich-spd-spitzenkandidat-krach-im-kampf-gegen-das-umfragetief-abstrampelt-15938014.html&amp;escapedquot;,&amp;escapedquot;teaserTitle&amp;escapedquot;:{&amp;escapedquot;kicker&amp;escapedquot;:&amp;escapedquot;Kein Konkurrent ist so pr\u00e4sent wie er&amp;escapedquot;,&amp;escapedquot;headline&amp;escapedquot;:&amp;escapedquot;Wie sich SPD-Spitzenkandidat Krach im Kampf gegen das Umfragetief abstrampelt&amp;escapedquot;},&amp;escapedquot;id&amp;escapedquot;:&amp;escapedquot;15938014&amp;escapedquot;,&amp;escapedquot;type&amp;escapedquot;:&amp;escapedquot;story&amp;escapedquot;},&amp;escapedquot;isPartOfList&amp;escapedquot;:true,&amp;escapedquot;topicListType&amp;escapedquot;:&amp;escapedquot;topic-list&amp;escapedquot;},&amp;escapedquot;showArrow&amp;escapedquot;:true}\" data-hydrate-slots=\"{&#039;default&#039;:[]}\" class=\"tspCPp3 tspDEsb\" rel=\"nofollow noopener\" target=\"_blank\">Kein Konkurrent ist so pr\u00e4sent wie er Wie sich SPD-Spitzenkandidat Krach im Kampf gegen das Umfragetief abstrampelt <\/a><\/p>\n<p class=\"tspCJpg\">Die Unterschiede zu bereits etablierten Parteien wie SPD und Gr\u00fcnen seien daf\u00fcr zu gering. Entsprechend sei es \u201eeher unwahrscheinlich\u201c, dass die Partei \u00fcber die F\u00fcnf-Prozent-H\u00fcrde kommt.<\/p>\n<p class=\"tspCJpg\">Hinzu kommt ein weiterer Faktor: <a href=\"https:\/\/www.tagesspiegel.de\/berlin\/einen-monat-vor-der-wahl-umfrage-sieht-linke-in-berlin-vorne-15970598.html?icid=in-text-link_15985274\" class=\"link link--internal\" data-gtm-class=\"article-text-link\" data-gtm-val=\"internal\" rel=\"nofollow noopener\" target=\"_blank\">das enge Rennen um den Wahlsieg in Berlin<\/a>. Gerade weil die Abst\u00e4nde zwischen den anderen Parteien in den Umfragen so eng seien, sagt der Forscher. \u201eDas bef\u00f6rdert taktisches W\u00e4hlen.\u201c<\/p>\n","protected":false},"excerpt":{"rendered":"Seit Montag kann jeder B\u00fcrger mit dem Wahl-O-Mat testen, welche Parteien bei der Abgeordnetenhauswahl gut zu den eigenen&hellip;\n","protected":false},"author":2,"featured_media":1266271,"comment_status":"","ping_status":"","sticky":false,"template":"","format":"standard","meta":{"footnotes":"","_share_on_mastodon":"0"},"categories":[1825],"tags":[599,296,258021,424,29,30,3295,1891,184,12385],"class_list":["post-1266270","post","type-post","status-publish","format-standard","has-post-thumbnail","category-berlin","tag-a100","tag-berlin","tag-berlin-wahl-2026","tag-bundestagswahl","tag-deutschland","tag-germany","tag-hochschulen","tag-landespolitik-berlin","tag-spd","tag-wohnen-in-berlin"],"share_on_mastodon":{"url":"https:\/\/pubeurope.com\/@de\/117173791348639904","error":""},"_links":{"self":[{"href":"https:\/\/www.europesays.com\/de\/wp-json\/wp\/v2\/posts\/1266270","targetHints":{"allow":["GET"]}}],"collection":[{"href":"https:\/\/www.europesays.com\/de\/wp-json\/wp\/v2\/posts"}],"about":[{"href":"https:\/\/www.europesays.com\/de\/wp-json\/wp\/v2\/types\/post"}],"author":[{"embeddable":true,"href":"https:\/\/www.europesays.com\/de\/wp-json\/wp\/v2\/users\/2"}],"replies":[{"embeddable":true,"href":"https:\/\/www.europesays.com\/de\/wp-json\/wp\/v2\/comments?post=1266270"}],"version-history":[{"count":0,"href":"https:\/\/www.europesays.com\/de\/wp-json\/wp\/v2\/posts\/1266270\/revisions"}],"wp:featuredmedia":[{"embeddable":true,"href":"https:\/\/www.europesays.com\/de\/wp-json\/wp\/v2\/media\/1266271"}],"wp:attachment":[{"href":"https:\/\/www.europesays.com\/de\/wp-json\/wp\/v2\/media?parent=1266270"}],"wp:term":[{"taxonomy":"category","embeddable":true,"href":"https:\/\/www.europesays.com\/de\/wp-json\/wp\/v2\/categories?post=1266270"},{"taxonomy":"post_tag","embeddable":true,"href":"https:\/\/www.europesays.com\/de\/wp-json\/wp\/v2\/tags?post=1266270"}],"curies":[{"name":"wp","href":"https:\/\/api.w.org\/{rel}","templated":true}]}}