{"id":1266321,"date":"2026-08-28T15:48:17","date_gmt":"2026-08-28T15:48:17","guid":{"rendered":"https:\/\/www.europesays.com\/de\/1266321\/"},"modified":"2026-08-28T15:48:17","modified_gmt":"2026-08-28T15:48:17","slug":"pol-ka-ka-karlsruhe-nach-brand-in-parkhaus-ursache-war-ein-technischer-defekt","status":"publish","type":"post","link":"https:\/\/www.europesays.com\/de\/1266321\/","title":{"rendered":"POL-KA: (KA) Karlsruhe &#8211; Nach Brand in Parkhaus &#8211; Ursache war ein technischer Defekt &#8230;"},"content":{"rendered":"<p class=\"date\">28.08.2026 \u2013 15:54<\/p>\n<p class=\"customer\">\n                        <a class=\"story-customer\" title=\"weiter zum newsroom von Polizeipr\u00e4sidium Karlsruhe\" href=\"https:\/\/www.presseportal.de\/blaulicht\/nr\/110972\" rel=\"nofollow noopener\" target=\"_blank\">Polizeipr\u00e4sidium Karlsruhe<\/a>\n                    <\/p>\n<p><a data-category=\"citylink-story-view\" data-action=\"click\" data-label=\"Citylink in Meldungsansicht\" class=\"story-city event-trigger\" href=\"https:\/\/www.presseportal.de\/regional\/Karlsruhe\" title=\"News aus Karlsruhe \" rel=\"nofollow noopener\" target=\"_blank\">Karlsruhe<\/a> (ots)<\/p>\n<p>Am 22. August 2026 wurde gegen 15:30 Uhr ein Brand in einem Parkhaus in der Amalienstra\u00dfe gemeldet. Das Feuer f\u00fchrte zu einem Gro\u00dfeinsatz von Feuerwehr und Polizei.<\/p>\n<p>Drei Autos waren von der Brandentwicklung unmittelbar betroffen und wurden stark besch\u00e4digt. Nahezu alle der zum Zeitpunkt des Brandes rund 200 im Parkhaus abgestellten Fahrzeuge wurden zudem durch massive Rauchgasablagerungen in Mitleidenschaft gezogen. Nach bisherigen Erkenntnissen wurden keine Personen verletzt.<\/p>\n<p>Die anschlie\u00dfenden Ermittlungen der Kriminalpolizei, f\u00fchrten nun zur Aufkl\u00e4rung der Brandursache und weiteren Erkenntnissen. Demnach geriet ein Pkw im Bereich der Ausfahrtsebene des Parkhauses aufgrund eines technischen Defekts in Brand. In der Folge griff das Feuer auf zwei daneben geparkte Fahrzeuge \u00fcber. Durch die massive Hitzeeinwirkung wurde nach derzeitigen Kenntnissen auch die Geb\u00e4udestruktur stark besch\u00e4digt.<\/p>\n<p>Die Schadensh\u00f6he kann aktuell noch nicht abschlie\u00dfend beziffert werden, d\u00fcrfte aber im hohen sechsstelligen Eurobereich liegen.<\/p>\n<p>Am 28. August wurde der Brandort wieder frei gegeben und die Beschlagnahme der in Brand geratenen Pkw von der Staatsanwaltschaft Karlsruhe aufgehoben.<\/p>\n<p>Ralf Eisenlohr, Pressestelle<\/p>\n<p class=\"contact-headline\">R\u00fcckfragen bitte an:<\/p>\n<p class=\"contact-text\">Polizeipr\u00e4sidium Karlsruhe<br \/>Telefon: 0721 666-1111<br \/>E-Mail: <a href=\"https:\/\/www.presseportal.de\/blaulicht\/pm\/110972\/mailto:pressestelle.ka@polizei.bwl.de\" class=\"uri-mailto\" rel=\"nofollow noopener\" target=\"_blank\">pressestelle.ka@polizei.bwl.de<\/a><br \/><a target=\"_blank\" class=\"uri-ext outbound\" rel=\"noopener nofollow\" href=\"http:\/\/www.polizei-bw.de\/\">http:\/\/www.polizei-bw.de\/<\/a><\/p>\n<p class=\"originator\">Original-Content von: Polizeipr\u00e4sidium Karlsruhe, \u00fcbermittelt durch news aktuell<\/p>\n","protected":false},"excerpt":{"rendered":"28.08.2026 \u2013 15:54 Polizeipr\u00e4sidium Karlsruhe Karlsruhe (ots) Am 22. August 2026 wurde gegen 15:30 Uhr ein Brand in&hellip;\n","protected":false},"author":2,"featured_media":1184682,"comment_status":"","ping_status":"","sticky":false,"template":"","format":"standard","meta":{"footnotes":"","_share_on_mastodon":"0"},"categories":[1844],"tags":[1634,6187,3364,29,30,8903,177,121,178,180,179,181],"class_list":["post-1266321","post","type-post","status-publish","format-standard","has-post-thumbnail","category-karlsruhe","tag-baden-wuerttemberg","tag-bw","tag-de","tag-deutschland","tag-germany","tag-karlsruhe","tag-kriminalitt","tag-polizei","tag-presse","tag-pressemeldung","tag-pressemitteilung","tag-pressemitteilungen"],"share_on_mastodon":{"url":"https:\/\/pubeurope.com\/@de\/117173925042410444","error":""},"_links":{"self":[{"href":"https:\/\/www.europesays.com\/de\/wp-json\/wp\/v2\/posts\/1266321","targetHints":{"allow":["GET"]}}],"collection":[{"href":"https:\/\/www.europesays.com\/de\/wp-json\/wp\/v2\/posts"}],"about":[{"href":"https:\/\/www.europesays.com\/de\/wp-json\/wp\/v2\/types\/post"}],"author":[{"embeddable":true,"href":"https:\/\/www.europesays.com\/de\/wp-json\/wp\/v2\/users\/2"}],"replies":[{"embeddable":true,"href":"https:\/\/www.europesays.com\/de\/wp-json\/wp\/v2\/comments?post=1266321"}],"version-history":[{"count":0,"href":"https:\/\/www.europesays.com\/de\/wp-json\/wp\/v2\/posts\/1266321\/revisions"}],"wp:featuredmedia":[{"embeddable":true,"href":"https:\/\/www.europesays.com\/de\/wp-json\/wp\/v2\/media\/1184682"}],"wp:attachment":[{"href":"https:\/\/www.europesays.com\/de\/wp-json\/wp\/v2\/media?parent=1266321"}],"wp:term":[{"taxonomy":"category","embeddable":true,"href":"https:\/\/www.europesays.com\/de\/wp-json\/wp\/v2\/categories?post=1266321"},{"taxonomy":"post_tag","embeddable":true,"href":"https:\/\/www.europesays.com\/de\/wp-json\/wp\/v2\/tags?post=1266321"}],"curies":[{"name":"wp","href":"https:\/\/api.w.org\/{rel}","templated":true}]}}