{"id":1266325,"date":"2026-08-28T15:51:19","date_gmt":"2026-08-28T15:51:19","guid":{"rendered":"https:\/\/www.europesays.com\/de\/1266325\/"},"modified":"2026-08-28T15:51:19","modified_gmt":"2026-08-28T15:51:19","slug":"die-fraktionen-von-union-und-spd-tagen-in-muenster-ueber-dem-treffen-schwebt-wie-ein-gespenst-der-geist-von-jens-spahn","status":"publish","type":"post","link":"https:\/\/www.europesays.com\/de\/1266325\/","title":{"rendered":"Die Fraktionen von Union und SPD tagen in M\u00fcnster. \u00dcber dem Treffen schwebt wie ein Gespenst der Geist von Jens Spahn."},"content":{"rendered":"<p class=\"mb-6 text-xs-varying md:text-m lg:text-l font-serif group-[.font-sans]:font-sans \">\n    Auf dem Aasee in <a href=\"https:\/\/www.augsburger-allgemeine.de\/orte\/aa-muenster\" target=\"_self\" class=\"underline \" rel=\"nofollow noopener\">M\u00fcnster<\/a> schimmert die milde Sp\u00e4tsommersonne, Segelboote ziehen ihre Bahnen. Die drei m\u00e4chtigen M\u00e4nner der Fraktionen von <a href=\"https:\/\/www.augsburger-allgemeine.de\/organisationen\/aa-cdu\" target=\"_self\" class=\"underline \" rel=\"nofollow noopener\">CDU<\/a>\/<a href=\"https:\/\/www.augsburger-allgemeine.de\/organisationen\/aa-csu\" target=\"_self\" class=\"underline \" rel=\"nofollow noopener\">CSU<\/a> und <a href=\"https:\/\/www.augsburger-allgemeine.de\/organisationen\/aa-spd\" target=\"_self\" class=\"underline \" rel=\"nofollow noopener\">SPD<\/a> spazieren unter hohen B\u00e4umen scherzend am Ufer. Ihre Sakkos haben sie aufgekn\u00f6pft. Am Aasse treffen sich in M\u00fcnster Verliebte zur ersten Verabredung, so sch\u00f6n ist es dort. Die Fraktionschefs Matthias Miersch (SPD), Thorsten Frei (CDU) und CSU-Landesgruppenchef Alexander Hoffmann zeigen sich als eingespieltes Trio, das zusammengefunden hat.\n  <\/p>\n<p>            Spahn und der Schatten der Leihmutter-Aff\u00e4re<\/p>\n<p class=\"mb-6 text-xs-varying md:text-m lg:text-l font-serif group-[.font-sans]:font-sans \">\n    Die Bilder sind harmonisch, aber die Inszenierung hat einen Sch\u00f6nheitsmakel. Eigentlich m\u00fcsste an Stelle von Frei <a href=\"https:\/\/www.augsburger-allgemeine.de\/politik\/der-moment-in-dem-spahn-sich-selbst-stuerzte-114804413\" target=\"_self\" class=\"underline \" rel=\"nofollow noopener\">Jens Spahn<\/a> um den See laufen. Doch der 48-J\u00e4hrige fehlt, weil er vor mehr als einem Monat als Fraktionsvorsitzender zur\u00fccktreten musste. Mit Hilfe einer Leihmutter aus den USA waren er und sein Ehemann Eltern geworden. Die Runde in M\u00fcnster h\u00e4tte Spahns Heimspiel werden sollen. Er stammt aus dem M\u00fcnsterland.\n  <\/p>\n<p class=\"mb-6 text-xs-varying md:text-m lg:text-l font-serif group-[.font-sans]:font-sans \">\n    Sein von einem parteiinternen Aufruhr erzwungener R\u00fccktritt hatte die CDU in einem Moment ersch\u00fcttert, als es gut lief. Die Gesundheitsreform hatte den Bundestag passiert und die Spitzen der Koalition hatten sich im Grundsatz auf eine Rentenreform verst\u00e4ndigt. Es sah so aus, als w\u00e4re das B\u00fcndnis von Bundeskanzler Friedrich Merz endlich in ruhiges Fahrwasser gelangt. Spahns Vaterschaft und die im Anschluss verungl\u00fcckte Kabinettsumbildung des Kanzlers schaukelten das Regierungsb\u00fcndnis auf wie die Wellen ein Boot.\n  <\/p>\n<p>            Zwei Tage am See sollen die Wogen gl\u00e4tten<\/p>\n<p class=\"mb-6 text-xs-varying md:text-m lg:text-l font-serif group-[.font-sans]:font-sans \">\n    Die zweit\u00e4gige Tagung sollte die See gl\u00e4tten. Vertrauliche Aussprachen wechselten sich mit Expertenvortr\u00e4gen und Kaffeepausen ab. Es wurde zusammen zu Abend gegessen und an der Bar ein Absacker genommen. <a href=\"https:\/\/www.augsburger-allgemeine.de\/politik\/spd-fraktionschef-matthias-miersch-will-wohlhabende-staerker-belasten-und-geht-auf-konfrontation-mit-merz-114234183\" target=\"_self\" class=\"underline \" rel=\"nofollow noopener\">SPD-Fraktionschef Miersch<\/a> nahm deshalb Bezug auf die frisch Verliebten vom Aasee. \u201eBeim ersten Date muss man ja gucken, ob sowas wie Vertrauen w\u00e4chst oder ob es noch da ist und ob man sich weiter auf ein einander einlassen will\u201c. Die Drei wurden nicht m\u00fcde zu betonen, wie gut, vertraulich und eng sie zusammenarbeiten. Vor einem Jahr hatte eine Fraktionsklausur schon einmal die Stimmung gewendet. In <a href=\"https:\/\/www.mainpost.de\/wuerzburg\" target=\"_self\" class=\"underline \" rel=\"nofollow noopener\">W\u00fcrzburg<\/a> fanden Union und SPD wieder zueinander, nachdem der Zoff um die Nominierung der Juristin Frauke Brosius-Gersdorf die Koalitionspartner entzweit hatte.\n  <\/p>\n<p class=\"mb-6 text-xs-varying md:text-m lg:text-l font-serif group-[.font-sans]:font-sans \">\n    Der Geist von W\u00fcrzburg wird seither immer wieder beschworen, so auch in M\u00fcnster, wo der Mut hinzukommen soll f\u00fcr die gro\u00dfen Reformen. \u201eWir haben gezeigt, dass wir Vertrauen ineinander haben und Entschlossenheit miteinander\u201c, meinte Landesgruppenchef Hoffmann. Garniert wurde die Klausur durch ein in ein Beschlusspapier gegossenes Bekenntnis, Renten-, Pflege- und Steuerreform bis zum Jahresende durchzuziehen. Vor den Landtagswahlen in Ostdeutschland, so die Botschaft, ist die schwarz-rote Koalition handlungsbereit.\u00a0\n  <\/p>\n<p class=\"mb-6 text-xs-varying md:text-m lg:text-l font-serif group-[.font-sans]:font-sans \">\n    Die sorgsam zur Schau gestellte Eintracht wurde jedoch j\u00e4h getr\u00fcbt, wie der Sp\u00e4tsommer durch erste Herbstwolken. Ein Brief der Ruhr-SPD an den Bundeskanzler fand p\u00fcnktlich vor Abschluss der Tagung seinen Weg an die \u00d6ffentlichkeit. Darin geht ein gutes Dutzend Abgeordnete aus der ehemaligen Herzkammer der Sozialdemokratie <a href=\"https:\/\/www.augsburger-allgemeine.de\/politik\/kabinettsklausur-in-neuhardenberg-merz-will-mehr-klimaschutz-und-schnelle-wirtschaftsfreundliche-reformen-115074407\" target=\"_self\" class=\"underline \" rel=\"nofollow noopener\">Friedrich Merz<\/a> frontal an. \u201eViele Debatten der vergangenen Monate haben genau diesen Respekt vermissen lassen \u2013 insbesondere vom Bundeskanzler\u201c, beklagen die Genossen. Und weiter: \u201eWer Ver\u00e4nderungen verlangt, muss mit Respekt sprechen. Wer Einschnitte begr\u00fcndet, braucht Demut. Wer Menschen gewinnen will, darf nicht von oben herab reden.\u201c Andernfalls schade das der Akzeptanz von Politik. Der Zwischenruf der Ruhr-Rebellen ist f\u00fcr die Koalitionsspitze und den Kanzler nicht zu untersch\u00e4tzen. Ohne sie hat das schwarz-rote B\u00fcndnis keine Mehrheit im Bundestag.\n  <\/p>\n<p>            Merz zofft sich mit Kinder\u00e4rztin<\/p>\n<p class=\"mb-6 text-xs-varying md:text-m lg:text-l font-serif group-[.font-sans]:font-sans \">\n    Die Abgeordneten aus dem tiefen Westen belie\u00dfen es nicht bei Stilkritik. Sie forderten ein Aus f\u00fcr die angedachte Krankschreibung ab dem ersten Fehltag und pl\u00e4dierten f\u00fcr die Beibehaltung der <a href=\"https:\/\/www.mainpost.de\/geld-leben\/rente\" target=\"_self\" class=\"underline \" rel=\"nofollow noopener\">Rente<\/a> mit 63. \u201eDie Vorschl\u00e4ge der Rentenkommission sind eine gute Arbeitsgrundlage \u2013 aber nicht die Bibel\u201c, lautet ihr Gru\u00df an den christdemokratischen Bundeskanzler.\n  <\/p>\n<p class=\"mb-6 text-xs-varying md:text-m lg:text-l font-serif group-[.font-sans]:font-sans \">\n    Ihre Kritik an Merz hat durch einen Fernsehauftritt des Kanzlers neue Nahrung bekommen. In dem TV-Format \u201eAm Tisch mit\u201c bei RTL zoffte sich der CDU-Vorsitzende mit einer Kinder\u00e4rztin, die ihn verbal attackierte und ihm vorwarf, durch die K\u00fcrzungen im Gesundheitswesen die Zukunft der Kinder zu zerst\u00f6ren. \u201eAber uns, und auch mir pers\u00f6nlich, einen vors\u00e4tzlichen Bruch meines Amtseides vorzuwerfen, das ist schon ziemlich harter Tobak\u201c, konterte Merz, kassierte aber auf allen Portalen die \u00dcberschrift, dass er sich mit einer Kinder\u00e4rztin gestritten hat. Wer um den Ruf der Mediziner f\u00fcr die Kleinen wei\u00df, wie schwer das am Ruf des Kanzlers nagen kann.\n  <\/p>\n","protected":false},"excerpt":{"rendered":"Auf dem Aasee in M\u00fcnster schimmert die milde Sp\u00e4tsommersonne, Segelboote ziehen ihre Bahnen. Die drei m\u00e4chtigen M\u00e4nner der&hellip;\n","protected":false},"author":2,"featured_media":1266326,"comment_status":"","ping_status":"","sticky":false,"template":"","format":"standard","meta":{"footnotes":"","_share_on_mastodon":"0"},"categories":[1843],"tags":[27075,93814,31,774,3364,29,775,30,15785,35626,8970,1209,184,1533],"class_list":["post-1266325","post","type-post","status-publish","format-standard","has-post-thumbnail","category-muenster","tag-aasee","tag-alexander-hoffmann","tag-cdu","tag-csu","tag-de","tag-deutschland","tag-friedrich-merz","tag-germany","tag-jens-spahn","tag-matthias-miersch","tag-muenster","tag-nordrhein-westfalen","tag-spd","tag-thorsten-frei"],"share_on_mastodon":{"url":"","error":""},"_links":{"self":[{"href":"https:\/\/www.europesays.com\/de\/wp-json\/wp\/v2\/posts\/1266325","targetHints":{"allow":["GET"]}}],"collection":[{"href":"https:\/\/www.europesays.com\/de\/wp-json\/wp\/v2\/posts"}],"about":[{"href":"https:\/\/www.europesays.com\/de\/wp-json\/wp\/v2\/types\/post"}],"author":[{"embeddable":true,"href":"https:\/\/www.europesays.com\/de\/wp-json\/wp\/v2\/users\/2"}],"replies":[{"embeddable":true,"href":"https:\/\/www.europesays.com\/de\/wp-json\/wp\/v2\/comments?post=1266325"}],"version-history":[{"count":0,"href":"https:\/\/www.europesays.com\/de\/wp-json\/wp\/v2\/posts\/1266325\/revisions"}],"wp:featuredmedia":[{"embeddable":true,"href":"https:\/\/www.europesays.com\/de\/wp-json\/wp\/v2\/media\/1266326"}],"wp:attachment":[{"href":"https:\/\/www.europesays.com\/de\/wp-json\/wp\/v2\/media?parent=1266325"}],"wp:term":[{"taxonomy":"category","embeddable":true,"href":"https:\/\/www.europesays.com\/de\/wp-json\/wp\/v2\/categories?post=1266325"},{"taxonomy":"post_tag","embeddable":true,"href":"https:\/\/www.europesays.com\/de\/wp-json\/wp\/v2\/tags?post=1266325"}],"curies":[{"name":"wp","href":"https:\/\/api.w.org\/{rel}","templated":true}]}}