{"id":126634,"date":"2025-05-20T23:30:15","date_gmt":"2025-05-20T23:30:15","guid":{"rendered":"https:\/\/www.europesays.com\/de\/126634\/"},"modified":"2025-05-20T23:30:15","modified_gmt":"2025-05-20T23:30:15","slug":"stau-zwischen-steinhagen-und-bielefeld-autofahrer-benoetigen-geduld-haller-kreisblatt","status":"publish","type":"post","link":"https:\/\/www.europesays.com\/de\/126634\/","title":{"rendered":"Stau zwischen Steinhagen und Bielefeld: Autofahrer ben\u00f6tigen Geduld | Haller Kreisblatt"},"content":{"rendered":"<p id=\"absatz1\" class=\"em_text\">Steinhagen. Auf der Bergstra\u00dfe zwischen Steinhagen und Bielefeld-Dornberg staut sich am Dienstagnachmittag der Verkehr. Fahrzeuge von Steinhagen kommend ben\u00f6tigen zu diesem Zeitpunkt etwa eine halbe Stunde, um den Bergpass hinter sich zu lassen. In der Gegenrichtung kommen die Autos schneller voran.<\/p>\n<p id=\"absatz2\" class=\"em_text\">Der Grund f\u00fcr die Verkehrsbeeintr\u00e4chtigung d\u00fcrften die Br\u00fcckenbauarbeiten auf dem Ostwestfalendamm in Bielefeld sein, die diese Woche begonnen haben. In der Folge staut sich auch der Verkehr auf der Bielefelder Stadtautobahn in beide Richtungen. Viele Autofahrer weichen deshalb offenbar auf die Bergstra\u00dfe zwischen Steinhagen und Dornberg aus. Doch auch dort geht es nur z\u00e4h voran.<\/p>\n<p id=\"absatz4\" class=\"em_text\">Auf dem Ostwestfalendamm zwischen J\u00f6llenbecker Stra\u00dfe und Johannistal ist aufgrund der Br\u00fcckenarbeiten in beiden Richtungen jeweils die linke Spur gesperrt. Die Arbeiten werden voraussichtlich bis Ende Juli dauern. Autofahrer ben\u00f6tigen also in den kommenden Wochen weiterhin Geduld oder umfahren die Strecken weitr\u00e4umig.<\/p>\n<p id=\"absatz5\"><b class=\"bold\">\ud83d\udcf2 Aktuelle News bekommen Sie t\u00e4glich \u00fcber den<\/b> <a href=\"https:\/\/whatsapp.com\/channel\/0029VagU0FW1SWsxhmHz2v0q\" rel=\"noreferrer noopener nofollow\" target=\"_blank\" title=\"https:\/\/whatsapp.com\/channel\/0029VagU0FW1SWsxhmHz2v0q\">WhatsApp-Kanal des HK<\/a> <\/p>\n","protected":false},"excerpt":{"rendered":"Steinhagen. Auf der Bergstra\u00dfe zwischen Steinhagen und Bielefeld-Dornberg staut sich am Dienstagnachmittag der Verkehr. Fahrzeuge von Steinhagen kommend&hellip;\n","protected":false},"author":2,"featured_media":126635,"comment_status":"","ping_status":"","sticky":false,"template":"","format":"standard","meta":{"footnotes":""},"categories":[1841],"tags":[513,1605,3364,29,33043,514,47416,30,16463,1611,729,734,19081,26093,1613,1209,5716,16382],"class_list":{"0":"post-126634","1":"post","2":"type-post","3":"status-publish","4":"format-standard","5":"has-post-thumbnail","7":"category-bielefeld","8":"tag-auto","9":"tag-bielefeld","10":"tag-de","11":"tag-deutschland","12":"tag-dornberg","13":"tag-fahrzeug","14":"tag-geduld","15":"tag-germany","16":"tag-label_dringend","17":"tag-label_informiere-mich","18":"tag-label_s-50","19":"tag-meta_artikelklasse_nachricht","20":"tag-meta_copyrights_hk","21":"tag-meta_themen_verkehr_mobilitaet","22":"tag-meta_userneeds_informieremich","23":"tag-nordrhein-westfalen","24":"tag-stau","25":"tag-steinhagen"},"share_on_mastodon":{"url":"https:\/\/pubeurope.com\/@de\/114542767278075515","error":""},"_links":{"self":[{"href":"https:\/\/www.europesays.com\/de\/wp-json\/wp\/v2\/posts\/126634","targetHints":{"allow":["GET"]}}],"collection":[{"href":"https:\/\/www.europesays.com\/de\/wp-json\/wp\/v2\/posts"}],"about":[{"href":"https:\/\/www.europesays.com\/de\/wp-json\/wp\/v2\/types\/post"}],"author":[{"embeddable":true,"href":"https:\/\/www.europesays.com\/de\/wp-json\/wp\/v2\/users\/2"}],"replies":[{"embeddable":true,"href":"https:\/\/www.europesays.com\/de\/wp-json\/wp\/v2\/comments?post=126634"}],"version-history":[{"count":0,"href":"https:\/\/www.europesays.com\/de\/wp-json\/wp\/v2\/posts\/126634\/revisions"}],"wp:featuredmedia":[{"embeddable":true,"href":"https:\/\/www.europesays.com\/de\/wp-json\/wp\/v2\/media\/126635"}],"wp:attachment":[{"href":"https:\/\/www.europesays.com\/de\/wp-json\/wp\/v2\/media?parent=126634"}],"wp:term":[{"taxonomy":"category","embeddable":true,"href":"https:\/\/www.europesays.com\/de\/wp-json\/wp\/v2\/categories?post=126634"},{"taxonomy":"post_tag","embeddable":true,"href":"https:\/\/www.europesays.com\/de\/wp-json\/wp\/v2\/tags?post=126634"}],"curies":[{"name":"wp","href":"https:\/\/api.w.org\/{rel}","templated":true}]}}