{"id":1266352,"date":"2026-08-28T16:11:22","date_gmt":"2026-08-28T16:11:22","guid":{"rendered":"https:\/\/www.europesays.com\/de\/1266352\/"},"modified":"2026-08-28T16:11:22","modified_gmt":"2026-08-28T16:11:22","slug":"baldmoeglichste-einleitung-pistorius-und-oezdemir-werben-fuer-afd-verbotsverfahren","status":"publish","type":"post","link":"https:\/\/www.europesays.com\/de\/1266352\/","title":{"rendered":"&#8222;Baldm\u00f6glichste Einleitung&#8220;: Pistorius und \u00d6zdemir werben f\u00fcr AfD-Verbotsverfahren"},"content":{"rendered":"<p>&#8222;Baldm\u00f6glichste Einleitung&#8220;Pistorius und \u00d6zdemir werben f\u00fcr AfD-Verbotsverfahren<\/p>\n<p>28.08.2026, 15:58 Uhr <\/p>\n<p>Artikel anh\u00f6ren(03:32 min)<\/p>\n<p><img decoding=\"async\" class=\"Image_img__fQCi0 Image_Img_16_9__4BLfH widget-picture-inline_maximizable__t_E7h\" loading=\"eager\" fetchpriority=\"high\" src=\"https:\/\/www.europesays.com\/de\/wp-content\/uploads\/2026\/08\/614983342.webp\" alt=\"614983342\"\/>&#8222;Wir vertrauen darauf, dass das Bundesverfassungsgericht unabh\u00e4ngig und souver\u00e4n die richtigen Entscheidungen trifft&#8220;, schreiben die beiden Politiker. (Foto: picture alliance \/ fototronik.de)<\/p>\n<p class=\"Typography_text-m__XI0da Typography_weight-bold__uT6mq storyline_lead_text_leadtext__q_wg8\">Wie umgehen mit den gesichert rechtsextremen Teilen der AfD? Dar\u00fcber wird seit L\u00e4ngerem gestritten. Verteidigungsminister Pistorius und Baden-W\u00fcrttembergs Ministerpr\u00e4sident \u00d6zdemir fordern eine juristische Pr\u00fcfung &#8211; und erwarten kein Verbot f\u00fcr die Gesamtpartei.<\/p>\n<p class=\"Typography_text-default__P3otY Typography_weight-normal__pqUbH storyline_paragraph_p__qSR5N\">Verteidigungsminister Boris Pistorius und Baden-W\u00fcrttembergs Ministerpr\u00e4sident Cem \u00d6zdemir wollen ein Verbotsverfahren gegen die AfD, auch wenn dies am Ende wom\u00f6glich nur einige Landesverb\u00e4nde treffen k\u00f6nnte. &#8222;Wir pl\u00e4dieren aufgrund unserer pers\u00f6nlichen \u00dcberzeugung noch einmal eindringlich f\u00fcr eine baldm\u00f6glichste Einleitung eines Verbotsverfahrens, mit einem Fokus auf die eindeutig v\u00f6lkischen Landesverb\u00e4nde der AfD in Th\u00fcringen, Sachsen, Sachsen-Anhalt und Brandenburg&#8220;, schreiben sie in einem <a class=\"inline_link\" href=\"https:\/\/www.faz.net\/aktuell\/politik\/inland\/cem-oezdemir-und-boris-pistorius-plaedieren-fuer-ein-verbot-des-voelkischen-teils-der-afd-accg-201155459.html\" target=\"_blank\" rel=\"nofollow noopener\">Gastbeitrag<\/a> f\u00fcr die &#8222;Frankfurter Allgemeine Sonntagszeitung&#8220; (FAS).<\/p>\n<p class=\"Typography_text-default__P3otY Typography_weight-normal__pqUbH storyline_paragraph_p__qSR5N\">Dieses Verfahren sei rechtlich m\u00f6glich, durch Belege gedeckt und von der Verfassung geboten, so Gr\u00fcnen-Politiker \u00d6zdemir und der Sozialdemokrat Pistorius. &#8222;Wir vertrauen darauf, dass das Bundesverfassungsgericht unabh\u00e4ngig und souver\u00e4n die richtigen Entscheidungen trifft.&#8220; Beide unterscheiden in ihrem Beitrag zwischen einem deutsch-nationalen und einem v\u00f6lkischen Teil der AfD. Die deutsch-nationale Str\u00f6mung k\u00f6nne unter Umst\u00e4nden mit dem Grundgesetz vereinbar sein und m\u00fcsse deswegen in Parlamenten und in der Gesellschaft bek\u00e4mpft werden, argumentieren die beiden Politiker. <\/p>\n<p class=\"Typography_text-default__P3otY Typography_weight-normal__pqUbH storyline_paragraph_p__qSR5N\">Der v\u00f6lkische Teil der AfD dagegen stelle unverhohlen die Grundfesten der Verfassung infrage und verachte die Demokratie, so die beiden Politiker. Der v\u00f6lkischen Ideologie k\u00f6nne man deswegen nicht in der politischen Auseinandersetzung begegnen. &#8222;Das w\u00e4re naiv. Denn die AfD wird auch zuk\u00fcnftig alles daransetzen, den v\u00f6lkischen Teil ihrer Partei zu verschleiern, die Haltung ihrer v\u00f6lkischen Protagonisten zu relativieren oder umzudeuten.&#8220; <\/p>\n<p class=\"Typography_text-default__P3otY Typography_weight-normal__pqUbH storyline_paragraph_p__qSR5N\">Auch SPD-Vizekanzler Lars Klingbeil sprach sich zuletzt deutlich f\u00fcr ein Verbotserfahren aus. Er bezog sich auf ein neues Gutachten der Gesellschaft f\u00fcr Freiheitsrechte. Es kommt zu dem Ergebnis, dass die Partei verfassungswidrig ist. Die acht Autorinnen und Autoren des Gutachtens begr\u00fcndeten ihre Einsch\u00e4tzung mit Verst\u00f6\u00dfen gegen das Demokratieprinzip und die Menschenw\u00fcrdegarantie. Mehr als 1000 Juristinnen und Juristen unterst\u00fctzen einen Aufruf f\u00fcr ein AfD-Verbot.<\/p>\n<p class=\"Typography_text-default__P3otY Typography_weight-normal__pqUbH storyline_paragraph_p__qSR5N\">Einen Antrag auf ein Parteiverbot beim Bundesverfassungsgericht k\u00f6nnen ausschlie\u00dflich der Bundestag, der Bundesrat oder die Bundesregierung stellen. Die Entscheidung liegt dann beim Bundesverfassungsgericht. Bislang zeichnet sich keine Mehrheit f\u00fcr ein solches Vorgehen gegen die AfD ab. Vor allem in CDU und CSU sind viele skeptisch. Bundesinnenminister Alexander Dobrindt vertritt bislang die Auffassung: &#8222;Die AfD muss man wegregieren und nicht wegverbieten wollen.&#8220; Unions-Fraktionsvize G\u00fcnter Krings hatte gewarnt: &#8222;Ein vorschneller Antrag auf gut Gl\u00fcck w\u00fcrde im Zweifel nur der betroffenen Partei n\u00fctzen.&#8220;<\/p>\n<p class=\"Typography_text-s__wu_cm Typography_weight-normal__pqUbH Typography_color-darkgrey__sZEnP article-detail-footer_source__KslPc\">Quelle: ntv.de, ses\/dpa<\/p>\n","protected":false},"excerpt":{"rendered":"&#8222;Baldm\u00f6glichste Einleitung&#8220;Pistorius und \u00d6zdemir werben f\u00fcr AfD-Verbotsverfahren 28.08.2026, 15:58 Uhr Artikel anh\u00f6ren(03:32 min) &#8222;Wir vertrauen darauf, dass das&hellip;\n","protected":false},"author":2,"featured_media":1266353,"comment_status":"","ping_status":"","sticky":false,"template":"","format":"standard","meta":{"footnotes":"","_share_on_mastodon":"0"},"categories":[5],"tags":[186,331,332,1179,5441,51,3364,29,30,13,14,15,16,770,12],"class_list":["post-1266352","post","type-post","status-publish","format-standard","has-post-thumbnail","category-nachrichten","tag-afd","tag-aktuelle-nachrichten","tag-aktuelle-news","tag-boris-pistorius","tag-bundesverfassungsgericht","tag-cem-oezdemir","tag-de","tag-deutschland","tag-germany","tag-headlines","tag-nachrichten","tag-news","tag-politik","tag-rechtsextremismus","tag-schlagzeilen"],"share_on_mastodon":{"url":"https:\/\/pubeurope.com\/@de\/117174017240194712","error":""},"_links":{"self":[{"href":"https:\/\/www.europesays.com\/de\/wp-json\/wp\/v2\/posts\/1266352","targetHints":{"allow":["GET"]}}],"collection":[{"href":"https:\/\/www.europesays.com\/de\/wp-json\/wp\/v2\/posts"}],"about":[{"href":"https:\/\/www.europesays.com\/de\/wp-json\/wp\/v2\/types\/post"}],"author":[{"embeddable":true,"href":"https:\/\/www.europesays.com\/de\/wp-json\/wp\/v2\/users\/2"}],"replies":[{"embeddable":true,"href":"https:\/\/www.europesays.com\/de\/wp-json\/wp\/v2\/comments?post=1266352"}],"version-history":[{"count":0,"href":"https:\/\/www.europesays.com\/de\/wp-json\/wp\/v2\/posts\/1266352\/revisions"}],"wp:featuredmedia":[{"embeddable":true,"href":"https:\/\/www.europesays.com\/de\/wp-json\/wp\/v2\/media\/1266353"}],"wp:attachment":[{"href":"https:\/\/www.europesays.com\/de\/wp-json\/wp\/v2\/media?parent=1266352"}],"wp:term":[{"taxonomy":"category","embeddable":true,"href":"https:\/\/www.europesays.com\/de\/wp-json\/wp\/v2\/categories?post=1266352"},{"taxonomy":"post_tag","embeddable":true,"href":"https:\/\/www.europesays.com\/de\/wp-json\/wp\/v2\/tags?post=1266352"}],"curies":[{"name":"wp","href":"https:\/\/api.w.org\/{rel}","templated":true}]}}