{"id":1266372,"date":"2026-08-28T16:24:20","date_gmt":"2026-08-28T16:24:20","guid":{"rendered":"https:\/\/www.europesays.com\/de\/1266372\/"},"modified":"2026-08-28T16:24:20","modified_gmt":"2026-08-28T16:24:20","slug":"wenzel-live-am-sonntag-in-der-saloppe","status":"publish","type":"post","link":"https:\/\/www.europesays.com\/de\/1266372\/","title":{"rendered":"Wenzel live am Sonntag in der Saloppe"},"content":{"rendered":"<p>Wenzel ver\u00f6ffentlicht am heutigen Freitag die neue Live-CD \u201eLasst uns verweilen\u201c. Zwei Tage sp\u00e4ter steht der Musiker mit seiner Band in Dresden auf der B\u00fchne. Am Sonntag, 30. August 2026, spielt Wenzel ab 18 Uhr ein Open-Air-Konzert in der Saloppe. Das Neustadt-Gefl\u00fcster verlost Freikarten.<br \/>\n<img fetchpriority=\"high\" decoding=\"async\" src=\"https:\/\/www.europesays.com\/de\/wp-content\/uploads\/2026\/08\/2026-08-28-Wenzel-und-Band-Sandra-Buschow.jpg\" alt=\"Am Sonntag in voller Besetzung - Wenzel und Band - Foto: PR\/Sandra Buschow\" width=\"2400\" height=\"1350\" class=\"size-full wp-image-241161\"  \/>Am Sonntag in voller Besetzung \u2013 Wenzel und Band \u2013 Foto: PR\/Sandra Buschow\n<\/p>\n<p>Die neue Live-CD entstand im Februar 2026 im Kabumm Studio Golzow. Wenzel spielte dort vor 30 Zuh\u00f6rern in einer Triobesetzung. Insgesamt enth\u00e4lt die Aufnahme 15 Lieder. Darunter befinden sich vergessene und wiederentdeckte St\u00fccke sowie neu geschriebene Songs.\n<\/p>\n<p>Zum Trio geh\u00f6ren Wenzel, Hannes Scheffler und Thommy Krawallo. Wenzel \u00fcbernimmt Gitarre, Akkordeon, Rhodes, Piano und Gesang. Hannes Scheffler spielt Gitarre und singt. Thommy Krawallo ist f\u00fcr Bass und Gesang zust\u00e4ndig. Zudem verantwortet er Aufnahme, Mischung und Mastering der Live-CD.\n<\/p>\n<p>Wenzel mit kompletter Band in der Saloppe<\/p>\n<p>Am Sonntag folgt der Auftritt in der Saloppe an der Brockhausstra\u00dfe. Die Schauburg pr\u00e4sentiert das Konzert unter dem Titel \u201eSchauburg au\u00dfer Haus!\u201c. Wenzel tritt dort mit seiner Band und dem Programm \u201eStrandgut der Zeiten\u201c auf.<\/p>\n<p>Zur Konzertbesetzung geh\u00f6ren neben Wenzel auch Hannes Scheffler, Thommy Krawallo, Stefan Dohanetz, Manuel Abreu und Jason Liebert. Scheffler und Krawallo spielen Gitarre und Bass. Dohanetz \u00fcbernimmt Schlagzeug und Perkussion. Abreu spielt Trompete. Liebert ist an Posaune und Susaphon zu h\u00f6ren.\n<\/p>\n<p>\u201eStrandgut der Zeiten\u201c ist auch der Titel von Wenzels bislang letzter Ver\u00f6ffentlichung mit eigenen Texten und Kompositionen. Das Album erschien am 4. Oktober 2024 auf CD und Vinyl.\n<\/p>\n<p>Musiker, Autor und Regisseur<\/p>\n<p>Wenzel ist Autor, Komponist, Musiker, S\u00e4nger, Schauspieler und Regisseur. In den vergangenen Jahren ver\u00f6ffentlichte er zahlreiche Produktionen. Dazu geh\u00f6ren neue Lieder sowie Vertonungen von Texten von Johannes R. Becher, Christoph Hein, Theodor Kramer und Woody Guthrie.\n<\/p>\n<p>Tourneen f\u00fchrten Wenzel unter anderem durch Frankreich, \u00d6sterreich, Amerika, Portugal, Nikaragua, Kuba und die T\u00fcrkei. Er stand mit Musikern wie Arlo Guthrie, Randy Newman, Billy Bragg und Konstantin Wecker auf der B\u00fchne.<\/p>\n<p>Zu seinen Auszeichnungen geh\u00f6ren die Goldene Amiga, der Heinrich-Heine-Preis, der Deutsche Kleinkunstpreis, der Preis der deutschen Schallplattenkritik und der Preis der deutschen Liederbestenliste. 2023 kam der Dokumentarfilm \u201eWenzel \u2013 Glaubt nie, was ich singe\u201c \u00fcber sein Leben ins Kino.\n<\/p>\n<p>Wenzel und Band in der Saloppe<\/p>\n<ul>\n<li>Sonntag, 30. August 2026, Saloppe Dresden, Brockhausstra\u00dfe 1. Beginn: 18 Uhr. Einlass und Abendkasse \u00f6ffnen um 16.30 Uhr.<\/li>\n<li>Eintritt: Erwachsene: 30 Euro zzgl. Vorverkaufsgeb\u00fchren. Kinder von sechs bis 14 Jahren: 20 Euro zzgl. Vorverkaufsgeb\u00fchren. Diese Kinderkarten sind nur in der Schauburg erh\u00e4ltlich. Kinder unter sechs Jahren haben freien Eintritt.<\/li>\n<li>Tickets gibt es \u00fcber <a target=\"_blank\" href=\"https:\/\/www.kinoheld.de\/kino\/dresden\/filmtheater-schauburg-dresden\/vorstellung\/35131000023WYGELCQ\" rel=\"nofollow noopener\">Kinoheld<\/a> sowie an den bekannten Vorverkaufskassen.<\/li>\n<li>Das Neustadt-Gefl\u00fcster verlost zweimal zwei Tickets. Der Rechtsweg ist ausgeschlossen. Bei Interesse bitte eine eindeutige Erg\u00e4nzung schreiben.<\/li>\n<\/ul>\n","protected":false},"excerpt":{"rendered":"Wenzel ver\u00f6ffentlicht am heutigen Freitag die neue Live-CD \u201eLasst uns verweilen\u201c. Zwei Tage sp\u00e4ter steht der Musiker mit&hellip;\n","protected":false},"author":2,"featured_media":1266373,"comment_status":"","ping_status":"","sticky":false,"template":"","format":"standard","meta":{"footnotes":"","_share_on_mastodon":"0"},"categories":[1835],"tags":[3364,29,2386,16063,30,859,29219,86664],"class_list":["post-1266372","post","type-post","status-publish","format-standard","has-post-thumbnail","category-dresden","tag-de","tag-deutschland","tag-dresden","tag-freikarten","tag-germany","tag-sachsen","tag-saloppe","tag-wenzel"],"share_on_mastodon":{"url":"https:\/\/pubeurope.com\/@de\/117174068520549599","error":""},"_links":{"self":[{"href":"https:\/\/www.europesays.com\/de\/wp-json\/wp\/v2\/posts\/1266372","targetHints":{"allow":["GET"]}}],"collection":[{"href":"https:\/\/www.europesays.com\/de\/wp-json\/wp\/v2\/posts"}],"about":[{"href":"https:\/\/www.europesays.com\/de\/wp-json\/wp\/v2\/types\/post"}],"author":[{"embeddable":true,"href":"https:\/\/www.europesays.com\/de\/wp-json\/wp\/v2\/users\/2"}],"replies":[{"embeddable":true,"href":"https:\/\/www.europesays.com\/de\/wp-json\/wp\/v2\/comments?post=1266372"}],"version-history":[{"count":0,"href":"https:\/\/www.europesays.com\/de\/wp-json\/wp\/v2\/posts\/1266372\/revisions"}],"wp:featuredmedia":[{"embeddable":true,"href":"https:\/\/www.europesays.com\/de\/wp-json\/wp\/v2\/media\/1266373"}],"wp:attachment":[{"href":"https:\/\/www.europesays.com\/de\/wp-json\/wp\/v2\/media?parent=1266372"}],"wp:term":[{"taxonomy":"category","embeddable":true,"href":"https:\/\/www.europesays.com\/de\/wp-json\/wp\/v2\/categories?post=1266372"},{"taxonomy":"post_tag","embeddable":true,"href":"https:\/\/www.europesays.com\/de\/wp-json\/wp\/v2\/tags?post=1266372"}],"curies":[{"name":"wp","href":"https:\/\/api.w.org\/{rel}","templated":true}]}}