{"id":1266396,"date":"2026-08-28T16:39:20","date_gmt":"2026-08-28T16:39:20","guid":{"rendered":"https:\/\/www.europesays.com\/de\/1266396\/"},"modified":"2026-08-28T16:39:20","modified_gmt":"2026-08-28T16:39:20","slug":"bundesliga-heute-fc-bayern-muenchen-vfb-stuttgart-hier-im-live-ticker-fussball","status":"publish","type":"post","link":"https:\/\/www.europesays.com\/de\/1266396\/","title":{"rendered":"Bundesliga heute: FC Bayern M\u00fcnchen \u2013\u00a0VfB Stuttgart hier im Live-Ticker | Fu\u00dfball"},"content":{"rendered":"<p><img loading=\"lazy\" decoding=\"async\" src=\"https:\/\/www.europesays.com\/de\/wp-content\/uploads\/2026\/08\/vgzm.2150080-6a900d4d0c649aabd971575e.gif\" width=\"1\" height=\"1\" alt=\"\" class=\"vgwort-pixel\"\/>Bundesliga heute: FC Bayern M\u00fcnchen \u2013\u00a0VfB Stuttgart hier im Live-Ticker<img fetchpriority=\"high\" decoding=\"async\" width=\"992\" height=\"635\" alt=\"Joshua Kimmich (31) startet mit dem FC Bayern die Mission Titelverteidigung\" loading=\"eager\" src=\"https:\/\/www.europesays.com\/de\/wp-content\/uploads\/2026\/08\/5f5b71b5be5fe951adac6a035d414c01,3d5ba0d4.jpeg\"   class=\"dynamic\"\/><\/p>\n<p class=\"fig__caption__text\">Joshua Kimmich (31) startet mit dem FC Bayern die Mission Titelverteidigung<\/p>\n<p>Foto: picture alliance\/Maximilian Koch<\/p>\n<p>28.08.2026 &#8211; 18:30 Uhr <\/p>\n<p><b>Die <\/b><a href=\"https:\/\/sportbild.bild.de\/bundesliga\/startseite\/1-bundesliga\/home-33207854.sport.html\" class=\"text-link\" rel=\"nofollow noopener\" target=\"_blank\"><b>Bundesliga<\/b><\/a><b> ist zur\u00fcck! Heute er\u00f6ffnet Meister Bayern M\u00fcnchen gegen den VfB Stuttgart die neue Saison. Ansto\u00df in der Allianz-Arena ist heute um 20.30\u00a0Uhr. Verfolgen Sie das Duell hier im Live-Ticker. <\/b><\/p>\n<p>Beide Teams gehen mit R\u00fcckenwind in die Partie: Bayern holte den Franz-Beckenbauer-Supercup bei Borussia Dortmund (2:1) \u2013 Brown und Olise trafen. Stuttgart siegte im Pokal 4:0 in Rostock, Pejcinovic gl\u00e4nzte mit einem Dreierpack. Bitter f\u00fcr Bayern: Jamal Musiala und Serge Gnabry fallen definitiv aus. Lennart Karls Einsatz ist weiterhin offen. <\/p>\n<p>Bundesliga: VfB Stuttgart gegen Bayern M\u00fcnchen im Live-Ticker<\/p>\n<p class=\"article-content-user-report\"><a href=\"https:\/\/sportbild.bild.de\/bundesliga\/2022\/bundesliga\/alle-spiele-alle-sender-die-fussball-bundesliga-heute-im-tv-livestream-81657810.sport.html\" target=\"_blank\" rel=\"noopener nofollow\" class=\"anchor anchor--external\">TV-Programm: So sehen Sie die Bundesliga live im TV<\/a><\/p>\n","protected":false},"excerpt":{"rendered":"Bundesliga heute: FC Bayern M\u00fcnchen \u2013\u00a0VfB Stuttgart hier im Live-Ticker Joshua Kimmich (31) startet mit dem FC Bayern&hellip;\n","protected":false},"author":2,"featured_media":1266397,"comment_status":"","ping_status":"","sticky":false,"template":"","format":"standard","meta":{"footnotes":"","_share_on_mastodon":"0"},"categories":[1830],"tags":[1634,3364,29,538,458,347,30,11709,5426,38745,7721,126193,62906,1927,1441,2915],"class_list":["post-1266396","post","type-post","status-publish","format-standard","has-post-thumbnail","category-stuttgart","tag-baden-wuerttemberg","tag-de","tag-deutschland","tag-erste-bundesliga","tag-fc-bayern-muenchen","tag-fussball","tag-germany","tag-harry-kane","tag-live-ticker","tag-musiala-jamal","tag-nofeed","tag-spobi-bundesliga","tag-spobi-fussball","tag-sport-standard","tag-stuttgart","tag-vfb-stuttgart"],"share_on_mastodon":{"url":"https:\/\/pubeurope.com\/@de\/117174128470669420","error":""},"_links":{"self":[{"href":"https:\/\/www.europesays.com\/de\/wp-json\/wp\/v2\/posts\/1266396","targetHints":{"allow":["GET"]}}],"collection":[{"href":"https:\/\/www.europesays.com\/de\/wp-json\/wp\/v2\/posts"}],"about":[{"href":"https:\/\/www.europesays.com\/de\/wp-json\/wp\/v2\/types\/post"}],"author":[{"embeddable":true,"href":"https:\/\/www.europesays.com\/de\/wp-json\/wp\/v2\/users\/2"}],"replies":[{"embeddable":true,"href":"https:\/\/www.europesays.com\/de\/wp-json\/wp\/v2\/comments?post=1266396"}],"version-history":[{"count":0,"href":"https:\/\/www.europesays.com\/de\/wp-json\/wp\/v2\/posts\/1266396\/revisions"}],"wp:featuredmedia":[{"embeddable":true,"href":"https:\/\/www.europesays.com\/de\/wp-json\/wp\/v2\/media\/1266397"}],"wp:attachment":[{"href":"https:\/\/www.europesays.com\/de\/wp-json\/wp\/v2\/media?parent=1266396"}],"wp:term":[{"taxonomy":"category","embeddable":true,"href":"https:\/\/www.europesays.com\/de\/wp-json\/wp\/v2\/categories?post=1266396"},{"taxonomy":"post_tag","embeddable":true,"href":"https:\/\/www.europesays.com\/de\/wp-json\/wp\/v2\/tags?post=1266396"}],"curies":[{"name":"wp","href":"https:\/\/api.w.org\/{rel}","templated":true}]}}