{"id":1266452,"date":"2026-08-28T17:13:37","date_gmt":"2026-08-28T17:13:37","guid":{"rendered":"https:\/\/www.europesays.com\/de\/1266452\/"},"modified":"2026-08-28T17:13:37","modified_gmt":"2026-08-28T17:13:37","slug":"schleswig-holstein-aktuell-nachrichten-im-ueberblick-336","status":"publish","type":"post","link":"https:\/\/www.europesays.com\/de\/1266452\/","title":{"rendered":"Schleswig-Holstein aktuell: Nachrichten im \u00dcberblick"},"content":{"rendered":"<p>        <img decoding=\"async\" src=\"https:\/\/www.europesays.com\/de\/wp-content\/uploads\/2026\/03\/nachrichtenkompakt126.webp.webp\" alt=\"Grafik: Eine Sprechblase, in der die Kontur des Landes Schleswig-Holstein abgebildet ist.\" title=\"Grafik: Eine Sprechblase, in der die Kontur des Landes Schleswig-Holstein abgebildet ist. | NDR\" class=\"responsive\"\/><\/p>\n<p>AUDIO: Nachrichten 17:00 Uhr &#8211; 28.08.2026 (6 Min)<\/p>\n<p>\n                Stand: 28.08.2026 17:34 Uhr<\/p>\n<p class=\"preface\">Nachrichten aus Schleswig-Holstein vom 28. August 2026 &#8211; kompakt und aktuell im Newsblog von NDR SH: Lesen Sie hier im \u00dcberblick, was im Land passiert und noch wichtig wird.<\/p>\n<p>\n        16:56 Uhr\n    <\/p>\n<p>    Anrainer beschlie\u00dfen Zusammenarbeit zum Schutz der Ostsee<\/p>\n<p class=\"\">Die <a href=\"https:\/\/www.ndr.de\/nachrichten\/schleswig-holstein\/sicherheitsgipfel-in-flensburg-demokratische-staaten-stehen-zusammen,innenminister-168.html\" title=\"Ostsee-Gipfel: Dobrindt k\u00fcndigt Taskforce f\u00fcr mehr Sicherheit an\" rel=\"nofollow noopener\" target=\"_blank\">Anrainerstaaten der Ostsee wollen in der Sicherheitspolitik st\u00e4rker zusammenarbeiten<\/a>. Das teilte Bundesinnenminister Alexander Dobrindt (CSU) nach einem Treffen mit Amtskollegen in <a href=\"https:\/\/www.ndr.de\/nachrichten\/schleswig-holstein\/Flensburg-Nachrichten-Hintergruende-und-Videos,flensburg6034.html\" title=\"Flensburg - Aktuelle Nachrichten und Videos\" rel=\"nofollow noopener\" target=\"_blank\">Flensburg<\/a> mit. Demnach werden die Staaten aus dem Ostseeraum auf Ebene der Staatssekret\u00e4re eine gemeinsame Arbeitsgruppe einrichten. Ziel ist es, bei der Abwehr von sogenannten hybriden Bedrohungen st\u00e4rker zusammenzuarbeiten. Es gebe im Ostseeraum eine hohe Gef\u00e4hrdungslage, so Dobrindt. | NDR Schleswig-Holstein 28.08.2026 17:00 Uhr<\/p>\n<p>        <img decoding=\"async\" src=\"https:\/\/www.europesays.com\/de\/wp-content\/uploads\/2026\/08\/sicherheitsgipfel-120.webp\" alt=\"Alexander Dobrint\" title=\"Alexander Dobrint | NDR\" class=\"responsive\" loading=\"lazy\"\/><\/p>\n<p>Innenminister aus mehreren Ostsee-Anrainerstaaten haben in Flensburg \u00fcber hybride Bedrohungen beraten. <\/p>\n<p>\n        16:14 Uhr\n    <\/p>\n<p>    Gesch\u00e4ftsf\u00fchrer wegen Schwarzarbeit verurteilt<\/p>\n<p class=\"\">Das <a href=\"https:\/\/www.ndr.de\/nachrichten\/schleswig-holstein\/Kiel-Aktuelle-Nachrichten-News-und-Videos,kiel7262.html\" title=\"Kiel - Aktuelle Nachrichten und Videos\" rel=\"nofollow noopener\" target=\"_blank\">Kieler<\/a> Landgericht hat den Gesch\u00e4ftsf\u00fchrer mehrerer Reinigungsfirmen wegen Steuerhinterziehung und Schwarzarbeit in fast 50 F\u00e4llen zu vier Jahren Haft verurteilt. In zwei F\u00e4llen ging es um Urkundenf\u00e4lschung und acht Mal um das Schleusen von Arbeitskr\u00e4ften. Zuvor legte der Angeklagte ein Gest\u00e4ndnis ab und erhielt im Gegenzug die Zusage f\u00fcr eine mildere Strafe. Laut Anklage hat sein Handeln bei Sozialkassen und Finanzamt einen finanziellen Schaden von mehr als 3,6 Millionen Euro verursacht. | NDR Schleswig-Holstein 28.08.2026 16:00 Uhr<\/p>\n<p>        <img decoding=\"async\" src=\"https:\/\/www.europesays.com\/de\/wp-content\/uploads\/2026\/03\/podcastlogo104.webp.webp\" alt=\"Ein Mikrofon vor zwei Menschen.\" title=\"Ein Mikrofon vor zwei Menschen. | NDR, Janis R\u00f6hlig\" class=\"responsive\" loading=\"lazy\"\/><\/p>\n<p>Alles, was f\u00fcr Schleswig-Holstein wichtig ist: Im Nachrichten-Podcast von NDR 1 Welle Nord h\u00f6ren Sie das Neueste aus Schleswig-Holstein, Deutschland und der Welt.<\/p>\n<p>\n        15:20 Uhr\n    <\/p>\n<p>    IHK und Handwerkskammer kritisieren F\u00f6rderung von &#8222;Azubiwerk&#8220;<\/p>\n<p class=\"\">Die schleswig-holsteinische Landesregierung will mit 30 Millionen Euro j\u00e4hrlich Wohnraum f\u00fcr junge Leute f\u00f6rdern. Ein &#8222;Azubiwerk&#8220; soll vor allem mehr Wohnheimpl\u00e4tze f\u00fcr Auszubildende schaffen. IHK und Handwerkskammer sind von diesen Pl\u00e4nen allerdings nicht \u00fcberzeugt. Eine aktuelle Umfrage unter knapp 4.000 Azubis zeigt: Die meisten wohnen noch Zuhause und zwei Drittel von ihnen sind damit auch zufrieden. Es brauche eher mehr Angebote f\u00fcr bezahlbare eigene Wohnungen. | NDR Schleswig-Holstein 28.08.2026 16:00 Uhr<\/p>\n<p>        <img decoding=\"async\" src=\"https:\/\/www.europesays.com\/de\/wp-content\/uploads\/2026\/03\/podcastlogo104.webp.webp\" alt=\"Ein Mikrofon vor zwei Menschen.\" title=\"Ein Mikrofon vor zwei Menschen. | NDR, Janis R\u00f6hlig\" class=\"responsive\" loading=\"lazy\"\/><\/p>\n<p>Alles, was f\u00fcr Schleswig-Holstein wichtig ist: Im Nachrichten-Podcast von NDR 1 Welle Nord h\u00f6ren Sie das Neueste aus Schleswig-Holstein, Deutschland und der Welt.<\/p>\n<p>\n        15:07 Uhr\n    <\/p>\n<p>    Landtag debattiert \u00fcber B\u00e4derbahn<\/p>\n<p class=\"\">Wie soll es mit der B\u00e4derbahn weitergehen? Dazu hat heute der Landtag teils hitzig debattiert. Die Elektrifizierung der B\u00e4derbahnstrecke ist nur mit Mitteln vom Bund m\u00f6glich, machte die Landesregierung deutlich. Sollte das Geld aus Berlin nicht kommen, wackelt demnach auch der Erhalt der Strecke zwischen <a href=\"https:\/\/www.ndr.de\/nachrichten\/schleswig-holstein\/Luebeck-Aktuelle-Nachrichten-und-Videos-,luebeck2802.html\" title=\"L\u00fcbeck - Aktuelle Nachrichten und Videos\" rel=\"nofollow noopener\" target=\"_blank\">L\u00fcbeck<\/a>, Timmendorfer Strand, Scharbeutz und Neustadt (beide <a href=\"https:\/\/www.ndr.de\/nachrichten\/schleswig-holstein\/Ostholstein-Aktuelle-Nachrichten-und-Videos,ostholstein126.html\" title=\"Ostholstein - Aktuelle Nachrichten und Videos\" rel=\"nofollow noopener\" target=\"_blank\">Kreis Ostholstein<\/a>). SPD und FDP forderten die Regierung heute auf, den Weiterbetrieb der B\u00e4derbahn auch ohne die Mittel vom Bund zu sichern. | NDR Schleswig-Holstein 28.08.2026 15:00 Uhr<\/p>\n<p>        <img decoding=\"async\" src=\"https:\/\/www.europesays.com\/de\/wp-content\/uploads\/2026\/03\/podcastlogo104.webp.webp\" alt=\"Ein Mikrofon vor zwei Menschen.\" title=\"Ein Mikrofon vor zwei Menschen. | NDR, Janis R\u00f6hlig\" class=\"responsive\" loading=\"lazy\"\/><\/p>\n<p>Alles, was f\u00fcr Schleswig-Holstein wichtig ist: Im Nachrichten-Podcast von NDR 1 Welle Nord h\u00f6ren Sie das Neueste aus Schleswig-Holstein, Deutschland und der Welt.<\/p>\n<p>        <img decoding=\"async\" src=\"https:\/\/www.europesays.com\/de\/wp-content\/uploads\/2026\/07\/baederbahn162.webp\" alt=\"Ein Zug f\u00e4hrt in den Bahnhof in Timmendorfer Strand\" title=\"Ein Zug f\u00e4hrt in den Bahnhof in Timmendorfer Strand | NDR, Hauke von Hallern\" class=\"responsive\" loading=\"lazy\"\/><\/p>\n<p>FDP und SPD fordern die Landesregierung auf, den Erhalt der Strecke zuzusichern. CDU und Gr\u00fcne verweisen auf den Bund.<\/p>\n<p>\n        14:06 Uhr\n    <\/p>\n<p>    Wohin mit dem AKW-Bauschutt aus Brunsb\u00fcttel und Brokdorf?<\/p>\n<p class=\"\">Die Abf\u00e4lle aus den Kernkraftwerken Brokdorf (<a href=\"https:\/\/www.ndr.de\/nachrichten\/schleswig-holstein\/Steinburg-Aktuelle-Nachrichten-und-Videos,steinburg118.html\" title=\"Steinburg - Aktuelle Nachrichten und Videos\" rel=\"nofollow noopener\" target=\"_blank\">Kreis Steinburg<\/a>) und Brunsb\u00fcttel (<a href=\"https:\/\/www.ndr.de\/nachrichten\/schleswig-holstein\/Dithmarschen-Aktuelle-Nachrichten-und-Videos,dithmarschen254.html\" title=\"Dithmarschen - Aktuelle Nachrichten und Videos\" rel=\"nofollow noopener\" target=\"_blank\">Kreis Dithmarschen<\/a>) sollen nach Harrislee (<a href=\"https:\/\/www.ndr.de\/nachrichten\/schleswig-holstein\/Kreis-Schleswig-Flensburg-Aktuelle-Nachrichten-und-Videos,schleswigflensburg118.html\" title=\"Kreis Schleswig-Flensburg - Aktuelle Nachrichten und Videos\" rel=\"nofollow noopener\" target=\"_blank\">Kreis Schleswig-Flensburg<\/a>) Gremersdorf (<a href=\"https:\/\/www.ndr.de\/nachrichten\/schleswig-holstein\/Ostholstein-Aktuelle-Nachrichten-und-Videos,ostholstein126.html\" title=\"Ostholstein - Aktuelle Nachrichten und Videos\" rel=\"nofollow noopener\" target=\"_blank\">Kreis Ostholstein<\/a>) gehen. Das hat das Landesamt f\u00fcr Umwelt in Abstimmung mit dem Umweltministerium entschieden. Die Deponien haben nun Gelegenheit, Stellung zu nehmen und rechtlich gegen die Anordnung vorzugehen. Sollte es nicht zu einem Gerichtsverfahren kommen, k\u00f6nnten die ersten Transporte im kommenden Jahr starten. | NDR Schleswig-Holstein 28.08.2026 14:00 Uhr<\/p>\n<p>        <img decoding=\"async\" src=\"https:\/\/www.europesays.com\/de\/wp-content\/uploads\/2026\/08\/muelldeponie-110.webp\" alt=\"Viele M\u00fclls\u00e4cke nebeneinander.\" title=\"Viele M\u00fclls\u00e4cke nebeneinander. | IMAGO | BREUEL-BILD\" class=\"responsive\" loading=\"lazy\"\/><\/p>\n<p>Auf Deponien in Gremersdorf und Harrislee soll der laut Umweltministerium nicht-radioaktive M\u00fcll aus den AKWs Brunsb\u00fcttel und Brokdorf entsorgt werden.<\/p>\n<p>        <img decoding=\"async\" src=\"https:\/\/www.europesays.com\/de\/wp-content\/uploads\/2026\/03\/podcastlogo104.webp.webp\" alt=\"Ein Mikrofon vor zwei Menschen.\" title=\"Ein Mikrofon vor zwei Menschen. | NDR, Janis R\u00f6hlig\" class=\"responsive\" loading=\"lazy\"\/><\/p>\n<p>Alles, was f\u00fcr Schleswig-Holstein wichtig ist: Im Nachrichten-Podcast von NDR 1 Welle Nord h\u00f6ren Sie das Neueste aus Schleswig-Holstein, Deutschland und der Welt.<\/p>\n<p>\n        12:25 Uhr\n    <\/p>\n<p>    Landtag diskutiert \u00fcber Drohnenabwehr<\/p>\n<p class=\"\">Die Sorge vor einer hybriden Bedrohung durch Drohnen w\u00e4chst im Land. Daher forderten die Abgeordneten heute im Landtag noch mehr Schutz und klarere Regelungen f\u00fcr die Zusammenarbeit von Landespolizei, Bundespolizei und Bundeswehr. Innenministerin Magdalena Finke (CDU) sprach von einem permanenten Wettlauf gegen die Zeit. Sie sagte, man m\u00fcsse sich insgesamt dezentral aufstellen und auch die Betreiber kritischer Infrastruktur in die Lage versetzen, selbst gegen Drohnen vorzugehen. | NDR Schleswig-Holstein 28.08.2026 12:00 Uhr<\/p>\n<p>        <img decoding=\"async\" src=\"https:\/\/www.europesays.com\/de\/wp-content\/uploads\/2026\/08\/drohne-448.webp\" alt=\"Eine Drohne fliegt vor einem startenden Flugzeug in der Luft.\" title=\"Eine Drohne fliegt vor einem startenden Flugzeug in der Luft. | Jan Woitas\" class=\"responsive\" loading=\"lazy\"\/><\/p>\n<p>Im Schleswig-Holsteinischen Landtag sprach Magdalena Finke (CDU) von einem permanenten Wettlauf gegen die Zeit.<\/p>\n<p>        <img decoding=\"async\" src=\"https:\/\/www.europesays.com\/de\/wp-content\/uploads\/2026\/03\/podcastlogo104.webp.webp\" alt=\"Ein Mikrofon vor zwei Menschen.\" title=\"Ein Mikrofon vor zwei Menschen. | NDR, Janis R\u00f6hlig\" class=\"responsive\" loading=\"lazy\"\/><\/p>\n<p>Alles, was f\u00fcr Schleswig-Holstein wichtig ist: Im Nachrichten-Podcast von NDR 1 Welle Nord h\u00f6ren Sie das Neueste aus Schleswig-Holstein, Deutschland und der Welt.<\/p>\n<p>\n        12:15 Uhr\n    <\/p>\n<p>    Land will 20 neue Akkuz\u00fcge bestellen<\/p>\n<p class=\"\">Das Land Schleswig-Holstein will 20 neue Akkuz\u00fcge bestellen. Sie sollen laut Nahverkehrsbund NAH.SH voraussichtlich ab dem Jahr 2030 einsatzbereit sein und die Kapazit\u00e4ten auf Strecken erweitern, auf denen jetzt schon Akkuz\u00fcge fahren &#8211; unter anderem zwischen <a href=\"https:\/\/www.ndr.de\/nachrichten\/schleswig-holstein\/Kiel-Aktuelle-Nachrichten-News-und-Videos,kiel7262.html\" title=\"Kiel - Aktuelle Nachrichten und Videos\" rel=\"nofollow noopener\" target=\"_blank\">Kiel<\/a> und <a href=\"https:\/\/www.ndr.de\/nachrichten\/schleswig-holstein\/Flensburg-Nachrichten-Hintergruende-und-Videos,flensburg6034.html\" title=\"Flensburg - Aktuelle Nachrichten und Videos\" rel=\"nofollow noopener\" target=\"_blank\">Flensburg<\/a>, Kiel und <a href=\"https:\/\/www.ndr.de\/nachrichten\/schleswig-holstein\/Luebeck-Aktuelle-Nachrichten-und-Videos-,luebeck2802.html\" title=\"L\u00fcbeck - Aktuelle Nachrichten und Videos\" rel=\"nofollow noopener\" target=\"_blank\">L\u00fcbeck<\/a> sowie zwischen Kiel und Husum (<a href=\"https:\/\/www.ndr.de\/nachrichten\/schleswig-holstein\/Nordfriesland-Aktuelle-Nachrichten-und-Videos,nordfriesland174.html\" title=\"Nordfriesland - Aktuelle Nachrichten und Videos\" rel=\"nofollow noopener\" target=\"_blank\">Kreis Nordfriesland<\/a>). Auf der Verbindung zwischen Nieb\u00fcll und Dageb\u00fcll (beide Kreis Nordfriesland) sollen die Akkuz\u00fcge die bisherigen Dieselfahrzeuge ersetzen. | NDR Schleswig-Holstein 28.08.2026 12:00 Uhr<\/p>\n<p>        <img decoding=\"async\" src=\"https:\/\/www.europesays.com\/de\/wp-content\/uploads\/2026\/03\/podcastlogo104.webp.webp\" alt=\"Ein Mikrofon vor zwei Menschen.\" title=\"Ein Mikrofon vor zwei Menschen. | NDR, Janis R\u00f6hlig\" class=\"responsive\" loading=\"lazy\"\/><\/p>\n<p>Alles, was f\u00fcr Schleswig-Holstein wichtig ist: Im Nachrichten-Podcast von NDR 1 Welle Nord h\u00f6ren Sie das Neueste aus Schleswig-Holstein, Deutschland und der Welt.<\/p>\n<p>\n        11:10 Uhr\n    <\/p>\n<p>    Die Wehrtechnik-Branche in SH ist weiter auf Wachstumskurs<\/p>\n<p class=\"\">Gr\u00f6\u00dfere Wehrtechnik-Betriebe in Schleswig-Holstein bewerten ihre wirtschaftliche Situation aktuell als positiv und deutlich besser als im Vorjahr. Das geht aus einer Umfrage des Unternehmerverbands Nord hervor. 23 Unternehmen mit insgesamt 7.800 in der Wehrtechnik Besch\u00e4ftigten haben daran teilgenommen. Ein Gro\u00dfteil davon rechnet f\u00fcr dieses Jahr damit, seinen Umsatz steigern zu k\u00f6nnen. Als Gr\u00fcnde nennt der Verband das Sonderverm\u00f6gen des Bundes und steigende Verteidigungsausgaben. | NDR Schleswig-Holstein 28.08.2026 11:00 Uhr<\/p>\n<p>        <img decoding=\"async\" src=\"https:\/\/www.europesays.com\/de\/wp-content\/uploads\/2026\/03\/podcastlogo104.webp.webp\" alt=\"Ein Mikrofon vor zwei Menschen.\" title=\"Ein Mikrofon vor zwei Menschen. | NDR, Janis R\u00f6hlig\" class=\"responsive\" loading=\"lazy\"\/><\/p>\n<p>Alles, was f\u00fcr Schleswig-Holstein wichtig ist: Im Nachrichten-Podcast von NDR 1 Welle Nord h\u00f6ren Sie das Neueste aus Schleswig-Holstein, Deutschland und der Welt.<\/p>\n<p>\n        11:05 Uhr\n    <\/p>\n<p>    Bauarbeiten auf A1 bei Bad Oldesloe noch nicht abgeschlossen<\/p>\n<p class=\"\">Die Reparatur mehrerer Schlagl\u00f6cher auf der A1 zwischen dem Kreuz Bargteheide und Bad Oldesloe (<a href=\"https:\/\/www.ndr.de\/nachrichten\/schleswig-holstein\/Stormarn-Aktuelle-Nachrichten-und-Videos,stormarn148.html\" title=\"Stormarn - Aktuelle Nachrichten und Videos\" rel=\"nofollow noopener\" target=\"_blank\">Kreis Stormarn<\/a>) dauert l\u00e4nger als gedacht. Die Fahrbahn in Richtung <a href=\"https:\/\/www.ndr.de\/nachrichten\/schleswig-holstein\/Luebeck-Aktuelle-Nachrichten-und-Videos-,luebeck2802.html\" title=\"L\u00fcbeck - Aktuelle Nachrichten und Videos\" rel=\"nofollow noopener\" target=\"_blank\">L\u00fcbeck<\/a> muss daher auch in der n\u00e4chsten Woche jeweils von 19 Uhr bis 6 Uhr voll gesperrt werden. Urspr\u00fcnglich h\u00e4tten die Arbeiten morgen beendet sein sollen. Vor etwa zwei Wochen entstanden im Baustellenbereich in der alten Betonfahrbahn gro\u00dfe Schlagl\u00f6cher. | NDR Schleswig-Holstein 28.08.2026 11:00 Uhr<\/p>\n<p>        <img decoding=\"async\" src=\"https:\/\/www.europesays.com\/de\/wp-content\/uploads\/2026\/03\/podcastlogo104.webp.webp\" alt=\"Ein Mikrofon vor zwei Menschen.\" title=\"Ein Mikrofon vor zwei Menschen. | NDR, Janis R\u00f6hlig\" class=\"responsive\" loading=\"lazy\"\/><\/p>\n<p>Alles, was f\u00fcr Schleswig-Holstein wichtig ist: Im Nachrichten-Podcast von NDR 1 Welle Nord h\u00f6ren Sie das Neueste aus Schleswig-Holstein, Deutschland und der Welt.<\/p>\n<p>        <img decoding=\"async\" src=\"https:\/\/www.europesays.com\/de\/wp-content\/uploads\/2026\/08\/schlagloch-148.webp\" alt=\"Ein Schlgloch auf der Autobahn, abgesperrt durch Pylonen.\" title=\"Ein Schlagloch auf der A1 zwischen dem Kreuz Bargteheide und der AS Bad Oldesloe | Polizeidirektion Ratzeburg\u00a0\u00a0\" class=\"responsive\" loading=\"lazy\"\/><\/p>\n<p>Laut zust\u00e4ndiger Autobahn GmbH sind die Arbeiten zwischen dem Kreuz Bargteheide und Bad Oldesloe umfangreicher als angenommen.<\/p>\n<p>\n        10:23 Uhr\n    <\/p>\n<p>    Arbeitslosenzahlen stiegen in SH und bundesweit<\/p>\n<p class=\"\">In Schleswig-Holstein sind in diesem Monat 97.800 Menschen ohne Job gemeldet. Laut Landesarbeitsagentur sind das 1.000 mehr als im August des vergangenen Jahres und 1.000 mehr als im Vormonat. Der Anstieg \u00fcberrasche ihn nicht, sagte Thomas Letixerant, Vize-Chef der Landesarbeitsagentur. Die sogenannte Sommerflaute habe im Juli begonnen und setze sich nun fort. Bundesweit ist die Zahl der Arbeitslosen im August weiter \u00fcber die Marke von drei Millionen gestiegen. | NDR Schleswig-Holstein 28.08.2026 10:00 Uhr<\/p>\n<p>        <img decoding=\"async\" src=\"https:\/\/www.europesays.com\/de\/wp-content\/uploads\/2026\/03\/podcastlogo104.webp.webp\" alt=\"Ein Mikrofon vor zwei Menschen.\" title=\"Ein Mikrofon vor zwei Menschen. | NDR, Janis R\u00f6hlig\" class=\"responsive\" loading=\"lazy\"\/><\/p>\n<p>Alles, was f\u00fcr Schleswig-Holstein wichtig ist: Im Nachrichten-Podcast von NDR 1 Welle Nord h\u00f6ren Sie das Neueste aus Schleswig-Holstein, Deutschland und der Welt.<\/p>\n<p>        <img decoding=\"async\" src=\"https:\/\/www.europesays.com\/de\/wp-content\/uploads\/2026\/08\/agentur-fuer-arbeit-164.webp\" alt=\"Die Uhr an der Fassade der Agentur f\u00fcr Arbeit in Hamburg zeigt f\u00fcnf Minuten vor Zw\u00f6lf an. \" title=\"Die Uhr an der Fassade der Agentur f\u00fcr Arbeit in Hamburg zeigt f\u00fcnf Minuten vor Zw\u00f6lf an.  | dpa, Patrick Pleul\" class=\"responsive\" loading=\"lazy\"\/><\/p>\n<p>Nach wie vor sind mehr als drei Millionen Menschen in Deutschland ohne Job. Auch in Norddeutschland geht die Zahl in die H\u00f6he &#8211; in Hamburg \u00fcberdurchschnittlich stark.<\/p>\n<p>\n        10:19 Uhr\n    <\/p>\n<p>    Radfahrer stirbt bei Unfall nahe Rastorf<\/p>\n<p class=\"\">Bei einem Unfall nahe Rastorf im <a href=\"https:\/\/www.ndr.de\/nachrichten\/schleswig-holstein\/Kreis-Ploen-Aktuelle-Nachrichten-und-Videos,ploen198.html\" title=\"Kreis Pl\u00f6n - Aktuelle Nachrichten und Videos\" rel=\"nofollow noopener\" target=\"_blank\">Kreis Pl\u00f6n<\/a> ist gestern Vormittag ein Fahrradfahrer ums Leben gekommen. Der Fahrer eines Transporters habe einem Reh ausweichen wollen, teilte die Polizei heute mit. Dabei \u00fcbersah er einen entgegenkommenden Radfahrer. Der 69-J\u00e4hrige starb noch am Unfallort. Der 26-j\u00e4hrige Fahrer des Transporters erlitt einen Schock. | NDR Schleswig-Holstein 28.08.2026 10:00 Uhr<\/p>\n<p>        <img decoding=\"async\" src=\"https:\/\/www.europesays.com\/de\/wp-content\/uploads\/2026\/03\/podcastlogo104.webp.webp\" alt=\"Ein Mikrofon vor zwei Menschen.\" title=\"Ein Mikrofon vor zwei Menschen. | NDR, Janis R\u00f6hlig\" class=\"responsive\" loading=\"lazy\"\/><\/p>\n<p>Alles, was f\u00fcr Schleswig-Holstein wichtig ist: Im Nachrichten-Podcast von NDR 1 Welle Nord h\u00f6ren Sie das Neueste aus Schleswig-Holstein, Deutschland und der Welt.<\/p>\n<p>\n        09:16 Uhr\n    <\/p>\n<p>    THW \u00fcbt in D\u00e4nemark<\/p>\n<p class=\"\">Rund 150 Einsatzkr\u00e4fte des Technischen Hilfswerks (THW) treffen sich an diesem Wochenende mit ihren d\u00e4nischen Kolleginnen und Kollegen zu einer Katastrophenschutz\u00fcbung in Hadersleben, D\u00e4nemark. Unter anderem soll ge\u00fcbt werden, wie man Menschen nach einem Einsturz am schnellsten und sichersten aus Tr\u00fcmmern rettet. Die Teams arbeiten schon seit \u00fcber 20 Jahren zusammen. Letztes Jahr haben sie beschlossen, diese Hilfe \u00fcber Grenzen hinweg noch weiter zu verst\u00e4rken. | NDR Schleswig-Holstein 28.08.2026 09:00 Uhr<\/p>\n<p>        <img decoding=\"async\" src=\"https:\/\/www.europesays.com\/de\/wp-content\/uploads\/2026\/03\/podcastlogo104.webp.webp\" alt=\"Ein Mikrofon vor zwei Menschen.\" title=\"Ein Mikrofon vor zwei Menschen. | NDR, Janis R\u00f6hlig\" class=\"responsive\" loading=\"lazy\"\/><\/p>\n<p>Alles, was f\u00fcr Schleswig-Holstein wichtig ist: Im Nachrichten-Podcast von NDR 1 Welle Nord h\u00f6ren Sie das Neueste aus Schleswig-Holstein, Deutschland und der Welt.<\/p>\n<p>\n        08:35 Uhr\n    <\/p>\n<p>    Schleswig-Holsteins erste E-Bike Messe startet<\/p>\n<p class=\"\">Die Nachfrage nach E-Bikes in Schleswig-Holstein steigt: Mittlerweile ist fast jedes dritte Fahrrad elektrisch angetrieben. Auch deshalb startet heute die erste E-Bike Messe Schleswig-Holsteins in Rendsburg (<a href=\"https:\/\/www.ndr.de\/nachrichten\/schleswig-holstein\/Kreis-Rendsburg-Eckernfoerde-Aktuelle-Nachrichten-und-Videos,rendsburgeckernfoerde118.html\" title=\"Kreis Rendsburg-Eckernf\u00f6rde - Aktuelle Nachrichten und Videos\" rel=\"nofollow noopener\" target=\"_blank\">Kreis Rendsburg-Eckernf\u00f6rde<\/a>). Dort k\u00f6nnen verschiedene Modelle getestet werden &#8211; auch Kinder- oder Senioren-Fahrr\u00e4der. Die Messe geht noch bis Sonntag. Der Eintritt ist frei. | NDR Schleswig-Holstein 28.08.2026 08:00 Uhr<\/p>\n<p>        <img decoding=\"async\" src=\"https:\/\/www.europesays.com\/de\/wp-content\/uploads\/2026\/03\/podcastlogo104.webp.webp\" alt=\"Ein Mikrofon vor zwei Menschen.\" title=\"Ein Mikrofon vor zwei Menschen. | NDR, Janis R\u00f6hlig\" class=\"responsive\" loading=\"lazy\"\/><\/p>\n<p>Alles, was f\u00fcr Schleswig-Holstein wichtig ist: Im Nachrichten-Podcast von NDR 1 Welle Nord h\u00f6ren Sie das Neueste aus Schleswig-Holstein, Deutschland und der Welt.<\/p>\n<p>\n        08:15 Uhr\n    <\/p>\n<p>    Neues Zentrum f\u00fcr Therapie- und Gesundheitsberufe<\/p>\n<p class=\"\">In Bad Segeberg (<a href=\"https:\/\/www.ndr.de\/nachrichten\/schleswig-holstein\/Kreis-Segeberg-Aktuelle-Nachrichten-und-Videos,segeberg224.html\" title=\"Kreis Segeberg - Aktuelle Nachrichten und Videos\" rel=\"nofollow noopener\" target=\"_blank\">Kreis Segeberg<\/a>) wird heute ein neues Ausbildungszentrum f\u00fcr therapeutische Gesundheitsberufe er\u00f6ffnet. Insgesamt 75 junge Menschen k\u00f6nnen dort ab September in den Bereichen Physiotherapie, Ergotherapie und Logop\u00e4die ausgebildet werden. Denn der Bedarf an Fachkr\u00e4ften im Gesundheitsbereich ist laut den Physiotherapie- und Logop\u00e4dieverb\u00e4nden in Schleswig-Holstein aktuell immens. | NDR Schleswig-Holstein 28.08.2026 08:00 Uhr<\/p>\n<p>        <img decoding=\"async\" src=\"https:\/\/www.europesays.com\/de\/wp-content\/uploads\/2026\/03\/podcastlogo104.webp.webp\" alt=\"Ein Mikrofon vor zwei Menschen.\" title=\"Ein Mikrofon vor zwei Menschen. | NDR, Janis R\u00f6hlig\" class=\"responsive\" loading=\"lazy\"\/><\/p>\n<p>Alles, was f\u00fcr Schleswig-Holstein wichtig ist: Im Nachrichten-Podcast von NDR 1 Welle Nord h\u00f6ren Sie das Neueste aus Schleswig-Holstein, Deutschland und der Welt.<\/p>\n<p>        <img decoding=\"async\" src=\"https:\/\/www.europesays.com\/de\/wp-content\/uploads\/2026\/08\/ausbildungszentrum-100.webp\" alt=\"Das neue Ausbildungszentrum f\u00fcr Therapie- und Gesundheitsberufe in Bad Segeberg.\" title=\"Das neue Ausbildungszentrum f\u00fcr Therapie- und Gesundheitsberufe in Bad Segeberg. | Ole ter Wey\" class=\"responsive\" loading=\"lazy\"\/><\/p>\n<p>Das Zentrum in Bad Segeberg bietet Pl\u00e4tze f\u00fcr insgesamt 225 Sch\u00fcler und soll dem Fachkr\u00e4ftemangel entgegenwirken.<\/p>\n<p>\n        07:48 Uhr\n    <\/p>\n<p>    Unbekannte spr\u00fchen Pfefferspray in Linienbus<\/p>\n<p class=\"\">In <a href=\"https:\/\/www.ndr.de\/nachrichten\/schleswig-holstein\/Luebeck-Aktuelle-Nachrichten-und-Videos-,luebeck2802.html\" title=\"L\u00fcbeck - Aktuelle Nachrichten und Videos\" rel=\"nofollow noopener\" target=\"_blank\">L\u00fcbeck<\/a> sucht die Polizei nach zwei unbekannten jungen M\u00e4nnern, die gestern Abend Pfefferspray in einen Linienbus gespr\u00fcht haben. Sie sollen laut Polizei gegen halb elf mit einem Bus der Linie 3 gefahren sein und dabei schon unangenehm aufgefallen sein. Die beiden stiegen an der Haltestelle Eichholz aus. Dann spr\u00fchten sie das Reizgas durch ein ge\u00f6ffnetes Fenster in den Bus hinein. Sechs Menschen konnten dadurch schlecht atmen. | NDR Schleswig-Holstein 28.08.2026 07:00 Uhr<\/p>\n<p>        <img decoding=\"async\" src=\"https:\/\/www.europesays.com\/de\/wp-content\/uploads\/2026\/03\/podcastlogo104.webp.webp\" alt=\"Ein Mikrofon vor zwei Menschen.\" title=\"Ein Mikrofon vor zwei Menschen. | NDR, Janis R\u00f6hlig\" class=\"responsive\" loading=\"lazy\"\/><\/p>\n<p>Alles, was f\u00fcr Schleswig-Holstein wichtig ist: Im Nachrichten-Podcast von NDR 1 Welle Nord h\u00f6ren Sie das Neueste aus Schleswig-Holstein, Deutschland und der Welt.<\/p>\n<p>\n        06:55 Uhr\n    <\/p>\n<p>    Fliegerbombe in Dithmarschen entsch\u00e4rft<\/p>\n<p class=\"\">Bei Sarzb\u00fcttel im <a href=\"https:\/\/www.ndr.de\/nachrichten\/schleswig-holstein\/Dithmarschen-Aktuelle-Nachrichten-und-Videos,dithmarschen254.html\" title=\"Dithmarschen - Aktuelle Nachrichten und Videos\" rel=\"nofollow noopener\" target=\"_blank\">Kreis Dithmarschen<\/a> ist gestern Nacht eine britische Fliegerbombe aus dem Zweiten Weltkrieg entsch\u00e4rft worden. Der 350 Kilo schwere Blindg\u00e4nger lag laut Polizei auf einem Acker in der N\u00e4he des Dorfes. Die Anwohner durften in ihren H\u00e4usern bleiben. Der Blindg\u00e4nger war wohl bei Bauarbeiten entdeckt worden. | NDR Schleswig-Holstein 28.08.2026 06:00 Uhr<\/p>\n<p>\n        06:52 Uhr\n    <\/p>\n<p>    Partielle Mondfinsternis \u00fcber Schleswig-Holstein<\/p>\n<p class=\"\">Heute Morgen gab es \u00fcber Schleswig-Holstein eine partielle Mondfinsternis. Wer sie beobachten wollte, musste fr\u00fch aufstehen. Ab 4.34 Uhr begann die Schattenwanderung des Mondes. Um 6.13 Uhr war er dann maximal verfinstert. Vielerorts verhinderte der bew\u00f6lkte Himmel jedoch den Blick auf das Spektakel. | NDR Schleswig-Holstein 28.08.2026 06:00 Uhr<\/p>\n<p>        <img decoding=\"async\" src=\"https:\/\/www.europesays.com\/de\/wp-content\/uploads\/2026\/03\/podcastlogo104.webp.webp\" alt=\"Ein Mikrofon vor zwei Menschen.\" title=\"Ein Mikrofon vor zwei Menschen. | NDR, Janis R\u00f6hlig\" class=\"responsive\" loading=\"lazy\"\/><\/p>\n<p>Alles, was f\u00fcr Schleswig-Holstein wichtig ist: Im Nachrichten-Podcast von NDR 1 Welle Nord h\u00f6ren Sie das Neueste aus Schleswig-Holstein, Deutschland und der Welt.<\/p>\n<p>        <img decoding=\"async\" src=\"https:\/\/www.europesays.com\/de\/wp-content\/uploads\/2026\/08\/hintergrundbilder10788.webp\" alt=\"Die Mondfinsternis aus der Nacht von Sonntag auf Montag\" title=\"Vom Dr\u00e4gerpark aus fotografiert Martin Schroeder aus L\u00fcbeck die Mondfinsternis aus der Nacht von Sonntag auf Montag. | Martin Schroeder, Martin Schroeder\" class=\"responsive\" loading=\"lazy\"\/><\/p>\n<p>Nach der teilweisen Sonnenfinsternis erwartet uns in dieser Woche eine partielle Mondfinsternis \u00fcber Schleswig-Holstein.<\/p>\n<p>\n        06:45 Uhr\n    <\/p>\n<p>    Landtag: Schleswig-Holstein will Jagdrecht anpassen<\/p>\n<p class=\"\">Der Schleswig-Holsteinische Landtag hat gestern \u00fcber eine Anpassung des Landesjagdrechts an die neuen bundesweiten Regeln debattiert. Bislang war es kaum m\u00f6glich, Wolf, Waschb\u00e4r oder Nutria zu fangen oder zu schie\u00dfen. Das soll sich k\u00fcnftig \u00e4ndern. Landwirtschaftsministerin Cornelia Schmachtenberg (CDU) verteidigte das Vorhaben. SPD-Politikerin Sandra Redmann bem\u00e4ngelte hingegen fehlende Daten zu Sch\u00e4den durch Nutrias. Als N\u00e4chstes werden Experten im Umwelt- und Agrarausschuss geh\u00f6rt. | NDR Schleswig-Holstein 28.08.2026 06:00 Uhr<\/p>\n<p>        <img decoding=\"async\" src=\"https:\/\/www.europesays.com\/de\/wp-content\/uploads\/2026\/08\/jagd-156.webp\" alt=\"Ein J\u00e4ger h\u00e4lt in seinem Jagdrevier eine Jagdwaffe auf einem Hochsitz.\" title=\"Ein J\u00e4ger h\u00e4lt in seinem Jagdrevier eine Jagdwaffe auf einem Hochsitz. | picture alliance\/dpa | Silas Stein\" class=\"responsive\" loading=\"lazy\"\/><\/p>\n<p>Ein Gesetzentwurf sieht das vor. Laut den Gr\u00fcnen senkt die Bejagung von W\u00f6lfen die Risszahlen aber nicht unbedingt. <\/p>\n<p>        <img decoding=\"async\" src=\"https:\/\/www.europesays.com\/de\/wp-content\/uploads\/2026\/03\/podcastlogo104.webp.webp\" alt=\"Ein Mikrofon vor zwei Menschen.\" title=\"Ein Mikrofon vor zwei Menschen. | NDR, Janis R\u00f6hlig\" class=\"responsive\" loading=\"lazy\"\/><\/p>\n<p>Alles, was f\u00fcr Schleswig-Holstein wichtig ist: Im Nachrichten-Podcast von NDR 1 Welle Nord h\u00f6ren Sie das Neueste aus Schleswig-Holstein, Deutschland und der Welt.<\/p>\n<p>\n        06:35 Uhr\n    <\/p>\n<p>    Handball-Bundesliga: THW Kiel schl\u00e4gt TBV Lemgo<\/p>\n<p class=\"\">Der <a href=\"https:\/\/www.ndr.de\/sport\/handball\/THW-Kiel-News-Spielplan-und-Ergebnisse,thwkiel783.html\" title=\"THW Kiel: News, Kader, Spielplan, Ergebnisse \" rel=\"nofollow noopener\" target=\"_blank\">THW Kiel<\/a> startet mit einem klarem Heimsieg in die neue Saison der Handball-Bundesliga: Die &#8222;Zebras&#8220; besiegten den TBV Lemgo mit 35:27. Insbesondere Neuzugang Domen Makuc gl\u00e4nzte als Vorbereiter und sechsfacher Torsch\u00fctze. Heute Abend will dann die <a href=\"https:\/\/www.ndr.de\/sport\/handball\/SG-Flensburg-Handewitt,sgflensburghandewitt101.html\" title=\"SG Flensburg-Handewitt: News, Kader, Spielplan\" rel=\"nofollow noopener\" target=\"_blank\">SG Flensburg Handewitt<\/a> gegen Eisenach nachlegen. | NDR Schleswig-Holstein 28.08.2026 05:30 Uhr<\/p>\n<p>        <img decoding=\"async\" src=\"https:\/\/www.europesays.com\/de\/wp-content\/uploads\/2026\/08\/1787937214_626_thw-kiel-514.webp\" alt=\"THW-Profi Julian K\u00f6ster in seinem ersten Spiel f\u00fcr Kiel\" title=\"THW-Profi Julian K\u00f6ster in seinem ersten Spiel f\u00fcr Kiel | imago, eibner\" class=\"responsive\" loading=\"lazy\"\/><\/p>\n<p>Handball-Bundesliga<\/p>\n<p>Der deutsche Handball-Rekordmeister setzte sich im Er\u00f6ffnungspiel der neuen Bundesliga-Saison zu Hause gegen die Lipperl\u00e4nder durch.<\/p>\n<p>        <img decoding=\"async\" src=\"https:\/\/www.europesays.com\/de\/wp-content\/uploads\/2026\/03\/podcastlogo104.webp.webp\" alt=\"Ein Mikrofon vor zwei Menschen.\" title=\"Ein Mikrofon vor zwei Menschen. | NDR, Janis R\u00f6hlig\" class=\"responsive\" loading=\"lazy\"\/><\/p>\n<p>Alles, was f\u00fcr Schleswig-Holstein wichtig ist: Im Nachrichten-Podcast von NDR 1 Welle Nord h\u00f6ren Sie das Neueste aus Schleswig-Holstein, Deutschland und der Welt.<\/p>\n<p>\n        06:32 Uhr\n    <\/p>\n<p>    SHMF geht zu Ende: Veranstalter zufrieden<\/p>\n<p class=\"\">Das <a href=\"https:\/\/www.ndr.de\/kultur\/musik\/klassik\/schleswig-holstein_musikfestival\" title=\"Das Schleswig-Holstein Musik Festival\" rel=\"nofollow noopener\" target=\"_blank\">Schleswig-Holstein-Musikfestival<\/a> zieht eine positive Bilanz: Nach zwei Monaten endet die Veranstaltungsreihe an diesem Wochenende. 188.000 Karten wurden verkauft, das bedeute eine Auslastung von 93 Prozent, so Festivalintendant Christian Kuhnt. Er freue sich \u00fcber die Neugierde des Publikums. Insgesamt gab es mehr als 200 Konzerte. | NDR Schleswig-Holstein 28.08.2026 05:30 Uhr<\/p>\n<p>        <img decoding=\"async\" src=\"https:\/\/www.europesays.com\/de\/wp-content\/uploads\/2026\/07\/ndr-eine-fahne-mit-dem-logo-des-schleswig-holstein-musikfestivals-weht-im-wind-100.webp\" alt=\"Eine Fahne mit dem Logo des Schleswig-Holstein Musikfestivals weht im Wind.\" title=\"Eine Fahne mit dem Logo des Schleswig-Holstein Musikfestivals weht im Wind. | dpa\" class=\"responsive\" loading=\"lazy\"\/><\/p>\n<p>Alles rund um das Thema Schleswig-Holstein Musik Festival bei NDR.de.<\/p>\n<p>        <img decoding=\"async\" src=\"https:\/\/www.europesays.com\/de\/wp-content\/uploads\/2026\/03\/podcastlogo104.webp.webp\" alt=\"Ein Mikrofon vor zwei Menschen.\" title=\"Ein Mikrofon vor zwei Menschen. | NDR, Janis R\u00f6hlig\" class=\"responsive\" loading=\"lazy\"\/><\/p>\n<p>Alles, was f\u00fcr Schleswig-Holstein wichtig ist: Im Nachrichten-Podcast von NDR 1 Welle Nord h\u00f6ren Sie das Neueste aus Schleswig-Holstein, Deutschland und der Welt.<\/p>\n<p>\n        06:59 Uhr\n    <\/p>\n<p>    Das Wetter in Schleswig-Holstein<\/p>\n<p class=\"\">Heute Abend wird es in Schleswig-Holstein \u00fcberwiegend wolkig und es zieht Regen auf. \u00d6rtlich droht eine Unwettergefahr durch Starkregen, Hagel und Sturmb\u00f6en. Die Temperaturen liegen dabei bei 19 Grad auf <a href=\"https:\/\/www.ndr.de\/nachrichten\/schleswig-holstein\/Sylt-Aktuelle-News-und-Videos-von-der-Insel,sylt1522.html\" title=\"Sylt - Nachrichten und Videos von der Nordsee-Insel\" rel=\"nofollow noopener\" target=\"_blank\">Sylt<\/a> und 22 Grad in Sterley (Kreis <a href=\"https:\/\/www.ndr.de\/nachrichten\/schleswig-holstein\/Herzogtum-Lauenburg-Aktuelle-Nachrichten-und-Videos,herzogtumlauenburg126.html\" title=\"Herzogtum Lauenburg - Aktuelle Nachrichten und Videos\" rel=\"nofollow noopener\" target=\"_blank\">Herzogtum Lauenburg<\/a>). In der Nacht ziehen die Gewitter und Schauer ab. Zum Morgen hin kommen in Nordfriesland und an der Westk\u00fcste allerdings neue Wolken auf und bringen Regen. Die Tiefstwerte liegen bei 17 Grad in H\u00f6rnum (<a href=\"https:\/\/www.ndr.de\/nachrichten\/schleswig-holstein\/Nordfriesland-Aktuelle-Nachrichten-und-Videos,nordfriesland174.html\" title=\"Nordfriesland - Aktuelle Nachrichten und Videos\" rel=\"nofollow noopener\" target=\"_blank\">Kreis Nordfriesland<\/a>) und 13 Grad in Quickborn (<a href=\"https:\/\/www.ndr.de\/nachrichten\/schleswig-holstein\/Kreis-Pinneberg-Aktuelle-Nachrichten-und-Videos,pinneberg280.html\" title=\"Kreis Pinneberg - Aktuelle Nachrichten und Videos\" rel=\"nofollow noopener\" target=\"_blank\">Kreis Pinneberg<\/a>). Zum Morgen hin kann es an der Nordsee st\u00fcrmisch werden. | NDR Schleswig-Holstein 28.08.2026 15:30 Uhr<\/p>\n<p>        <img decoding=\"async\" src=\"https:\/\/www.europesays.com\/de\/wp-content\/uploads\/2026\/08\/wetter-6914.webp\" alt=\"NDR Schleswig-Holstein Moderatorin Doreen Pelz mit der Wettervorhersage.\" title=\"NDR Schleswig-Holstein Moderatorin Doreen Pelz mit der Wettervorhersage. | NDR\" class=\"responsive\" loading=\"lazy\"\/><\/p>\n<p>NDR Schleswig-Holstein Moderatorin Doreen Pelz mit den Aussichten f\u00fcr den 29. August und die kommenden Tage.<\/p>\n","protected":false},"excerpt":{"rendered":"AUDIO: Nachrichten 17:00 Uhr &#8211; 28.08.2026 (6 Min) Stand: 28.08.2026 17:34 Uhr Nachrichten aus Schleswig-Holstein vom 28. August&hellip;\n","protected":false},"author":2,"featured_media":898760,"comment_status":"","ping_status":"","sticky":false,"template":"","format":"standard","meta":{"footnotes":"","_share_on_mastodon":"0"},"categories":[1852],"tags":[590,3364,29,548,663,3934,30,13,4949,17462,14,15,12,1971,17461,1973],"class_list":["post-1266452","post","type-post","status-publish","format-standard","has-post-thumbnail","category-kiel","tag-aktuell","tag-de","tag-deutschland","tag-eu","tag-europa","tag-europe","tag-germany","tag-headlines","tag-kiel","tag-kompakt","tag-nachrichten","tag-news","tag-schlagzeilen","tag-schleswig-holstein","tag-ueberblick","tag-wetter"],"share_on_mastodon":{"url":"","error":""},"_links":{"self":[{"href":"https:\/\/www.europesays.com\/de\/wp-json\/wp\/v2\/posts\/1266452","targetHints":{"allow":["GET"]}}],"collection":[{"href":"https:\/\/www.europesays.com\/de\/wp-json\/wp\/v2\/posts"}],"about":[{"href":"https:\/\/www.europesays.com\/de\/wp-json\/wp\/v2\/types\/post"}],"author":[{"embeddable":true,"href":"https:\/\/www.europesays.com\/de\/wp-json\/wp\/v2\/users\/2"}],"replies":[{"embeddable":true,"href":"https:\/\/www.europesays.com\/de\/wp-json\/wp\/v2\/comments?post=1266452"}],"version-history":[{"count":0,"href":"https:\/\/www.europesays.com\/de\/wp-json\/wp\/v2\/posts\/1266452\/revisions"}],"wp:featuredmedia":[{"embeddable":true,"href":"https:\/\/www.europesays.com\/de\/wp-json\/wp\/v2\/media\/898760"}],"wp:attachment":[{"href":"https:\/\/www.europesays.com\/de\/wp-json\/wp\/v2\/media?parent=1266452"}],"wp:term":[{"taxonomy":"category","embeddable":true,"href":"https:\/\/www.europesays.com\/de\/wp-json\/wp\/v2\/categories?post=1266452"},{"taxonomy":"post_tag","embeddable":true,"href":"https:\/\/www.europesays.com\/de\/wp-json\/wp\/v2\/tags?post=1266452"}],"curies":[{"name":"wp","href":"https:\/\/api.w.org\/{rel}","templated":true}]}}