{"id":1266462,"date":"2026-08-28T17:20:17","date_gmt":"2026-08-28T17:20:17","guid":{"rendered":"https:\/\/www.europesays.com\/de\/1266462\/"},"modified":"2026-08-28T17:20:17","modified_gmt":"2026-08-28T17:20:17","slug":"fc-augsburg-bundesliga-trainer-freut-sich-ueber-klopp-besuch-sport","status":"publish","type":"post","link":"https:\/\/www.europesays.com\/de\/1266462\/","title":{"rendered":"FC Augsburg: Bundesliga-Trainer freut sich \u00fcber Klopp-Besuch | Sport"},"content":{"rendered":"<p><a class=\"skip-content skip-content--link\" href=\"#in-content-skip-link-target-v-0-0\">TTS-Player \u00fcberspringen\u21b5<\/a><a id=\"in-content-skip-link-target-v-0-0\" class=\"skip-content--target-link-hidden skip-content skip-content--target-link\" href=\"#in-content-skip-link-target-v-0-0\">Artikel weiterlesen<\/a><\/p>\n<p>Augsburg \u2013<b> Beim letzten Spiel des Bundesliga-Wochenendes zwischen dem FC Augsburg und Aufsteiger Schalke 04 am Sonntag (17.30 Uhr\/DAZN) wird in der ausverkauften Augsburger WWK Arena ein besonderer Gast auf der Trib\u00fcne sitzen: Bundestrainer J\u00fcrgen Klopp (59)!<\/b><\/p>\n<p>Um sofortige Eindr\u00fccke f\u00fcr die Nominierung seines Kaders f\u00fcr die Nations-League-Spiele gegen Serbien, Griechenland und Holland im September sammeln zu k\u00f6nnen, schaut Klopp neben dem Bayern-Spiel am Freitag in M\u00fcnchen am Sonntag auch in der Fuggerstadt vorbei. <\/p>\n<p>Baum freut sich auf Klopp<\/p>\n<p>FCA-Cheftrainer Manuel Baum (46) freut sich auf den Besuch des neuen DFB-Coaches: \u201eEs ist sch\u00f6n, dass der Bundestrainer da ist. Ich glaube, er hat die M\u00f6glichkeit, sich bis zu sieben Spieler in der Startformation anzuschauen, die f\u00fcr ihn infrage kommen. Er kann einen richtig dicken Zettel mitnehmen, was deutsche Spieler angeht.\u201c<\/p>\n<p><img decoding=\"async\" width=\"992\" height=\"625\" alt=\"Cheftrainer Manuel Baum (46) ist seit Dezember 2025 beim FC Augsburg im Amt\" loading=\"lazy\" src=\"https:\/\/www.europesays.com\/de\/wp-content\/uploads\/2026\/08\/047b0d24dd68c646f3dcb7dcbf67609d,eba67819.jpeg\"   class=\"dynamic\"\/><\/p>\n<p class=\"fig__caption__text\">Cheftrainer Manuel Baum (46) ist seit Dezember 2025 beim FC Augsburg im Amt<\/p>\n<p>Foto: Robert Michael\/dpa<\/p>\n<p>Was Baum meint: Mit Torwart Finn Dahmen (28), den Offensivspielern Anton Kade (22) und Mert K\u00f6m\u00fcr (21) sowie Rechtsverteidiger Noahkai Banks (19), Allrounder Hennes Behrens (21), Abwehrspieler Calvin Brackelmann (27) und Mittelfeldspieler Robin Fellhauer (28) hat der FCA sieben potenzielle Nationalmannschaftskandidaten in seinen Reihen. Einige von ihnen werden gegen Schalke wohl auch in der Startelf stehen.<\/p>\n<p>Zur Wahrheit geh\u00f6rt aber auch, dass bei den vergangenen Lehrg\u00e4ngen lediglich die Nummer eins des Bundesligisten unter Ex-Bundestrainer Julian Nagelsmann (38) mehrmals zum DFB-Kader geh\u00f6rte. Die gr\u00f6\u00dften Hoffnungen d\u00fcrfen sich die etatm\u00e4\u00dfigen U21\u2011Nationalspieler K\u00f6m\u00fcr und Kade machen. Eine Mini-Chance hat auch Banks, der sich in dieser Saison in Augsburg als Stammspieler etablieren m\u00f6chte. Die anderen haben aktuell wohl nur eine Au\u00dfenseiterchance. Mit einem guten Auftritt k\u00f6nnen alle f\u00fcr sich Werbung machen. <\/p>\n","protected":false},"excerpt":{"rendered":"TTS-Player \u00fcberspringen\u21b5Artikel weiterlesen Augsburg \u2013 Beim letzten Spiel des Bundesliga-Wochenendes zwischen dem FC Augsburg und Aufsteiger Schalke 04&hellip;\n","protected":false},"author":2,"featured_media":1266463,"comment_status":"","ping_status":"","sticky":false,"template":"","format":"standard","meta":{"footnotes":"","_share_on_mastodon":"0"},"categories":[1846],"tags":[680,772,3364,29,481,538,548,663,3934,49571,347,30,13,7645,14,15,12,1470],"class_list":["post-1266462","post","type-post","status-publish","format-standard","has-post-thumbnail","category-augsburg","tag-augsburg","tag-bayern","tag-de","tag-deutschland","tag-dfb","tag-erste-bundesliga","tag-eu","tag-europa","tag-europe","tag-fc-augsburg-1907","tag-fussball","tag-germany","tag-headlines","tag-klopp-juergen","tag-nachrichten","tag-news","tag-schlagzeilen","tag-sport-leuchtturm-muenchen"],"share_on_mastodon":{"url":"https:\/\/pubeurope.com\/@de\/117174286960111187","error":""},"_links":{"self":[{"href":"https:\/\/www.europesays.com\/de\/wp-json\/wp\/v2\/posts\/1266462","targetHints":{"allow":["GET"]}}],"collection":[{"href":"https:\/\/www.europesays.com\/de\/wp-json\/wp\/v2\/posts"}],"about":[{"href":"https:\/\/www.europesays.com\/de\/wp-json\/wp\/v2\/types\/post"}],"author":[{"embeddable":true,"href":"https:\/\/www.europesays.com\/de\/wp-json\/wp\/v2\/users\/2"}],"replies":[{"embeddable":true,"href":"https:\/\/www.europesays.com\/de\/wp-json\/wp\/v2\/comments?post=1266462"}],"version-history":[{"count":0,"href":"https:\/\/www.europesays.com\/de\/wp-json\/wp\/v2\/posts\/1266462\/revisions"}],"wp:featuredmedia":[{"embeddable":true,"href":"https:\/\/www.europesays.com\/de\/wp-json\/wp\/v2\/media\/1266463"}],"wp:attachment":[{"href":"https:\/\/www.europesays.com\/de\/wp-json\/wp\/v2\/media?parent=1266462"}],"wp:term":[{"taxonomy":"category","embeddable":true,"href":"https:\/\/www.europesays.com\/de\/wp-json\/wp\/v2\/categories?post=1266462"},{"taxonomy":"post_tag","embeddable":true,"href":"https:\/\/www.europesays.com\/de\/wp-json\/wp\/v2\/tags?post=1266462"}],"curies":[{"name":"wp","href":"https:\/\/api.w.org\/{rel}","templated":true}]}}