{"id":1266476,"date":"2026-08-28T17:28:22","date_gmt":"2026-08-28T17:28:22","guid":{"rendered":"https:\/\/www.europesays.com\/de\/1266476\/"},"modified":"2026-08-28T17:28:22","modified_gmt":"2026-08-28T17:28:22","slug":"mutmassliche-entfuehrung-in-bielefeld-heepen-zeuginnen-weiter-dringend-gesucht","status":"publish","type":"post","link":"https:\/\/www.europesays.com\/de\/1266476\/","title":{"rendered":"Mutma\u00dfliche Entf\u00fchrung in Bielefeld-Heepen: Zeuginnen weiter dringend gesucht"},"content":{"rendered":"<p id=\"absatz1\" class=\"em_text\">Bielefeld-Heepen. Es ist eine grausame Vorstellung: Am Dienstagabend, 25. August, sollen drei M\u00e4nner gegen 18.30 Uhr eine leicht verletzte, junge weibliche Person aus einem Geb\u00fcsch zwischen Heinrich-M\u00fcgge-Weg und Amtmann-Bullrich-Stra\u00dfe gezerrt und in ihr Auto gezwungen haben. Ein Zeuge hatte diese Beobachtung der Polizei gemeldet. Diese hatte sofort eine Fahndung nach den T\u00e4tern und ihrem roten Kleinwagen ausgel\u00f6st, die Kripo begab sich kurz darauf am Tatort auf die Suche nach Spuren der Tat und sp\u00e4ter auch auf die Suche nach weiteren Tatzeugen. Doch von der jungen Frau fehlt weiterhin jede Spur.<\/p>\n<p id=\"absatz2\" class=\"em_text\">\u201eLeider hat sich bisher kein weiterer Zeuge gemeldet\u201c, sagt Polizeisprecher Michael K\u00f6tter. Die Polizei sucht \u2013 wie berichtet \u2013 insbesondere nach zwei \u00e4lteren Frauen mit Einkaufswagen vom nahe gelegenen Discount-Supermarkt. Sie sollen das Geschehen ebenfalls beobachtet haben, aber anschlie\u00dfend in den Supermarkt gegangen sein. Nach dem Zeugenaufruf der Polizei gingen keine weiteren Beobachtungen mehr ein.<\/p>\n<p>        <a href=\"https:\/\/www.nw.de\/_em_daten\/_cache\/image\/1xay90VnNUSm5Jak04MUlHRUU3QWhsUVR0ZHFjZVEyZXlsWkVrSzBOaGg3ampmeW9Xa3BxYlFtc2Jxclc3azlPM0o5TTBUbmgxSXMvZmtoVlVuOGU1elVSUUZqdlJUUVJrN2txa05UeXRvdTQ9\/260828-0728-923844457.jpg\" class=\"nw-article-image\" title=\"Der Gr\u00fcnstreifen liegt hinter einem Discount-Supermarkt in der N\u00e4hge des Heeper Ortskerns.\" data-glightbox=\"type: image; description: Der Gr\u00fcnstreifen liegt hinter einem Discount-Supermarkt in der N\u00e4hge des Heeper Ortskerns.  | \u00a9 Paul Brinkmann \" rel=\"nofollow noopener\" target=\"_blank\"><br \/>\n            <img decoding=\"async\" src=\"https:\/\/www.europesays.com\/de\/wp-content\/uploads\/2026\/08\/260828-0728-923844457.jpg\" class=\"nw-img-fluid nw-w-full nw-lazy nw-rounded-t-md\" alt=\"Der Gr\u00fcnstreifen liegt hinter einem Discount-Supermarkt in der N\u00e4hge des Heeper Ortskerns. - \u00a9 Paul Brinkmann\" data-format=\"16:9\"\/><br \/>\n        <\/a><\/p>\n<p>                Der Gr\u00fcnstreifen liegt hinter einem Discount-Supermarkt in der N\u00e4hge des Heeper Ortskerns.<br \/>\n                                    | \u00a9 Paul Brinkmann<\/p>\n<p id=\"absatz3\" class=\"em_text\">Auch die Fundst\u00fccke, die von der Spurensicherung in dem Geb\u00fcsch sichergestellt wurden, seien nicht so eindeutig, dass sie das Tatgeschehen zweifelsfrei erkl\u00e4ren k\u00f6nnten, sagt K\u00f6tter. Welche Gegenst\u00e4nde sichergestellt wurden, wollte die Polizei aus ermittlungstaktischen Gr\u00fcnden nicht mitteilen.<\/p>\n<p id=\"absatz4\"><b class=\"bold\">Mit Beschreibung der Tatverd\u00e4chtigen<\/b>: <a href=\"https:\/\/www.nw.de\/lokal\/bielefeld\/heepen\/24404045_Frau-in-Bielefeld-in-Auto-gezerrt-Polizei-fahndet-weiter-nach-drei-Tatverdaechtigen.html\" rel=\"nofollow noopener\" target=\"_blank\">Frau in Bielefeld in Auto gezerrt \u2013 Polizei fahndet<\/a><\/p>\n<p>T\u00e4ter sollen roten Kleinwagen aus Kreis G\u00fctersloh gefahren sein<\/p>\n<p id=\"absatz5\" class=\"em_text\">Bei dem fl\u00fcchtigen Auto soll es sich um einen roten zweit\u00fcrigen Kleinwagen \u00e4lteren Baujahres mit G\u00fctersloher Kennzeichen handeln, das auf dem Parkplatz eines Discountmarktes stand, hie\u00df es von der Polizei. Die T\u00e4ter sollen dann in Richtung Ostring gefl\u00fcchtet sein.<\/p>\n<p id=\"absatz6\" class=\"em_text\">Die Ermittlungen in dem mutma\u00dflichen Entf\u00fchrungsfall dauern also weiter an. Zeugen, die das Tatgeschehen beobachtet haben oder Hinweise auf den Verbleib der jungen weiblichen Person geben k\u00f6nnen, melden sich unter Tel. 0521 5450.<\/p>\n<p id=\"absatz7\"><b class=\"bold\">Kein Ausnahmefall<\/b>: <a href=\"https:\/\/www.nw.de\/lokal\/bielefeld\/mitte\/24251662_Entfuehrungsfall-in-Bielefeld-Maenner-mit-Sturmhaube-wollen-22-Jaehrigen-in-ihr-Auto-zerren.html\" rel=\"nofollow noopener\" target=\"_blank\">Entf\u00fchrungsfall in Bielefeld: M\u00e4nner mit Sturmhaube wollen 22-J\u00e4hrigen in ihr Auto zerren<\/a> <\/p>\n","protected":false},"excerpt":{"rendered":"Bielefeld-Heepen. Es ist eine grausame Vorstellung: Am Dienstagabend, 25. August, sollen drei M\u00e4nner gegen 18.30 Uhr eine leicht&hellip;\n","protected":false},"author":2,"featured_media":1266477,"comment_status":"","ping_status":"","sticky":false,"template":"","format":"standard","meta":{"footnotes":"","_share_on_mastodon":"0"},"categories":[1841],"tags":[260772,513,1605,102404,3364,29,2798,25770,30,44678,983,9307,732,1609,2379,9310,2377,118550,198343,736,164252,2380,1613,237543,1209,121,16722,261646],"class_list":["post-1266476","post","type-post","status-publish","format-standard","has-post-thumbnail","category-bielefeld","tag-amtmann-bullrich-strasse","tag-auto","tag-bielefeld","tag-cnt_top-artikel","tag-de","tag-deutschland","tag-entfuehrung","tag-gebuesch","tag-germany","tag-heepen","tag-kripo","tag-label_foto","tag-label_frei","tag-label_plus-ok","tag-label_push","tag-label_social","tag-label_startseite","tag-label_whatsapp","tag-meta_artikelklasse_aboanker","tag-meta_copyrights_nw","tag-meta_eo_zusammenfassung","tag-meta_themen_arminia_bielefeld","tag-meta_userneeds_informieremich","tag-michael-koetter","tag-nordrhein-westfalen","tag-polizei","tag-polizei-bielefeld","tag-tatgeschehen"],"share_on_mastodon":{"url":"","error":"Validation failed: Text character limit of 500 exceeded"},"_links":{"self":[{"href":"https:\/\/www.europesays.com\/de\/wp-json\/wp\/v2\/posts\/1266476","targetHints":{"allow":["GET"]}}],"collection":[{"href":"https:\/\/www.europesays.com\/de\/wp-json\/wp\/v2\/posts"}],"about":[{"href":"https:\/\/www.europesays.com\/de\/wp-json\/wp\/v2\/types\/post"}],"author":[{"embeddable":true,"href":"https:\/\/www.europesays.com\/de\/wp-json\/wp\/v2\/users\/2"}],"replies":[{"embeddable":true,"href":"https:\/\/www.europesays.com\/de\/wp-json\/wp\/v2\/comments?post=1266476"}],"version-history":[{"count":0,"href":"https:\/\/www.europesays.com\/de\/wp-json\/wp\/v2\/posts\/1266476\/revisions"}],"wp:featuredmedia":[{"embeddable":true,"href":"https:\/\/www.europesays.com\/de\/wp-json\/wp\/v2\/media\/1266477"}],"wp:attachment":[{"href":"https:\/\/www.europesays.com\/de\/wp-json\/wp\/v2\/media?parent=1266476"}],"wp:term":[{"taxonomy":"category","embeddable":true,"href":"https:\/\/www.europesays.com\/de\/wp-json\/wp\/v2\/categories?post=1266476"},{"taxonomy":"post_tag","embeddable":true,"href":"https:\/\/www.europesays.com\/de\/wp-json\/wp\/v2\/tags?post=1266476"}],"curies":[{"name":"wp","href":"https:\/\/api.w.org\/{rel}","templated":true}]}}