{"id":1266551,"date":"2026-08-28T18:11:20","date_gmt":"2026-08-28T18:11:20","guid":{"rendered":"https:\/\/www.europesays.com\/de\/1266551\/"},"modified":"2026-08-28T18:11:20","modified_gmt":"2026-08-28T18:11:20","slug":"muenchens-beruehmtester-obdachloser-ist-gestorben","status":"publish","type":"post","link":"https:\/\/www.europesays.com\/de\/1266551\/","title":{"rendered":"M\u00fcnchens &#8222;ber\u00fchmtester Obdachloser&#8220; ist gestorben"},"content":{"rendered":"<p>Eine Spielrunde ohne den Walter? Gab es nicht so oft in den letzten Jahren am Schachspielplatz an der <a href=\"https:\/\/www.abendzeitung-muenchen.de\/thema\/muenchner-freiheit\/\" rel=\"nofollow noopener\" target=\"_blank\">M\u00fcnchner Freiheit<\/a>. Ein illustres Gr\u00fcppchen \u00e4lterer und j\u00fcngerer Herren trifft sich dort sp\u00e4testens am Nachmittag zum Freiluft-Schach, palavert, tratzd sich, politisiert, freut sich am Spiel mit den kniehohen Schachfiguren.<\/p>\n<p>&#8222;Ich bin praktisch immer da&#8220;, hat Walter Reinhardt mal schmunzelnd zur AZ gesagt, &#8222;weil daheim in Haidhausen ist tote Hose, da triffst ja keinen.&#8220;<\/p>\n<p>&#8222;Er ist daheim ganz alleine weggestorben&#8220;<\/p>\n<p>Auf einmal, im Juli, w\u00e4hrend der Hitzeperiode, ist der Walter dann mal nicht mehr gekommen. So viele Tage nicht, dass seine Spezln irgendwann die <a href=\"https:\/\/www.abendzeitung-muenchen.de\/organisation\/polizei\/\" rel=\"nofollow noopener\" target=\"_blank\">Polizei<\/a> alarmiert haben. Dann kam heraus, was sie zutiefst best\u00fcrzt. Ihr Schachspezi, den sie gern &#8222;M\u00fcnchens ber\u00fchmtesten Obdachlosen&#8220; nannten, obwohl er schon lange nicht mehr obdachlos war, ist tot.<\/p>\n<p>&#8222;Er ist daheim ganz alleine weggestorben&#8220;, sagt Schachfreund Stefan Sandl (67), der \u00fcber 20 Jahre mit dem Walter befreundet war, &#8222;und das hat so lange keiner gemerkt, bis man die T\u00fcr hat aufbrechen m\u00fcssen.&#8220;<\/p>\n<p>     <img decoding=\"async\" loading=\"lazy\" src=\"https:\/\/www.europesays.com\/de\/wp-content\/uploads\/2026\/08\/1734377_artikelbild-75proz_1GArM2_JaYIv8.jpg\" alt=\"Schachspieler Stefan Sandl (r.) mit den Spielern Safi (l.) und Demiro am Schachplatz \u2013 sie trauern um ihren Freund Walter.\" title=\"Schachspieler Stefan Sandl (r.) mit den Spielern Safi (l.) und Demiro am Schachplatz \u2013 sie trauern um ihren Freund Walter.\" width=\"609\" height=\"377\"\/><\/p>\n<p>      Schachspieler Stefan Sandl (r.) mit den Spielern Safi (l.) und Demiro am Schachplatz \u2013 sie trauern um ihren Freund Walter.<br \/>\n      \u00a9 Daniel von Loeper<\/p>\n<p>    Schachspieler Stefan Sandl (r.) mit den Spielern Safi (l.) und Demiro am Schachplatz \u2013 sie trauern um ihren Freund Walter.<\/p>\n<p>von Daniel von Loeper <\/p>\n<p>&#8222;}&#8220;&gt; <\/p>\n<p>Damit wird es auch den freundlichen &#8222;Nikolaus vom <a href=\"https:\/\/www.abendzeitung-muenchen.de\/thema\/marienplatz\/\" rel=\"nofollow noopener\" target=\"_blank\">Marienplatz<\/a>&#8220; nie mehr geben. Viele Jahre ist Walter Reinhardt in der Adventszeit mit seinem kultigen wei\u00df-blauen Niko-Mobil und Kripperl am Radllenker rund um den Marienplatz unterwegs gewesen. Und hat Kinder mit Schoko-Nikol\u00e4usen beschenkt, f\u00fcr die er vorher Spenden gesammelt hatte.<\/p>\n<p>&#8222;F\u00fcr Kinder ist es die sch\u00f6nste Zeit im Jahr und da will ich ihnen eine kleine Freude machen&#8220;, sagte er mal zur AZ. Dabei hatte er jahrelang selber nicht so viel zum Freuen. Der fr\u00fchere Wiesn-Kellner war nach einer gescheiterten Beziehung abgest\u00fcrzt, wurde obdachlos, schlief erst unter der Wittelsbacherbr\u00fccke, sp\u00e4ter monatelang in einer Tiefgarage.<\/p>\n<p>Schauspielerin Monika Baumgartner vermietete ihm eine kleine Wohnung<\/p>\n<p>Erst 2013 kam das Gl\u00fcck zur\u00fcck. Seine Geschichte landete in M\u00fcnchner Zeitungen. Danach holte die Schauspielerin Monika Baumgartner (&#8222;Der Bergdoktor&#8220;) ihn von der Stra\u00dfe und vermietete ihm eine kleine Wohnung in Haidhausen.<\/p>\n<p>Dass Walter Reinhardt aus seiner fr\u00fcheren Ehe eine Tochter hatte, hat man gewusst am Schachplatz an der M\u00fcnchner Freiheit. Und auch, dass der Kontakt zu ihr seit zehn Jahren abgebrochen war. &#8222;Er hat sie nimmer anrufen wollen, weil sein Leben halt zwischendurch so schief gelaufen ist&#8220;, so erz\u00e4hlt es sein Spezl Stefan Sandl. &#8222;Dabei war der Walter schon seit sieben Jahren weg vom Alkohol, hatte eine Wohnung, war ein so freundlicher, hilfsbereiter Mensch.&#8220;<\/p>\n<p>     <img decoding=\"async\" loading=\"lazy\" src=\"https:\/\/www.europesays.com\/de\/wp-content\/uploads\/2026\/08\/1734376_artikelbild-75proz_1GArM1_rNaMsp.jpg\" alt=\"2014: Walter Reinhardt, der nach Jahren der Obdachlosigkeit wieder eine Wohnung hat, ist als Nikolaus unterwegs und beschenkt Kinder.\" title=\"2014: Walter Reinhardt, der nach Jahren der Obdachlosigkeit wieder eine Wohnung hat, ist als Nikolaus unterwegs und beschenkt Kinder.\" width=\"609\" height=\"449\"\/><\/p>\n<p>      2014: Walter Reinhardt, der nach Jahren der Obdachlosigkeit wieder eine Wohnung hat, ist als Nikolaus unterwegs und beschenkt Kinder.<br \/>\n      \u00a9 rah<\/p>\n<p>    2014: Walter Reinhardt, der nach Jahren der Obdachlosigkeit wieder eine Wohnung hat, ist als Nikolaus unterwegs und beschenkt Kinder.<\/p>\n<p>von rah <\/p>\n<p>&#8222;}&#8220;&gt; <\/p>\n<p>Erfahren hat Tochter Nicole (39) trotzdem vom Tod ihres Vaters. &#8222;Bei mir hat am 27. Juli die Kripo angerufen&#8220;, erz\u00e4hlt sie der AZ. &#8222;Und seitdem kommt meine ganze Traurigkeit hoch, das ist alles so schlimm.&#8220; Vor allem, weil ihre Kindheit sch\u00f6n gewesen sei. &#8222;Wir haben geknuddelt ohne Ende, gespielt und Ausfl\u00fcge gemacht. Er ist wirklich ein toller Papa gewesen.&#8220;<\/p>\n<p>Aber als sie zehn gewesen sei, sei ihr Vater abgest\u00fcrzt. Mit 14 habe sie ihn unter der Wittelsbacherbr\u00fccke gefunden. &#8222;Das ist so ein Schock f\u00fcr ein Kind.&#8220; Von da an habe ihr Vater nicht mehr nach ihr gefragt, nie mehr f\u00fcr sie gesorgt. Er konnte es wohl einfach nicht mehr.<\/p>\n<p>Jeder Tag in der Rechtsmedizin kostet 95 Euro<\/p>\n<p>Was der sehr freundliche Beamte Walters Tochter auch sagen musste: Dass ab sofort jeder Tag, den ihr Vater in der Rechtsmedizin liegt, 95 Euro kostet. Und dass sie als Tochter f\u00fcr die Bestattung zu sorgen habe. &#8222;Ich hab nur noch auf Funktionsmodus geschaltet&#8220;, erz\u00e4hlt sie. Sie habe im Internet nach einem Bestatter gesucht, der m\u00f6glichst g\u00fcnstig ist und der schnell da sein kann. Die Wahl fiel auf eine Seebestattung in der Ostsee. &#8222;Auch weil da keine Folgekosten entstehen wie Grabpflege und Friedhofskosten.&#8220;<\/p>\n<p>Inzwischen ist Walter Reinhardt einge\u00e4schert. Die Rechnung hat seine Tochter schon auf dem Tisch. 2700 Euro kostet die anonyme Seebestattung mit allen Formalien, die es braucht. Nur tut sich Nicole schwer, die Summe zu bezahlen.<\/p>\n<p>     <img decoding=\"async\" loading=\"lazy\" src=\"https:\/\/www.europesays.com\/de\/wp-content\/uploads\/2026\/08\/1734375_artikelbild-75proz_1GArL-_VK3ztP.jpg\" alt=\"1988: Walter Reinhardt in Trudering mit Baby Nicole. Bis die Tochter 14 ist, haben sie engen Kontakt. Danach rei\u00dft er ab.\" title=\"1988: Walter Reinhardt in Trudering mit Baby Nicole. Bis die Tochter 14 ist, haben sie engen Kontakt. Danach rei\u00dft er ab.\" width=\"609\" height=\"449\"\/><\/p>\n<p>      1988: Walter Reinhardt in Trudering mit Baby Nicole. Bis die Tochter 14 ist, haben sie engen Kontakt. Danach rei\u00dft er ab.<br \/>\n      \u00a9 privat<\/p>\n<p>    1988: Walter Reinhardt in Trudering mit Baby Nicole. Bis die Tochter 14 ist, haben sie engen Kontakt. Danach rei\u00dft er ab.<\/p>\n<p>von privat <\/p>\n<p>&#8222;}&#8220;&gt; <\/p>\n<p>&#8222;Ich habe einen vierj\u00e4hrigen Sohn, ich arbeite in Teilzeit, meine kleine Familie ist nicht bettelarm, aber wir sind dieses Jahr auch nicht im Urlaub gewesen und k\u00f6nnen mit dieser Rechnung jetzt auch nicht mehr fahren&#8220;, sagt sie.<\/p>\n<p>Nun haben Walters Schachfreunde sie angeregt, einen Spendenaufruf zu starten. &#8222;Es ist doch schlimm, dass die Tochter ganz allein auf den Kosten sitzen bleibt&#8220;, findet Stefan Sandl.<\/p>\n<p>Spenden f\u00fcr Bestattungskosten \u2013 der Rest soll ans Obdachlosenhilfswerk gehen<\/p>\n<p>Auf der Plattform &#8222;gofund.me&#8220; l\u00e4uft ein <a href=\"https:\/\/www.gofundme.com\/f\/spendenaufruf-der-nicht-leicht-fallt\/wa\/o?attribution_id=sl:26df4976-eab3-4c48-bc02-409dc7268840&amp;lang=de_DE&amp;ts=1787913268&amp;utm_campaign=man_sharesheet_dash&amp;utm_content=amp30-treatment-1&amp;utm_medium=customer&amp;utm_source=whatsapp\" target=\"_blank\" title=\"https:\/\/www.gofundme.com\/f\/spendenaufruf-der-nicht-leicht-fallt\/wa\/o?attribution_id=sl:26df4976-eab3-4c48-bc02-409dc7268840&amp;lang=de_DE&amp;ts=1787913268&amp;utm_campaign=man_sharesheet_dash&amp;utm_content=amp30-treatment-1&amp;utm_medium=customer&amp;utm_source=whatsapp\" class=\"ext_links\" rel=\"noopener nofollow\">Spendenaufruf f\u00fcr Nicole Reinhardt<\/a>. &#8222;Das ist ein Aufruf, der mir nicht leicht f\u00e4llt&#8220;, schreibt sie dort. &#8222;Mit einem Teil der Spenden m\u00f6chte ich gern die Bestattungskosten auffangen. Einen anderen Teil will ich weitergeben an ein Obdachlosenhilfswerk, bei dem mein Vater Hilfe erhalten hat.&#8220;<\/p>\n<p>Wann Walter Reinhardt genau gestorben ist, ist nicht ganz klar. In den n\u00e4chsten Tagen, sagt Tochter Nicole, soll er in der Ostsee bestattet werden. Er wurde 71 Jahre alt.<\/p>\n","protected":false},"excerpt":{"rendered":"Eine Spielrunde ohne den Walter? Gab es nicht so oft in den letzten Jahren am Schachspielplatz an der&hellip;\n","protected":false},"author":2,"featured_media":1266552,"comment_status":"","ping_status":"","sticky":false,"template":"","format":"standard","meta":{"footnotes":"","_share_on_mastodon":"0"},"categories":[1827],"tags":[772,29,30,1268,16435,55178,33656,6857,12468,40506],"class_list":["post-1266551","post","type-post","status-publish","format-standard","has-post-thumbnail","category-muenchen","tag-bayern","tag-deutschland","tag-germany","tag-muenchen","tag-muenchner-freiheit","tag-nikolaus","tag-obdachlos","tag-spenden","tag-tochter","tag-wittelsbacherbruecke"],"share_on_mastodon":{"url":"https:\/\/pubeurope.com\/@de\/117174487694983700","error":""},"_links":{"self":[{"href":"https:\/\/www.europesays.com\/de\/wp-json\/wp\/v2\/posts\/1266551","targetHints":{"allow":["GET"]}}],"collection":[{"href":"https:\/\/www.europesays.com\/de\/wp-json\/wp\/v2\/posts"}],"about":[{"href":"https:\/\/www.europesays.com\/de\/wp-json\/wp\/v2\/types\/post"}],"author":[{"embeddable":true,"href":"https:\/\/www.europesays.com\/de\/wp-json\/wp\/v2\/users\/2"}],"replies":[{"embeddable":true,"href":"https:\/\/www.europesays.com\/de\/wp-json\/wp\/v2\/comments?post=1266551"}],"version-history":[{"count":0,"href":"https:\/\/www.europesays.com\/de\/wp-json\/wp\/v2\/posts\/1266551\/revisions"}],"wp:featuredmedia":[{"embeddable":true,"href":"https:\/\/www.europesays.com\/de\/wp-json\/wp\/v2\/media\/1266552"}],"wp:attachment":[{"href":"https:\/\/www.europesays.com\/de\/wp-json\/wp\/v2\/media?parent=1266551"}],"wp:term":[{"taxonomy":"category","embeddable":true,"href":"https:\/\/www.europesays.com\/de\/wp-json\/wp\/v2\/categories?post=1266551"},{"taxonomy":"post_tag","embeddable":true,"href":"https:\/\/www.europesays.com\/de\/wp-json\/wp\/v2\/tags?post=1266551"}],"curies":[{"name":"wp","href":"https:\/\/api.w.org\/{rel}","templated":true}]}}