{"id":126657,"date":"2025-05-20T23:42:15","date_gmt":"2025-05-20T23:42:15","guid":{"rendered":"https:\/\/www.europesays.com\/de\/126657\/"},"modified":"2025-05-20T23:42:15","modified_gmt":"2025-05-20T23:42:15","slug":"byd-staerkt-praesenz-in-europa-neue-zentrale-und-forschungszentrum-in-ungarn-geplant","status":"publish","type":"post","link":"https:\/\/www.europesays.com\/de\/126657\/","title":{"rendered":"BYD st\u00e4rkt Pr\u00e4senz in Europa: Neue Zentrale und Forschungszentrum in Ungarn geplant"},"content":{"rendered":"<p>\u00a0\u00a0<\/p>\n<p>BYD, der chinesische Hersteller von Elektrofahrzeugen, hat angek\u00fcndigt, seine europ\u00e4ische Unternehmenszentrale sowie ein Forschungs- und Entwicklungszentrum in Budapest, Ungarn, zu errichten. Diese Entscheidung ist Teil der Strategie des Unternehmens, seine Pr\u00e4senz in Europa zu st\u00e4rken und die Lokalisierung seiner Aktivit\u00e4ten voranzutreiben.<\/p>\n<p>Der neue Hauptsitz im XI. Bezirk von Budapest wird nach dem Buswerk in Kom\u00e1rom, den Werken in F\u00f3t und P\u00e1ty sowie dem zuk\u00fcnftigen Pkw-Werk in Szeged der f\u00fcnfte Standort von BYD in Ungarn sein. Im Rahmen der Vereinbarung mit der ungarischen Regierung sollen rund 2.000 hochwertige Arbeitspl\u00e4tze geschaffen und durch Kooperationen mit mindestens drei Universit\u00e4ten Ausbildungs- und Weiterbildungsm\u00f6glichkeiten gef\u00f6rdert werden.<\/p>\n<p>In Szeged plant BYD den Bau seines ersten europ\u00e4ischen Elektroauto-Werks. Die Fertigungsst\u00e4tte soll mehrere tausend Mitarbeiter besch\u00e4ftigen und den gesamten europ\u00e4ischen Markt bedienen. Die Produktion soll Ende 2025 starten. Das Werk wird in unmittelbarer N\u00e4he zum ELI-ALPS-Laserforschungszentrum und dem Science Park errichtet, was eine enge Zusammenarbeit mit wissenschaftlichen Einrichtungen erm\u00f6glicht.<\/p>\n<p>BYD k\u00fcndigte an, zwei konkrete Forschungs- und Entwicklungsprojekte mit erheblichen Investitionen zu starten. Das erste Projekt konzentriert sich auf die Integration intelligenter Technologien in die moderne Mobilit\u00e4t, w\u00e4hrend das zweite die Entwicklung fortschrittlicher Elektrifizierungstechnologien der n\u00e4chsten Generation zum Ziel hat. Das Unternehmen plant, Patente auf Basis der in Ungarn entwickelten Technologien anzumelden und mit Start-ups sowie einheimischen Zulieferern zusammenzuarbeiten.<\/p>\n<p>Die Europ\u00e4ische Union hat eine Untersuchung eingeleitet, um zu pr\u00fcfen, ob BYD f\u00fcr seine Investitionen in Ungarn unfaire Subventionen von der chinesischen Regierung erhalten hat. Sollte festgestellt werden, dass BYD von unzul\u00e4ssigen staatlichen Beihilfen profitiert hat, k\u00f6nnten Ma\u00dfnahmen wie der Verkauf von Verm\u00f6genswerten, Kapazit\u00e4tsreduzierungen oder R\u00fcckzahlungen von Subventionen folgen. Die ungarische Regierung wurde \u00fcber die Untersuchung nicht im Voraus informiert.<\/p>\n<p>BYD bietet derzeit mehrere Elektromodelle in Europa an, darunter den Dolphin ab etwa 29.990 Euro, den Atto 3 ab 38.980 Euro, den Seal U ab 42.980 Euro sowie die Oberklasselimousine Han und das gro\u00dfe SUV Tang, die bei knapp 65.000 Euro starten. F\u00fcr das laufende Jahr sind zwei weitere Modelle geplant. Mit dem neuen Werk in Ungarn sollen die Fahrzeuge k\u00fcnftig lokal produziert und der europ\u00e4ische Markt effizienter bedient werden.<\/p>\n<p>Die Entscheidung von BYD, seine europ\u00e4ische Zentrale und ein Forschungszentrum in Ungarn zu errichten, zeigt das Bestreben des Unternehmens, seine Pr\u00e4senz in Europa zu st\u00e4rken und sich an die lokalen Marktbedingungen anzupassen. Die Investitionen k\u00f6nnten positive wirtschaftliche Effekte f\u00fcr Ungarn haben, insbesondere durch die Schaffung von Arbeitspl\u00e4tzen und die F\u00f6rderung von Forschung und Entwicklung. Allerdings werfen die Untersuchungen der EU Fragen hinsichtlich der Wettbewerbsbedingungen und der Einhaltung von Subventionsrichtlinien auf.<\/p>\n<p>Die kommenden Jahre werden zeigen, wie sich BYDs Engagement in Europa entwickelt und welche Auswirkungen dies auf den europ\u00e4ischen Automobilmarkt haben wird.<\/p>\n<p>\t\tContinue Reading<\/p>\n","protected":false},"excerpt":{"rendered":"\u00a0\u00a0 BYD, der chinesische Hersteller von Elektrofahrzeugen, hat angek\u00fcndigt, seine europ\u00e4ische Unternehmenszentrale sowie ein Forschungs- und Entwicklungszentrum in&hellip;\n","protected":false},"author":2,"featured_media":126658,"comment_status":"","ping_status":"","sticky":false,"template":"","format":"standard","meta":{"footnotes":""},"categories":[3933],"tags":[331,332,582,1456,1728,548,663,158,47417,3934,3935,43205,13,14,15,12,47418,501],"class_list":{"0":"post-126657","1":"post","2":"type-post","3":"status-publish","4":"format-standard","5":"has-post-thumbnail","7":"category-eu","8":"tag-aktuelle-nachrichten","9":"tag-aktuelle-news","10":"tag-automobilindustrie","11":"tag-byd","12":"tag-elektroautos","13":"tag-eu","14":"tag-europa","15":"tag-europaeische-union","16":"tag-europazentrale","17":"tag-europe","18":"tag-european-union","19":"tag-forschung-und-entwicklung","20":"tag-headlines","21":"tag-nachrichten","22":"tag-news","23":"tag-schlagzeilen","24":"tag-subventionen","25":"tag-ungarn"},"share_on_mastodon":{"url":"https:\/\/pubeurope.com\/@de\/114542815145065051","error":""},"_links":{"self":[{"href":"https:\/\/www.europesays.com\/de\/wp-json\/wp\/v2\/posts\/126657","targetHints":{"allow":["GET"]}}],"collection":[{"href":"https:\/\/www.europesays.com\/de\/wp-json\/wp\/v2\/posts"}],"about":[{"href":"https:\/\/www.europesays.com\/de\/wp-json\/wp\/v2\/types\/post"}],"author":[{"embeddable":true,"href":"https:\/\/www.europesays.com\/de\/wp-json\/wp\/v2\/users\/2"}],"replies":[{"embeddable":true,"href":"https:\/\/www.europesays.com\/de\/wp-json\/wp\/v2\/comments?post=126657"}],"version-history":[{"count":0,"href":"https:\/\/www.europesays.com\/de\/wp-json\/wp\/v2\/posts\/126657\/revisions"}],"wp:featuredmedia":[{"embeddable":true,"href":"https:\/\/www.europesays.com\/de\/wp-json\/wp\/v2\/media\/126658"}],"wp:attachment":[{"href":"https:\/\/www.europesays.com\/de\/wp-json\/wp\/v2\/media?parent=126657"}],"wp:term":[{"taxonomy":"category","embeddable":true,"href":"https:\/\/www.europesays.com\/de\/wp-json\/wp\/v2\/categories?post=126657"},{"taxonomy":"post_tag","embeddable":true,"href":"https:\/\/www.europesays.com\/de\/wp-json\/wp\/v2\/tags?post=126657"}],"curies":[{"name":"wp","href":"https:\/\/api.w.org\/{rel}","templated":true}]}}