{"id":1266581,"date":"2026-08-28T18:30:23","date_gmt":"2026-08-28T18:30:23","guid":{"rendered":"https:\/\/www.europesays.com\/de\/1266581\/"},"modified":"2026-08-28T18:30:23","modified_gmt":"2026-08-28T18:30:23","slug":"bayern-choreo-kurzfristig-gestoppt-sport","status":"publish","type":"post","link":"https:\/\/www.europesays.com\/de\/1266581\/","title":{"rendered":"Bayern-Choreo kurzfristig gestoppt! | Sport"},"content":{"rendered":"<p><a class=\"skip-content skip-content--link\" href=\"#in-content-skip-link-target-v-0-0\">TTS-Player \u00fcberspringen\u21b5<\/a><a id=\"in-content-skip-link-target-v-0-0\" class=\"skip-content--target-link-hidden skip-content skip-content--target-link\" href=\"#in-content-skip-link-target-v-0-0\">Artikel weiterlesen<\/a><\/p>\n<p>M\u00fcnchen \u2013 <b>Das geht ja schon mal gut los! Der <\/b><a href=\"https:\/\/www.bild.de\/sport\/fussball\/bayern-muenchen\/startseite-fc-bayern-muenchen-31074450.bild.html\" class=\"text-link\" rel=\"nofollow noopener\" target=\"_blank\"><b>FC Bayern<\/b><\/a><b> startet heute (20.30 Uhr\/Sat.1 und Sky) mit einem Heimspiel gegen den <\/b><a href=\"https:\/\/www.bild.de\/sport\/fussball\/vfb-stuttgart\/startseite-stuttgart-31074430.bild.html\" class=\"text-link\" rel=\"nofollow noopener\" target=\"_blank\"><b>VfB Stuttgart<\/b><\/a><b> in die neue <\/b><a href=\"https:\/\/www.bild.de\/sport\/fussball\/bundesliga\/bundesliga-startseite-52368768.bild.html\" class=\"text-link\" rel=\"nofollow noopener\" target=\"_blank\"><b>Bundesliga<\/b><\/a><b>-Saison. Um den Double-Gewinnern von Trainer Vincent Kompany (40) zu diesem Anlass noch einen Extra-Motivationsschub zu geben, hatte die aktive Fanszene des deutschen Rekordmeisters nach BILD-Informationen eine riesige Choreo f\u00fcr die letzten Minuten vor Spielbeginn vorbereitet \u2013 doch diese ist nun kurzfristig abgesagt worden, was bei den Anh\u00e4ngern f\u00fcr m\u00e4chtig \u00c4rger sorgt. Interessant: Der Klub hat damit offenbar nichts zu tun!<\/b><\/p>\n<p>BILD-Reporter vor Ort: Riesige Bayern-Choreo gestoppt!<a class=\"anchor video-teaser__anchor\" href=\"https:\/\/www.bild.de\/sport\/fussball\/bild-reporter-vor-ort-riesige-bayern-choreo-gestoppt-6a91c8ac9f41cbf61146cf23\" rel=\"nofollow noopener\" target=\"_blank\"><img decoding=\"async\" width=\"992\" height=\"558\" alt=\"\" loading=\"lazy\" src=\"https:\/\/www.europesays.com\/de\/wp-content\/uploads\/2026\/08\/4019e1f23bfd8fa300d6a27836c322ac-landscape,a3484807.jpeg\"   class=\"landscape teaser__image\"\/><\/a><\/p>\n<p>Quelle: BILD28.08.2026<\/p>\n<p>Kreisverwaltungsreferat stoppt Bayern-Choreo!<\/p>\n<p>Das Problem: Als Herzst\u00fcck der Choreo war ein gro\u00dfes Banner angedacht. Doch dieses ist so gro\u00df, dass das M\u00fcnchner Kreisverwaltungsreferat (KVR) nach BILD-Informationen daf\u00fcr keine Genehmigung erteilt hat. Offenbar h\u00e4tte das Transparent bei voller Ausbreitung gegen die Sicherheitsrichtlinien versto\u00dfen, die unter anderem den Zugang zu Rettungswegen und den Brandschutz garantieren sollen.<\/p>\n<p>Das KVR soll der Fanszene angeboten haben, das Banner so anzupassen, dass es die Sicherheitsregularien erf\u00fcllt. Doch daraus wird nichts, weshalb die Choreo in ihrer urspr\u00fcnglich geplanten Form kurzfristig abgesagt wurde. Aus \u00e4hnlichen Gr\u00fcnden wurden in der Vergangenheit bereits mehrfach Choreos nicht wie geplant durchgef\u00fchrt \u2013 nun ist also auch das Heimspiel gegen den VfB betroffen.<\/p>\n<p><img decoding=\"async\" width=\"992\" height=\"558\" alt=\"Die Bayern um Trainer Vincent Kompany wollen mit einem Sieg gegen Stuttgart in die Saison starten\" loading=\"lazy\" src=\"https:\/\/www.europesays.com\/de\/wp-content\/uploads\/2026\/08\/2f94ef5b915424bd6b58c81371b970f6,e3b71024.jpeg\"   class=\"landscape\"\/><\/p>\n<p class=\"fig__caption__text\">Die Bayern um Trainer Vincent Kompany wollen mit einem Sieg gegen Stuttgart in die Saison starten<\/p>\n<p>Foto: IMAGO\/Sven Simon<\/p>\n<p>Bitter f\u00fcr die Ultras, die meist tagelang an ihren Kurven-Shows basteln und oft auch noch tausende Euro hineinstecken. Und auch die Spieler w\u00e4ren sicher lieber mit einer Mega-Choreo im R\u00fccken zu ihrem ersten Meisterschaftsspiel 2026\/27 in die Allianz Arena eingelaufen. <\/p>\n<p>Immerhin: Ein Teil der angedachten Fan-Aktion wird es trotz des Choreo-Krachs zu sehen geben: Bayerns aktive Fanszene ruft seit Tagen alle Stadionbesucher dazu auf, in roter Kleidung in die Allianz Arena zu kommen. Die sogenannten \u201eAlle-in-Rot-Spiele\u201c haben bei den M\u00fcnchnern Tradition. Zuletzt wurde unter anderem vergangene Saison im Viertelfinal-R\u00fcckspiel in der Champions League gegen Real Madrid (4:3; Hinspiel 2:1) dazu aufgerufen, in Rot auf den Trib\u00fcnen zu erscheinen. Das d\u00fcrfte es auch heute zu sehen geben \u2013 trotz Choreo-Krach!<\/p>\n","protected":false},"excerpt":{"rendered":"TTS-Player \u00fcberspringen\u21b5Artikel weiterlesen M\u00fcnchen \u2013 Das geht ja schon mal gut los! Der FC Bayern startet heute (20.30&hellip;\n","protected":false},"author":2,"featured_media":1266582,"comment_status":"","ping_status":"","sticky":false,"template":"","format":"standard","meta":{"footnotes":"","_share_on_mastodon":"0"},"categories":[136],"tags":[468,29,538,1002,458,30,265,1470,10439],"class_list":["post-1266581","post","type-post","status-publish","format-standard","has-post-thumbnail","category-sport","tag-champions-league","tag-deutschland","tag-erste-bundesliga","tag-fans","tag-fc-bayern-muenchen","tag-germany","tag-sport","tag-sport-leuchtturm-muenchen","tag-ultras"],"share_on_mastodon":{"url":"https:\/\/pubeurope.com\/@de\/117174562129037617","error":""},"_links":{"self":[{"href":"https:\/\/www.europesays.com\/de\/wp-json\/wp\/v2\/posts\/1266581","targetHints":{"allow":["GET"]}}],"collection":[{"href":"https:\/\/www.europesays.com\/de\/wp-json\/wp\/v2\/posts"}],"about":[{"href":"https:\/\/www.europesays.com\/de\/wp-json\/wp\/v2\/types\/post"}],"author":[{"embeddable":true,"href":"https:\/\/www.europesays.com\/de\/wp-json\/wp\/v2\/users\/2"}],"replies":[{"embeddable":true,"href":"https:\/\/www.europesays.com\/de\/wp-json\/wp\/v2\/comments?post=1266581"}],"version-history":[{"count":0,"href":"https:\/\/www.europesays.com\/de\/wp-json\/wp\/v2\/posts\/1266581\/revisions"}],"wp:featuredmedia":[{"embeddable":true,"href":"https:\/\/www.europesays.com\/de\/wp-json\/wp\/v2\/media\/1266582"}],"wp:attachment":[{"href":"https:\/\/www.europesays.com\/de\/wp-json\/wp\/v2\/media?parent=1266581"}],"wp:term":[{"taxonomy":"category","embeddable":true,"href":"https:\/\/www.europesays.com\/de\/wp-json\/wp\/v2\/categories?post=1266581"},{"taxonomy":"post_tag","embeddable":true,"href":"https:\/\/www.europesays.com\/de\/wp-json\/wp\/v2\/tags?post=1266581"}],"curies":[{"name":"wp","href":"https:\/\/api.w.org\/{rel}","templated":true}]}}