{"id":1266591,"date":"2026-08-28T18:35:18","date_gmt":"2026-08-28T18:35:18","guid":{"rendered":"https:\/\/www.europesays.com\/de\/1266591\/"},"modified":"2026-08-28T18:35:18","modified_gmt":"2026-08-28T18:35:18","slug":"nach-gewaltausbruch-gegen-ehefrau-anschlagsdrohung-gegen-automuseum-von-jp-kraemer-news","status":"publish","type":"post","link":"https:\/\/www.europesays.com\/de\/1266591\/","title":{"rendered":"Nach Gewaltausbruch gegen Ehefrau: Anschlagsdrohung gegen Automuseum von JP Kraemer | News"},"content":{"rendered":"<p><a class=\"skip-content skip-content--link\" href=\"#in-content-skip-link-target-v-0-0\">TTS-Player \u00fcberspringen\u21b5<\/a><a id=\"in-content-skip-link-target-v-0-0\" class=\"skip-content--target-link-hidden skip-content skip-content--target-link\" href=\"#in-content-skip-link-target-v-0-0\">Artikel weiterlesen<\/a><\/p>\n<p>Dortmund \u2013 <b>Einsatz f\u00fcr die Polizei in Dortmund: Gegen das PACE-Automuseum von Tuning-Star Jean Pierre \u201eJP\u201c Kraemer (45) gab es eine Anschlagsdrohung. Nur wenige Stunden nachdem die Gewaltvorw\u00fcrfe gegen den ehemaligen \u201ePS-Profis\u201c-Moderator \u00f6ffentlich geworden waren, r\u00fcckte die Polizei am Freitagnachmittag an. Das Museum wurde ger\u00e4umt.<\/b><\/p>\n<p>Anonyme Anrufer drohten JP<\/p>\n<p>Nach BILD-Informationen gingen zuvor anonyme Anrufe bei Mitarbeitern ein. Die unbekannten Anrufer sollen angek\u00fcndigt haben, dass \u201eder Laden gleich auseinandergenommen\u201c werde. Hintergrund sollen die \u00f6ffentlich gewordenen Vorw\u00fcrfe gegen Kraemer sein. Kraemers Anwalt informierte daraufhin selbst die Polizei \u00fcber die Drohungen. Die Polizei Dortmund best\u00e4tigte den laufenden Einsatz gegen\u00fcber BILD.<\/p>\n<p><img decoding=\"async\" width=\"992\" height=\"1178\" alt=\"Ein Foto aus unbeschwerten Tagen: Verliebt strahlen Julia Meck (25) und JP Kraemer (45) in die Kamera. Seit Freitag ist \u00f6ffentlich, dass JP Julia Meck geschlagen haben soll\" loading=\"lazy\" src=\"https:\/\/www.europesays.com\/de\/wp-content\/uploads\/2026\/08\/24d863fc3dbd6a352c7dbb148208e064,9b9d815.jpeg\"   class=\"portrait\"\/><\/p>\n<p class=\"fig__caption__text\">Ein Foto aus unbeschwerten Tagen: Verliebt strahlen Julia Meck (25) und JP Kraemer (45) in die Kamera. Seit Freitag ist \u00f6ffentlich, dass der 45-J\u00e4hrige Julia Meck geschlagen haben soll<\/p>\n<p>Foto: jeanpierrekraemer\/instagram<\/p>\n<p>Alle JP-Kraemer-Gesch\u00e4fte schlie\u00dfen f\u00fcr heute<\/p>\n<p>Die Beamten zogen Konsequenzen: Nach Angaben der Polizei wurden nicht nur das PACE\u2011Museum, sondern auch die weiteren Gesch\u00e4fte des Auto-Tuners in Dortmund (<a href=\"https:\/\/www.bild.de\/regional\/nordrhein-westfalen\/home-npIP0qL0giWP1ZFIOHn2\" class=\"text-link\" rel=\"nofollow noopener\" target=\"_blank\">Nordrhein-Westfalen<\/a>) f\u00fcr den restlichen Freitag geschlossen.<\/p>\n<p>Damit standen Kraemers Dortmunder Unternehmen nur wenige Stunden nach Bekanntwerden der Vorw\u00fcrfe still. Ob es weitere konkrete Drohungen gegen einzelne Standorte oder Mitarbeiter gegeben hat, ist bislang nicht bekannt. Auch wer hinter den anonymen Anrufen steckt, ist derzeit unklar. Die <a href=\"https:\/\/www.bild.de\/regional\/aktuelles\/polizei\/polizeieinsatz-alle-infos-76681760.bild.html\" class=\"text-link\" rel=\"nofollow noopener\" target=\"_blank\">Polizei<\/a> ermittelt.<\/p>\n<p>Gewaltvorw\u00fcrfe seit Freitag \u00f6ffentlich<\/p>\n<p>BILD hatte am Freitagmorgen \u00fcber den Polizei-Einsatz in Kraemers Dortmunder Millionen-Villa am 26. Juli berichtet. Kraemer meldete sich wenige Stunden nach der Ver\u00f6ffentlichung selbst in einem YouTube-Video zu Wort und r\u00e4umte Teile der Vorw\u00fcrfe ein. Er best\u00e4tigte, seiner Frau w\u00e4hrend der Auseinandersetzung die Kette vom Hals gerissen und sie mit der flachen Hand geschlagen zu haben. \u201eMan schl\u00e4gt keine Frauen, das ist auch richtig, das war nicht in Ordnung von mir\u201c, sagte Kraemer in dem Video.<\/p>\n<p>Mehr zum ThemaDas PACE ist Kraemers Millionen-Projekt<\/p>\n<p>Das Automuseum PACE am Dortmunder Westfalendamm geh\u00f6rt zu Kraemers bekanntesten Projekten. Der Tuning-Star er\u00f6ffnete das Museum im Mai 2022. Das Projekt soll rund sechs Millionen Euro gekostet haben.<\/p>\n<p>Auf mehreren Etagen pr\u00e4sentiert das Museum au\u00dfergew\u00f6hnliche Fahrzeuge \u2013 darunter Rennwagen, Filmfahrzeuge und Autos aus Kraemers eigener Sammlung. Neben seinem Unternehmen JP Performance ist das Museum eines der Aush\u00e4ngeschilder seines Auto-Imperiums.<\/p>\n","protected":false},"excerpt":{"rendered":"TTS-Player \u00fcberspringen\u21b5Artikel weiterlesen Dortmund \u2013 Einsatz f\u00fcr die Polizei in Dortmund: Gegen das PACE-Automuseum von Tuning-Star Jean Pierre&hellip;\n","protected":false},"author":2,"featured_media":1266592,"comment_status":"","ping_status":"","sticky":false,"template":"","format":"standard","meta":{"footnotes":"","_share_on_mastodon":"0"},"categories":[2],"tags":[1737,29,217,1736,30,13,14,15,16039,12,138370,10,8,9,11],"class_list":["post-1266591","post","type-post","status-publish","format-standard","has-post-thumbnail","category-deutschland","tag-breaking-news","tag-deutschland","tag-dortmund","tag-fb-instantarticles","tag-germany","tag-headlines","tag-nachrichten","tag-news","tag-polizeiliche-massnahmen","tag-schlagzeilen","tag-team-first","tag-top-news","tag-top-meldungen","tag-topmeldungen","tag-topnews"],"share_on_mastodon":{"url":"https:\/\/pubeurope.com\/@de\/117174583560139479","error":""},"_links":{"self":[{"href":"https:\/\/www.europesays.com\/de\/wp-json\/wp\/v2\/posts\/1266591","targetHints":{"allow":["GET"]}}],"collection":[{"href":"https:\/\/www.europesays.com\/de\/wp-json\/wp\/v2\/posts"}],"about":[{"href":"https:\/\/www.europesays.com\/de\/wp-json\/wp\/v2\/types\/post"}],"author":[{"embeddable":true,"href":"https:\/\/www.europesays.com\/de\/wp-json\/wp\/v2\/users\/2"}],"replies":[{"embeddable":true,"href":"https:\/\/www.europesays.com\/de\/wp-json\/wp\/v2\/comments?post=1266591"}],"version-history":[{"count":0,"href":"https:\/\/www.europesays.com\/de\/wp-json\/wp\/v2\/posts\/1266591\/revisions"}],"wp:featuredmedia":[{"embeddable":true,"href":"https:\/\/www.europesays.com\/de\/wp-json\/wp\/v2\/media\/1266592"}],"wp:attachment":[{"href":"https:\/\/www.europesays.com\/de\/wp-json\/wp\/v2\/media?parent=1266591"}],"wp:term":[{"taxonomy":"category","embeddable":true,"href":"https:\/\/www.europesays.com\/de\/wp-json\/wp\/v2\/categories?post=1266591"},{"taxonomy":"post_tag","embeddable":true,"href":"https:\/\/www.europesays.com\/de\/wp-json\/wp\/v2\/tags?post=1266591"}],"curies":[{"name":"wp","href":"https:\/\/api.w.org\/{rel}","templated":true}]}}