{"id":1266597,"date":"2026-08-28T18:40:19","date_gmt":"2026-08-28T18:40:19","guid":{"rendered":"https:\/\/www.europesays.com\/de\/1266597\/"},"modified":"2026-08-28T18:40:19","modified_gmt":"2026-08-28T18:40:19","slug":"fw-kiel-feuer-im-keller-eines-mehrfamilienhauses-im-stadtteil-kiel-suedfriedhof","status":"publish","type":"post","link":"https:\/\/www.europesays.com\/de\/1266597\/","title":{"rendered":"FW-Kiel: Feuer im Keller eines Mehrfamilienhauses im Stadtteil Kiel &#8211; S\u00fcdfriedhof"},"content":{"rendered":"<p class=\"date\">28.08.2026 \u2013 20:30<\/p>\n<p class=\"customer\">\n                        <a class=\"story-customer\" title=\"weiter zum newsroom von Feuerwehr Kiel\" href=\"https:\/\/www.presseportal.de\/blaulicht\/nr\/82765\" rel=\"nofollow noopener\" target=\"_blank\">Feuerwehr Kiel<\/a>\n                    <\/p>\n<p><a data-category=\"citylink-story-view\" data-action=\"click\" data-label=\"Citylink in Meldungsansicht\" class=\"story-city event-trigger\" href=\"https:\/\/www.presseportal.de\/regional\/Kiel\" title=\"News aus Kiel \" rel=\"nofollow noopener\" target=\"_blank\">Kiel<\/a> (ots)<\/p>\n<p>Gegen 19.00 Uhr wurde die Leitstelle Mitte der Feuerwehr Kiel \u00fcber ein Feuer im Keller eines Mehrfamilienhauses im Kieler Stadtteil S\u00fcdfriedhof informiert. Umgehend wurden Kr\u00e4fte der Berufsfeuerwehr Kiel, der Feuerwehr Kiel und des Rettungsdienstes alarmiert.<\/p>\n<p>Bei Eintreffen der ersten Einsatzkr\u00e4fte drang dichter Rauch aus mehreren Kellerfenstern hervor. Nach einer ersten Lageerkundung musste der Einsatzleiter vor Ort davon ausgehen, dass sich noch Personen im Geb\u00e4ude befanden, so dass eine umfangreiche Nachforderung erfolgte.<\/p>\n<p>Mit den ersten Trupps unter Atemschutz wurden umgehend alle Wohnungen im Geb\u00e4ude auf Personen kontrolliert und parallel eine Brandbek\u00e4mpfung im Keller eingeleitet. Gl\u00fccklicherweise befand sich keine Person mehr im Geb\u00e4ude.<br \/>\nInsgesamt wurden vier Personen durch den Rettungsdienst gesichtet und versorgt. Sie konnten mit leichten Verletzungen vor Ort verbleiben; ein Transport in ein Krankenhaus war nicht erforderlich.<\/p>\n<p>Nach rund 40 Minuten konnte &#8222;Feuer aus&#8220; gemeldet werden.<br \/>\nSeitens Feuerwehr und Rettungsdienst waren rund 55 Einsatzkr\u00e4fte bis ca. 20:30 Uhr im Einsatz.<\/p>\n<p>Die Einsatzstelle wurde an die Polizei \u00fcbergeben, die die Ermittlungen zur Brandursache und Schadenh\u00f6he aufgenommen hat.<\/p>\n<p class=\"contact-headline\">R\u00fcckfragen bitte an:<\/p>\n<p class=\"contact-text\">Medien-R\u00fcckfragen bitte an:<\/p>\n<p>Feuerwehr Kiel<br \/>Lagedienstf\u00fchrer<br \/>Telefon: 0431 \/ 5905 &#8211; 0<br \/>Fax: 0431 \/ 5905 &#8211; 147<br \/><a target=\"_blank\" class=\"uri-ext outbound\" rel=\"noopener nofollow\" href=\"https:\/\/www.kiel.de\/de\/gesundheit_soziales\/feuerwehr\/index.php\">https:\/\/www.kiel.de\/de\/gesundheit_soziales\/feuerwehr\/index.php<\/a><\/p>\n<p class=\"originator\">Original-Content von: Feuerwehr Kiel, \u00fcbermittelt durch news aktuell<\/p>\n","protected":false},"excerpt":{"rendered":"28.08.2026 \u2013 20:30 Feuerwehr Kiel Kiel (ots) Gegen 19.00 Uhr wurde die Leitstelle Mitte der Feuerwehr Kiel \u00fcber&hellip;\n","protected":false},"author":2,"featured_media":1184682,"comment_status":"","ping_status":"","sticky":false,"template":"","format":"standard","meta":{"footnotes":"","_share_on_mastodon":"0"},"categories":[1852],"tags":[2919,3364,29,548,663,3934,985,30,13,4949,14,15,178,180,179,181,12,1971,17990],"class_list":["post-1266597","post","type-post","status-publish","format-standard","has-post-thumbnail","category-kiel","tag-brand","tag-de","tag-deutschland","tag-eu","tag-europa","tag-europe","tag-feuerwehr","tag-germany","tag-headlines","tag-kiel","tag-nachrichten","tag-news","tag-presse","tag-pressemeldung","tag-pressemitteilung","tag-pressemitteilungen","tag-schlagzeilen","tag-schleswig-holstein","tag-sh"],"share_on_mastodon":{"url":"https:\/\/pubeurope.com\/@de\/117174601470409701","error":""},"_links":{"self":[{"href":"https:\/\/www.europesays.com\/de\/wp-json\/wp\/v2\/posts\/1266597","targetHints":{"allow":["GET"]}}],"collection":[{"href":"https:\/\/www.europesays.com\/de\/wp-json\/wp\/v2\/posts"}],"about":[{"href":"https:\/\/www.europesays.com\/de\/wp-json\/wp\/v2\/types\/post"}],"author":[{"embeddable":true,"href":"https:\/\/www.europesays.com\/de\/wp-json\/wp\/v2\/users\/2"}],"replies":[{"embeddable":true,"href":"https:\/\/www.europesays.com\/de\/wp-json\/wp\/v2\/comments?post=1266597"}],"version-history":[{"count":0,"href":"https:\/\/www.europesays.com\/de\/wp-json\/wp\/v2\/posts\/1266597\/revisions"}],"wp:featuredmedia":[{"embeddable":true,"href":"https:\/\/www.europesays.com\/de\/wp-json\/wp\/v2\/media\/1184682"}],"wp:attachment":[{"href":"https:\/\/www.europesays.com\/de\/wp-json\/wp\/v2\/media?parent=1266597"}],"wp:term":[{"taxonomy":"category","embeddable":true,"href":"https:\/\/www.europesays.com\/de\/wp-json\/wp\/v2\/categories?post=1266597"},{"taxonomy":"post_tag","embeddable":true,"href":"https:\/\/www.europesays.com\/de\/wp-json\/wp\/v2\/tags?post=1266597"}],"curies":[{"name":"wp","href":"https:\/\/api.w.org\/{rel}","templated":true}]}}