{"id":1266603,"date":"2026-08-28T18:45:22","date_gmt":"2026-08-28T18:45:22","guid":{"rendered":"https:\/\/www.europesays.com\/de\/1266603\/"},"modified":"2026-08-28T18:45:22","modified_gmt":"2026-08-28T18:45:22","slug":"zu-gast-bei-taubenzuechtern-nrw-ministerpraesident-hendrik-wuest-cdu-besucht-verein-in-gelsenkirchen","status":"publish","type":"post","link":"https:\/\/www.europesays.com\/de\/1266603\/","title":{"rendered":"Zu Gast bei Taubenz\u00fcchtern \u2013 NRW-Ministerpr\u00e4sident Hendrik W\u00fcst (CDU) besucht Verein in Gelsenkirchen"},"content":{"rendered":"<p>Hoher Besuch im TaubenschlagZu Gast bei Taubenz\u00fcchtern \u2013 NRW-Ministerpr\u00e4sident Hendrik W\u00fcst (CDU) besucht Verein in Gelsenkirchen<\/p>\n<p class=\"AnnotatedMarkup_paragraph__IUT9l\">Erst einmal einen Kaffee! NRW-Ministerpr\u00e4sident Hendrik W\u00fcst (CDU) hat am Freitag (28.08.) einen Brieftaubenz\u00fcchterverein in Gelsenkirchen-Schalke besucht. Statt gro\u00dfem politischen Empfang gab es dort Stammtisch, Taubenschlag und Gespr\u00e4che \u00fcber die Probleme der Stadt. Bei den Z\u00fcchtern hinterlie\u00df der Ministerpr\u00e4sident offenbar einen ziemlich bodenst\u00e4ndigen Eindruck.<\/p>\n<p>Taubenz\u00fcchter spricht mit W\u00fcst \u00fcber Probleme in Gelsenkirchen<\/p>\n<p class=\"AnnotatedMarkup_paragraph__IUT9l\">Vereinsvorsitzender Peter Stollfu\u00df ist seit seiner Kindheit bei den Brieftaubenz\u00fcchtern dabei. Schon sein Vater und sein Gro\u00dfvater teilten die Leidenschaft. Dass jetzt NRW-Ministerpr\u00e4sident Hendrik W\u00fcst (CDU) pers\u00f6nlich im Vereinsheim vorbeischaute, freut den 59-J\u00e4hrigen. \u201eEs ist wichtig, dass wir Gelsenkirchen wieder hochbringen\u201c, sagt der Vereinsvorsitzende. Die Stadt habe durch das Ende von Bergbau und Stahlindustrie viel verloren. Von einst rund 400.000 Einwohnern ist die Bev\u00f6lkerungszahl auf knapp 271.000 gesunken. Hinzu kommen eine hohe Arbeitslosigkeit und Probleme mit verwahrlosten Geb\u00e4uden und sogenannten Schrottimmobilien. Auch deshalb wollte sich W\u00fcst bei seinem Besuch ein Bild von der Stadt und den Menschen vor Ort machen.<\/p>\n<p>W\u00fcst erinnert sich an Tauben seines Vaters<\/p>\n<p class=\"AnnotatedMarkup_paragraph__IUT9l\">Im Taubenschlag wurde es dann pers\u00f6nlich. Mit V\u00f6geln kennt sich der Ministerpr\u00e4sident n\u00e4mlich nach eigener Aussage durchaus gut aus. Sein Vater habe schon als kleiner Junge Tauben gehabt und sich sp\u00e4ter im Ruhestand wieder welche zugelegt. \u201eEndlich normale Leute\u201c, scherzte W\u00fcst bei seinem Besuch. Mit den Z\u00fcchtern habe er sich zuvor schon \u00fcber Erinnerungen aus seiner Familie unterhalten. Der Termin schien damit zumindest zeitweise weniger nach politischem Pflichtprogramm und mehr nach einem Besuch unter Bekannten auszusehen.<\/p>\n<p>Anzeige:<\/p>\n<p>Empfehlungen unserer Partner<\/p>\n<p>\u201eEr ist wie du und ich\u201c<\/p>\n<p class=\"AnnotatedMarkup_paragraph__IUT9l\">Auch bei Vereinschef Stollfu\u00df kam der Ministerpr\u00e4sident gut an. Vor dem Treffen sei er zun\u00e4chst noch etwas aufgeregt gewesen. Das habe sich aber schnell gelegt. \u201eGanz umg\u00e4nglich\u201c, beschreibt Stollfu\u00df den Ministerpr\u00e4sidenten nach dem Treffen. \u201eEr ist wie du und ich. Muss man wirklich so sagen.\u201c Rund 45 Minuten verbrachte W\u00fcst bei den Brieftaubenz\u00fcchtern in Gelsenkirchen. Dann hie\u00df es Abschied nehmen: Die Tauben flogen los \u2013 und auch der Ministerpr\u00e4sident musste weiter zum n\u00e4chsten Termin.<\/p>\n","protected":false},"excerpt":{"rendered":"Hoher Besuch im TaubenschlagZu Gast bei Taubenz\u00fcchtern \u2013 NRW-Ministerpr\u00e4sident Hendrik W\u00fcst (CDU) besucht Verein in Gelsenkirchen Erst einmal&hellip;\n","protected":false},"author":2,"featured_media":1266604,"comment_status":"","ping_status":"","sticky":false,"template":"","format":"standard","meta":{"footnotes":"","_share_on_mastodon":"0"},"categories":[1848],"tags":[35756,31,3364,29,548,663,3934,3658,30,13,3682,14,5827,15,5828,1209,16,5830,5829,5825,5826,5824,55793,12],"class_list":["post-1266603","post","type-post","status-publish","format-standard","has-post-thumbnail","category-gelsenkirchen","tag-tauben","tag-cdu","tag-de","tag-deutschland","tag-eu","tag-europa","tag-europe","tag-gelsenkirchen","tag-germany","tag-headlines","tag-hendrik-wuest","tag-nachrichten","tag-nachrichten-nrw","tag-news","tag-news-nrw","tag-nordrhein-westfalen","tag-politik","tag-regionale-nachrichten-nrw","tag-rtl-nachrichten-nrw","tag-rtl-nrw","tag-rtl-regional","tag-rtl-west","tag-rtl-west-archiv","tag-schlagzeilen"],"share_on_mastodon":{"url":"https:\/\/pubeurope.com\/@de\/117174621172648290","error":""},"_links":{"self":[{"href":"https:\/\/www.europesays.com\/de\/wp-json\/wp\/v2\/posts\/1266603","targetHints":{"allow":["GET"]}}],"collection":[{"href":"https:\/\/www.europesays.com\/de\/wp-json\/wp\/v2\/posts"}],"about":[{"href":"https:\/\/www.europesays.com\/de\/wp-json\/wp\/v2\/types\/post"}],"author":[{"embeddable":true,"href":"https:\/\/www.europesays.com\/de\/wp-json\/wp\/v2\/users\/2"}],"replies":[{"embeddable":true,"href":"https:\/\/www.europesays.com\/de\/wp-json\/wp\/v2\/comments?post=1266603"}],"version-history":[{"count":0,"href":"https:\/\/www.europesays.com\/de\/wp-json\/wp\/v2\/posts\/1266603\/revisions"}],"wp:featuredmedia":[{"embeddable":true,"href":"https:\/\/www.europesays.com\/de\/wp-json\/wp\/v2\/media\/1266604"}],"wp:attachment":[{"href":"https:\/\/www.europesays.com\/de\/wp-json\/wp\/v2\/media?parent=1266603"}],"wp:term":[{"taxonomy":"category","embeddable":true,"href":"https:\/\/www.europesays.com\/de\/wp-json\/wp\/v2\/categories?post=1266603"},{"taxonomy":"post_tag","embeddable":true,"href":"https:\/\/www.europesays.com\/de\/wp-json\/wp\/v2\/tags?post=1266603"}],"curies":[{"name":"wp","href":"https:\/\/api.w.org\/{rel}","templated":true}]}}