{"id":1266620,"date":"2026-08-28T18:54:43","date_gmt":"2026-08-28T18:54:43","guid":{"rendered":"https:\/\/www.europesays.com\/de\/1266620\/"},"modified":"2026-08-28T18:54:43","modified_gmt":"2026-08-28T18:54:43","slug":"muenster-union-und-spd-wollen-reformpaket-bis-jahresende-umsetzen","status":"publish","type":"post","link":"https:\/\/www.europesays.com\/de\/1266620\/","title":{"rendered":"M\u00fcnster | Union und SPD wollen Reformpaket bis Jahresende umsetzen"},"content":{"rendered":"<p>M\u00fcnster (dpa) &#8211; Union und SPD wollen das vor der Sommerpause beschlossene Reformpaket bis Jahresende komplett umsetzen. Es beinhaltet umstrittene Ma\u00dfnahmen wie die abschlagsfreie Rente nach 45 Beitragsjahren, aber auch die Einkommensteuerreform, die B\u00fcrger ab 2028 um 10 Milliarden Euro im Jahr entlasten soll. \u00abDas ist ein fester Fahrplan, an dem sich jetzt B\u00fcrgerinnen und B\u00fcrger, Unternehmen orientieren k\u00f6nnen\u00bb, k\u00fcndigte SPD-Fraktionschef Matthias Miersch nach einer Klausurtagung der Koalition in M\u00fcnster an.\u00a0<\/p>\n<p>Die F\u00fchrungsgremien der beiden Bundestagsfraktionen beschlossen ein Papier, dass das Reformprogramm noch einmal auflistet. Nicht enthalten sind die umstrittenen Versch\u00e4rfungen bei der Krankschreibung. Miersch und Unionsfraktionschef Thorsten Frei betonten aber, dass sie zum Reformprogramm dazugeh\u00f6ren und ebenfalls bis zum Jahresende umgesetzt werden sollen. Das Papier z\u00e4hlt auch die geplanten Ma\u00dfnahmen zum Klimaschutz, Mietrecht, Arbeitsmarkt und B\u00fcrokratieabbau auf. Frei wertete den Beschluss als Zeichen des gegenseitigen Vertrauens in der Koalition.<\/p>\n<p>\u00abWir wollen Antreiber sein und nicht Abnicker der Regierung\u00bb, betonte der Chef der CSU-Abgeordneten, Alexander Hoffmann. \u00abDas wird jetzt die Kernaufgabe sein der n\u00e4chsten Wochen und Monate.\u00bb<\/p>\n","protected":false},"excerpt":{"rendered":"M\u00fcnster (dpa) &#8211; Union und SPD wollen das vor der Sommerpause beschlossene Reformpaket bis Jahresende komplett umsetzen. Es&hellip;\n","protected":false},"author":2,"featured_media":1266621,"comment_status":"","ping_status":"","sticky":false,"template":"","format":"standard","meta":{"footnotes":"","_share_on_mastodon":"0"},"categories":[1841],"tags":[1605,1180,3364,29,30,44,1209,379],"class_list":["post-1266620","post","type-post","status-publish","format-standard","has-post-thumbnail","category-bielefeld","tag-bielefeld","tag-bundestag","tag-de","tag-deutschland","tag-germany","tag-koalition","tag-nordrhein-westfalen","tag-rente"],"share_on_mastodon":{"url":"https:\/\/pubeurope.com\/@de\/117174656368395053","error":""},"_links":{"self":[{"href":"https:\/\/www.europesays.com\/de\/wp-json\/wp\/v2\/posts\/1266620","targetHints":{"allow":["GET"]}}],"collection":[{"href":"https:\/\/www.europesays.com\/de\/wp-json\/wp\/v2\/posts"}],"about":[{"href":"https:\/\/www.europesays.com\/de\/wp-json\/wp\/v2\/types\/post"}],"author":[{"embeddable":true,"href":"https:\/\/www.europesays.com\/de\/wp-json\/wp\/v2\/users\/2"}],"replies":[{"embeddable":true,"href":"https:\/\/www.europesays.com\/de\/wp-json\/wp\/v2\/comments?post=1266620"}],"version-history":[{"count":0,"href":"https:\/\/www.europesays.com\/de\/wp-json\/wp\/v2\/posts\/1266620\/revisions"}],"wp:featuredmedia":[{"embeddable":true,"href":"https:\/\/www.europesays.com\/de\/wp-json\/wp\/v2\/media\/1266621"}],"wp:attachment":[{"href":"https:\/\/www.europesays.com\/de\/wp-json\/wp\/v2\/media?parent=1266620"}],"wp:term":[{"taxonomy":"category","embeddable":true,"href":"https:\/\/www.europesays.com\/de\/wp-json\/wp\/v2\/categories?post=1266620"},{"taxonomy":"post_tag","embeddable":true,"href":"https:\/\/www.europesays.com\/de\/wp-json\/wp\/v2\/tags?post=1266620"}],"curies":[{"name":"wp","href":"https:\/\/api.w.org\/{rel}","templated":true}]}}