{"id":1266643,"date":"2026-08-28T19:13:16","date_gmt":"2026-08-28T19:13:16","guid":{"rendered":"https:\/\/www.europesays.com\/de\/1266643\/"},"modified":"2026-08-28T19:13:16","modified_gmt":"2026-08-28T19:13:16","slug":"flucht-aus-gefaengnis-fluechtiger-betrueger-holt-verabschiedete-sich-von-behoerden","status":"publish","type":"post","link":"https:\/\/www.europesays.com\/de\/1266643\/","title":{"rendered":"Flucht aus Gef\u00e4ngnis: Fl\u00fcchtiger Betr\u00fcger Holt verabschiedete sich von Beh\u00f6rden"},"content":{"rendered":"<p class=\"paragraph article__item\">Der Windkraft-Betr\u00fcger Hendrik Holt hat nach seiner Flucht den Beh\u00f6rden noch eine letzte Botschaft zukommen lassen. <a href=\"https:\/\/www.zeit.de\/gesellschaft\/2026-08\/hendrik-holt-flucht-freigang-offener-vollzug-berlin-gxe\" target=\"_blank\" rel=\"nofollow noopener\">Einen Tag nach seinem Verschwinden sei eine E-Mail<\/a> bei dem Berliner Gef\u00e4ngnis eingegangen, in dem er untergebracht war, teilte die Staatsanwaltschaft <a class=\"rtr-entity\" href=\"https:\/\/www.zeit.de\/thema\/osnabrueck\" rel=\"nofollow noopener\" target=\"_blank\">Osnabr\u00fcck<\/a> mit. Sinngem\u00e4\u00df habe er ausrichten lassen, dass er nicht zur\u00fcckkehren werde.\n<\/p>\n<p class=\"paragraph article__item\">Den Angaben zufolge geht aus dem Schreiben ein Absender hervor. Zu ihm w\u00fcrden jedoch keine Angaben gemacht. Laut NDR stand in der Nachricht w\u00f6rtlich \u00bbHendrik Holt kommt nicht zur\u00fcck\u00ab. Die Staatsanwaltschaft Osnabr\u00fcck lie\u00df einen europ\u00e4ischen Haftbefehl ausstellen, sagte ein Sprecher.\n<\/p>\n<p class=\"paragraph article__item\"><a href=\"https:\/\/www.zeit.de\/gesellschaft\/2026-08\/hendrik-holt-flucht-windkraft-betrug-berlin-gefaengnis-gxe\" target=\"_blank\" rel=\"nofollow noopener\">Holt ist auf der Flucht<\/a>, seit er am Dienstag von einem genehmigten Ausgang nicht in die Justizvollzugsanstalt in Berlin zur\u00fcckkehrte, wie die Staatsanwaltschaft Osnabr\u00fcck mitteilte. In Berlin war Holt im offenen Vollzug. Nach dem 36-J\u00e4hrigen werde aus dem emsl\u00e4ndischen Hasel\u00fcnne gefahndet, sagte ein Sprecher der Staatsanwaltschaft.\n<\/p>\n<p>            Windparks verkauft, die es nicht gab            <\/p>\n<p class=\"paragraph article__item\">Wo er sich aufh\u00e4lt, ist bisher nicht bekannt. Mehrere Medien griffen einen Instagram-Post auf, in dem es hei\u00dft: \u00bbLiebesgr\u00fc\u00dfe aus Moskau sehr sch\u00f6n hier der Kaviar ist fantastisch.\u00ab Die Staatsanwaltschaft erkl\u00e4rte, der Instagram-Post sei ihr bekannt. Beurteilungen und Bewertungen dazu gebe man vor dem Hintergrund der andauernden Fahndung aber nicht ab. Vom Flughafen Rostock hie\u00df es, dass Holt Deutschland nicht von dort aus verlassen habe.\n<\/p>\n<p class=\"paragraph article__item\">2022 hatte das Landgericht Osnabr\u00fcck Holt zu einer Gesamtfreiheitsstrafe von fast neun Jahren verurteilt. Es geht um bandenm\u00e4\u00dfigen Betrug, Bestechung und Urkundenf\u00e4lschung. Holt hatte unter anderem angeblich existierende Windparks, die es in Wahrheit gar nicht gab, an ausl\u00e4ndische Stromkonzerne verkauft.\n<\/p>\n<p>Mehr zum Thema<\/p>\n<p>            Betrug        <\/p>\n<p>                <a href=\"https:\/\/www.zeit.de\/geld\/2026-08\/betrug-senioren-kriminalitaet-familie-sicherheit\" data-ct-label=\"Betrug von Senioren: \u00c4ltere Menschen sind ideale Opfer f\u00fcr Betr\u00fcger. So sch\u00fctzen sie sich\" data-uuid=\"9d067388-9f58-44f9-9497-eea9f08e93b4\" rel=\"nofollow noopener\" target=\"_blank\"><\/p>\n<p>                        Betrug von Senioren:<br \/>\n                        \u00c4ltere Menschen sind ideale Opfer f\u00fcr Betr\u00fcger. So sch\u00fctzen sie sich<\/p>\n<p>                <\/a><\/p>\n<p>                <a href=\"https:\/\/www.zeit.de\/bildung\/2026-07\/ki-studium-betrug-vorwurf-rechtsanwalt-arne-patrik-heinze\" data-ct-label=\"KI im Studium: \u00bbEine Studentin gestand eine T\u00e4uschung, die sie nicht begangen hatte\u00ab\" data-uuid=\"e3634c6a-f227-4fa4-b185-4093f1e8ca22\" rel=\"nofollow noopener\" target=\"_blank\"><\/p>\n<p>        Z+ (abopflichtiger Inhalt);<\/p>\n<p>    KI im Studium:<br \/>\n                        \u00bbEine Studentin gestand eine T\u00e4uschung, die sie nicht begangen hatte\u00ab<\/p>\n<p>                <\/a><\/p>\n<p>                <a href=\"https:\/\/www.zeit.de\/gesellschaft\/2026-06\/betrug-gesundheitssystem-kassenaerztlicher-bereitschaftsdienst-verbrechen-videopodcast\" data-ct-label=\" Betrug im Gesundheitssystem: 1,6 Millionen Euro f\u00fcr Arztleistungen, die es nie gegeben hat\" data-uuid=\"8e48a911-26ba-465a-bd38-df8963920b2d\" rel=\"nofollow noopener\" target=\"_blank\"><\/p>\n<p>                         Betrug im Gesundheitssystem:<br \/>\n                        1,6 Millionen Euro f\u00fcr Arztleistungen, die es nie gegeben hat<\/p>\n<p>                <\/a><\/p>\n","protected":false},"excerpt":{"rendered":"Der Windkraft-Betr\u00fcger Hendrik Holt hat nach seiner Flucht den Beh\u00f6rden noch eine letzte Botschaft zukommen lassen. Einen Tag&hellip;\n","protected":false},"author":2,"featured_media":1266644,"comment_status":"","ping_status":"","sticky":false,"template":"","format":"standard","meta":{"footnotes":"","_share_on_mastodon":"0"},"categories":[5],"tags":[331,332,3364,29,261663,30,1724,13,261664,14,15,741,12,1997],"class_list":["post-1266643","post","type-post","status-publish","format-standard","has-post-thumbnail","category-nachrichten","tag-aktuelle-nachrichten","tag-aktuelle-news","tag-de","tag-deutschland","tag-flucht-aus-gefaengnis","tag-germany","tag-gesellschaft","tag-headlines","tag-hendrik-holt","tag-nachrichten","tag-news","tag-osnabrueck","tag-schlagzeilen","tag-staatsanwaltschaft"],"share_on_mastodon":{"url":"https:\/\/pubeurope.com\/@de\/117174731132007682","error":""},"_links":{"self":[{"href":"https:\/\/www.europesays.com\/de\/wp-json\/wp\/v2\/posts\/1266643","targetHints":{"allow":["GET"]}}],"collection":[{"href":"https:\/\/www.europesays.com\/de\/wp-json\/wp\/v2\/posts"}],"about":[{"href":"https:\/\/www.europesays.com\/de\/wp-json\/wp\/v2\/types\/post"}],"author":[{"embeddable":true,"href":"https:\/\/www.europesays.com\/de\/wp-json\/wp\/v2\/users\/2"}],"replies":[{"embeddable":true,"href":"https:\/\/www.europesays.com\/de\/wp-json\/wp\/v2\/comments?post=1266643"}],"version-history":[{"count":0,"href":"https:\/\/www.europesays.com\/de\/wp-json\/wp\/v2\/posts\/1266643\/revisions"}],"wp:featuredmedia":[{"embeddable":true,"href":"https:\/\/www.europesays.com\/de\/wp-json\/wp\/v2\/media\/1266644"}],"wp:attachment":[{"href":"https:\/\/www.europesays.com\/de\/wp-json\/wp\/v2\/media?parent=1266643"}],"wp:term":[{"taxonomy":"category","embeddable":true,"href":"https:\/\/www.europesays.com\/de\/wp-json\/wp\/v2\/categories?post=1266643"},{"taxonomy":"post_tag","embeddable":true,"href":"https:\/\/www.europesays.com\/de\/wp-json\/wp\/v2\/tags?post=1266643"}],"curies":[{"name":"wp","href":"https:\/\/api.w.org\/{rel}","templated":true}]}}