{"id":1266656,"date":"2026-08-28T19:21:17","date_gmt":"2026-08-28T19:21:17","guid":{"rendered":"https:\/\/www.europesays.com\/de\/1266656\/"},"modified":"2026-08-28T19:21:17","modified_gmt":"2026-08-28T19:21:17","slug":"leihe-fuer-ein-jahr-mainzer-boeving-geht-nach-nuernberg-3","status":"publish","type":"post","link":"https:\/\/www.europesays.com\/de\/1266656\/","title":{"rendered":"Leihe f\u00fcr ein Jahr: Mainzer B\u00f6ving geht nach N\u00fcrnberg"},"content":{"rendered":"<p>Der 1. FC N\u00fcrnberg hat noch einmal auf dem Transfermarkt zugeschlagen. Ein D\u00e4ne kommt aus der ersten Liga.<\/p>\n<p><a href=\"https:\/\/www.onetz.de\/f\/ic\/ga-large\/articlemedia\/2026\/08\/28\/37ca8b76-051a-4acd-82c8-39f6d576106a.jpg\" class=\"ps-item\" data-psg=\"https:\/\/www.onetz.de\/sport\/nuernberg\/1\" data-size=\"960x640\" data-caption=\"&lt;div&gt;Bild: Lud\u00eck Pe\u00f8ina\/CTK\/dpa&lt;\/div&gt;Wechselt von Mainz nach N\u00fcrnberg: Der D\u00e4ne William B\u00f6ving (r) wird f\u00fcr ein Jahr ausgeliehen.\" rel=\"nofollow noopener\" target=\"_blank\"><img loading=\"lazy\" decoding=\"async\" src=\"https:\/\/www.europesays.com\/de\/wp-content\/uploads\/2026\/08\/37ca8b76-051a-4acd-82c8-39f6d576106a.jpg\" alt=\"Wechselt von Mainz nach N\u00fcrnberg: Der D\u00e4ne William B\u00f6ving (r) wird f\u00fcr ein Jahr ausgeliehen. Bild: Lud\u00eck Pe\u00f8ina\/CTK\/dpa\" title=\"\" width=\"805\" height=\"453\" class=\"img-responsive\"\/><\/a><\/p>\n<p>Wechselt von Mainz nach N\u00fcrnberg: Der D\u00e4ne William B\u00f6ving (r) wird f\u00fcr ein Jahr ausgeliehen.<\/p>\n<p>Bild: Lud\u00eck Pe\u00f8ina\/CTK\/dpa<\/p>\n<p>Fu\u00dfball-Zweitligist 1. FC N\u00fcrnberg leiht den Offensivspieler William B\u00f6ving f\u00fcr eine Saison vom FSV Mainz 05 aus. Der 23 Jahre alte D\u00e4ne war erst vor einem Jahr von Sturm Graz zu dem Bundesliga-Club gewechselt.<\/p>\n<p>\u201eEr kommt mit Erfahrung aus dem internationalen Wettbewerb und Bundesliga zu uns, ist aber noch in einem jungen, hungrigen Alter. Er ist variabel in der Offensive einsetzbar und kann sowohl in der Spitze als auch auf der Zehn spielen\u201c, sagte N\u00fcrnbergs Sportvorstand Joti Chatzialexiou.<\/p>\n<p>\u00a9 dpa-infocom, dpa:260828-930-598947\/1<\/p>\n","protected":false},"excerpt":{"rendered":"Der 1. FC N\u00fcrnberg hat noch einmal auf dem Transfermarkt zugeschlagen. Ein D\u00e4ne kommt aus der ersten Liga.&hellip;\n","protected":false},"author":2,"featured_media":1266657,"comment_status":"","ping_status":"","sticky":false,"template":"","format":"standard","meta":{"footnotes":"","_share_on_mastodon":"0"},"categories":[1837],"tags":[783,772,299,3364,29,7488,347,30,3783,7489,265],"class_list":["post-1266656","post","type-post","status-publish","format-standard","has-post-thumbnail","category-nuernberg","tag-1-fc-nuernberg","tag-bayern","tag-bundesliga","tag-de","tag-deutschland","tag-dpa","tag-fussball","tag-germany","tag-nuernberg","tag-region-bayern","tag-sport"],"share_on_mastodon":{"url":"https:\/\/pubeurope.com\/@de\/117174764553411501","error":""},"_links":{"self":[{"href":"https:\/\/www.europesays.com\/de\/wp-json\/wp\/v2\/posts\/1266656","targetHints":{"allow":["GET"]}}],"collection":[{"href":"https:\/\/www.europesays.com\/de\/wp-json\/wp\/v2\/posts"}],"about":[{"href":"https:\/\/www.europesays.com\/de\/wp-json\/wp\/v2\/types\/post"}],"author":[{"embeddable":true,"href":"https:\/\/www.europesays.com\/de\/wp-json\/wp\/v2\/users\/2"}],"replies":[{"embeddable":true,"href":"https:\/\/www.europesays.com\/de\/wp-json\/wp\/v2\/comments?post=1266656"}],"version-history":[{"count":0,"href":"https:\/\/www.europesays.com\/de\/wp-json\/wp\/v2\/posts\/1266656\/revisions"}],"wp:featuredmedia":[{"embeddable":true,"href":"https:\/\/www.europesays.com\/de\/wp-json\/wp\/v2\/media\/1266657"}],"wp:attachment":[{"href":"https:\/\/www.europesays.com\/de\/wp-json\/wp\/v2\/media?parent=1266656"}],"wp:term":[{"taxonomy":"category","embeddable":true,"href":"https:\/\/www.europesays.com\/de\/wp-json\/wp\/v2\/categories?post=1266656"},{"taxonomy":"post_tag","embeddable":true,"href":"https:\/\/www.europesays.com\/de\/wp-json\/wp\/v2\/tags?post=1266656"}],"curies":[{"name":"wp","href":"https:\/\/api.w.org\/{rel}","templated":true}]}}