{"id":126666,"date":"2025-05-20T23:47:12","date_gmt":"2025-05-20T23:47:12","guid":{"rendered":"https:\/\/www.europesays.com\/de\/126666\/"},"modified":"2025-05-20T23:47:12","modified_gmt":"2025-05-20T23:47:12","slug":"fw-bn-rauchentwicklung-aus-einer-stillgelegten-bunkeranlage-folge-war-ein-zeit-und","status":"publish","type":"post","link":"https:\/\/www.europesays.com\/de\/126666\/","title":{"rendered":"FW-BN: Rauchentwicklung aus einer stillgelegten Bunkeranlage &#8211; Folge war ein Zeit- und &#8230;"},"content":{"rendered":"<p class=\"date\">20.05.2025 \u2013 23:49<\/p>\n<p class=\"customer\">\n                        <a class=\"story-customer\" title=\"weiter zum newsroom von Feuerwehr und Rettungsdienst Bonn\" href=\"https:\/\/www.presseportal.de\/blaulicht\/nr\/115888\" rel=\"nofollow noopener\" target=\"_blank\">Feuerwehr und Rettungsdienst Bonn<\/a>\n                    <\/p>\n<p><a class=\"glightbox event-trigger\" href=\"https:\/\/cache.pressmailing.net\/thumbnail\/story_hires\/7f11df57-3e94-4483-80a5-b873f5b9af04\/1747770244221.jpg.jpg\" data-description=\"Blick auf den Eingangsbereich der Bunkeranlage\" data-category=\"medialightbox\" data-action=\"click\" data-label=\"single\" data-value=\"682cf8db270000fd2c801846\" rel=\"nofollow noopener\" target=\"_blank\"><img decoding=\"async\" height=\"540\" with=\"720\" src=\"https:\/\/www.europesays.com\/de\/wp-content\/uploads\/2025\/05\/fw-bn-rauchentwicklung-aus-einer-stillgelegten-bunkeranlage-folge-war-ein-zeit-und-materialintensive.jpeg\"   alt=\"FW-BN: Rauchentwicklung aus einer stillgelegten Bunkeranlage - Folge war ein Zeit- und materialintensiver Feuerwehreinsatz\" class=\"single\"\/><\/a><\/p>\n<p><a data-category=\"citylink-story-view\" data-action=\"click\" data-label=\"Citylink in Meldungsansicht\" class=\"story-city event-trigger\" href=\"https:\/\/www.presseportal.de\/regional\/Bonn\" title=\"News aus Bonn \" rel=\"nofollow noopener\" target=\"_blank\">Bonn<\/a> (ots)<\/p>\n<p>Bonn-Dransdorf, Siemensstra\u00dfe, 20.05.2025, 16:25 Uhr Am heutigen Dienstagnachmittag wurde der Leitstelle von Feuerwehr und Rettungsdienst eine unklare Rauchentwicklung im Bereich eines Hochbunkers an der Siemensstra\u00dfe gemeldet. Die ersteintreffenden Einsatzkr\u00e4fte best\u00e4tigten die Meldung. Aus mehreren \u00d6ffnungen der Bunkeranlage, unter anderem aus einer verschlossenen Gittert\u00fcre, drang leichter Brandrauch. Um die Einsatzstelle weiter erkunden zu k\u00f6nnen wurde die T\u00fcre gewaltsam ge\u00f6ffnet. Aufgrund der unbekannten baulichen Situation des Objektes wurde umgehend die Alarmstufe erh\u00f6ht.<br \/>\nVor Ort stellte sich schnell heraus das es sich bei diesem Hochbunker um eine sehr weitl\u00e4ufige, mehrgeschossige Bunkeranlage handelt. Objektpl\u00e4ne standen der Einsatzleitung nicht zur Verf\u00fcgung. Um den Brandherd zu lokalisieren wurden mehrere Trupps unter speziellen Atemschutzger\u00e4ten eingesetzt die eine deutlich l\u00e4ngere Einsatzdauer gew\u00e4hrleisten. Im weiteren Verlauf wurde der Bunker \u00fcber einen zweiten Eingang, durch zus\u00e4tzliche Atemschutztrupps erkundet. Aufgrund des baulichen Zustand waren die Einsatzkr\u00e4fte diversen Gefahrenstellen bei der Erkundung ausgesetzt. Zur Entrauchung wurden an den Eing\u00e4ngen L\u00fcfter eingesetzt. Nach ca. 4,5 h war unter einem hohen Kr\u00e4fte- und Materialeinsatz die komplette Bunkeranlage kontrolliert. Die Ursache der Rauchentwicklung konnte trotz Einsatz von mehreren W\u00e4rmebildkameras nicht gefunden werden. W\u00e4hrend der Einsatzma\u00dfnahmen musste die Siemensstra\u00dfe von der Polizei und Ordnungsamt f\u00fcr den Verkehr komplett gesperrt werden. Die verwaiste Feuerwache 1 wurde durch die L\u00f6scheinheit Bonn-Mitte f\u00fcr weitere Eins\u00e4tze besetzt.<br \/>\nRund 50 Einsatzkr\u00e4fte von Feuerwehr und Rettungsdienst wurden an der Einsatzstelle eingesetzt. Neben dem F\u00fchrungs- und Rettungsdienst war die Feuerwache 1 und 2 der Berufsfeuerwehr sowie die Einheiten Dransdorf, Endenich und Buschdorf der Freiwilligen Feuerwehr im Einsatz.<\/p>\n<p class=\"contact-headline\">R\u00fcckfragen bitte an:<\/p>\n<p class=\"contact-text\">Feuerwehr und Rettungsdienst Bonn<br \/>Ralf Krahforst<br \/>Telefon: 0228 7170<br \/><a target=\"_blank\" class=\"uri-ext outbound\" rel=\"noopener nofollow\" href=\"https:\/\/www.bonn.de\/feuerwehr\">www.bonn.de\/feuerwehr<\/a><\/p>\n<p class=\"originator\">Original-Content von: Feuerwehr und Rettungsdienst Bonn, \u00fcbermittelt durch news aktuell<\/p>\n","protected":false},"excerpt":{"rendered":"20.05.2025 \u2013 23:49 Feuerwehr und Rettungsdienst Bonn Bonn (ots) Bonn-Dransdorf, Siemensstra\u00dfe, 20.05.2025, 16:25 Uhr Am heutigen Dienstagnachmittag wurde&hellip;\n","protected":false},"author":2,"featured_media":126667,"comment_status":"","ping_status":"","sticky":false,"template":"","format":"standard","meta":{"footnotes":""},"categories":[1842],"tags":[1741,2919,3364,29,985,30,1209,176,178,180,179,181],"class_list":{"0":"post-126666","1":"post","2":"type-post","3":"status-publish","4":"format-standard","5":"has-post-thumbnail","7":"category-bonn","8":"tag-bonn","9":"tag-brand","10":"tag-de","11":"tag-deutschland","12":"tag-feuerwehr","13":"tag-germany","14":"tag-nordrhein-westfalen","15":"tag-nrw","16":"tag-presse","17":"tag-pressemeldung","18":"tag-pressemitteilung","19":"tag-pressemitteilungen"},"share_on_mastodon":{"url":"https:\/\/pubeurope.com\/@de\/114542834056535599","error":""},"_links":{"self":[{"href":"https:\/\/www.europesays.com\/de\/wp-json\/wp\/v2\/posts\/126666","targetHints":{"allow":["GET"]}}],"collection":[{"href":"https:\/\/www.europesays.com\/de\/wp-json\/wp\/v2\/posts"}],"about":[{"href":"https:\/\/www.europesays.com\/de\/wp-json\/wp\/v2\/types\/post"}],"author":[{"embeddable":true,"href":"https:\/\/www.europesays.com\/de\/wp-json\/wp\/v2\/users\/2"}],"replies":[{"embeddable":true,"href":"https:\/\/www.europesays.com\/de\/wp-json\/wp\/v2\/comments?post=126666"}],"version-history":[{"count":0,"href":"https:\/\/www.europesays.com\/de\/wp-json\/wp\/v2\/posts\/126666\/revisions"}],"wp:featuredmedia":[{"embeddable":true,"href":"https:\/\/www.europesays.com\/de\/wp-json\/wp\/v2\/media\/126667"}],"wp:attachment":[{"href":"https:\/\/www.europesays.com\/de\/wp-json\/wp\/v2\/media?parent=126666"}],"wp:term":[{"taxonomy":"category","embeddable":true,"href":"https:\/\/www.europesays.com\/de\/wp-json\/wp\/v2\/categories?post=126666"},{"taxonomy":"post_tag","embeddable":true,"href":"https:\/\/www.europesays.com\/de\/wp-json\/wp\/v2\/tags?post=126666"}],"curies":[{"name":"wp","href":"https:\/\/api.w.org\/{rel}","templated":true}]}}