{"id":1266668,"date":"2026-08-28T19:28:53","date_gmt":"2026-08-28T19:28:53","guid":{"rendered":"https:\/\/www.europesays.com\/de\/1266668\/"},"modified":"2026-08-28T19:28:53","modified_gmt":"2026-08-28T19:28:53","slug":"grossbaustelle-a1-weserbruecke-unfallzahlen-explodieren-nahe-bremen","status":"publish","type":"post","link":"https:\/\/www.europesays.com\/de\/1266668\/","title":{"rendered":"Gro\u00dfbaustelle A1-Weserbr\u00fccke: Unfallzahlen explodieren nahe Bremen"},"content":{"rendered":"<p>Vier Tote seit M\u00e4rz <\/p>\n<p>Unfallserie rei\u00dft nicht ab: Gro\u00dfbaustelle immer gef\u00e4hrlicher<\/p>\n<p>28.08.2026 &#8211; 18:01 UhrLesedauer: 2 Min.<\/p>\n<p><a href=\"#focus-0\" class=\"transition-colors block text-current relative\" data-sctrack=\"FocusGalleryImage.Reference\"><img fetchpriority=\"high\" data-testid=\"Opener.Image\"   loading=\"eager\" src=\"https:\/\/www.europesays.com\/de\/wp-content\/uploads\/2026\/08\/stau-auf-der-a1-bei-bremen-kam-es-zu-einem-unfall-zwischen-drei-lastwagen.jpg\" alt=\"Stau auf der A1: Bei Bremen kam es zu einem Unfall zwischen drei Lastwagen.\" title=\"Stau auf der A1: Bei Bremen kam es zu einem Unfall zwischen drei Lastwagen.\" width=\"1829\" height=\"1029\" class=\"bg-[url:var(--lqipURL)] bg-cover bg-center flex h-full w-full max-w-full\" style=\"--lqipURL:url('https:\/\/images.t-online.de\/2025\/06\/zPF85ThfJhTa\/32x51:1829x1029\/fit-in\/150x0\/filters:blur(25)\/stau-auf-der-a1-bei-bremen-kam-es-zu-einem-unfall-zwischen-drei-lastwagen.jpg')\" decoding=\"async\"\/><img loading=\"lazy\" src=\"https:\/\/bremen.t-online.de\/s\/paper\/_next\/static\/media\/zoom-in.f7dae02f.svg\" alt=\"Vergr\u00f6\u00dfern des Bildes\" title=\"Vergr\u00f6\u00dfern des Bildes\" class=\"block h-[calc(var(--height)_\/_16_*_1rem)] w-[calc(var(--width)_\/_16_*_1rem)] max-w-none absolute right-8 bottom-8 rounded-4 bg-snow p-8\" style=\"--width:32;--height:32\" decoding=\"async\"\/><\/a><\/p>\n<p>Stau auf der A1 im Jahr 2025: Zuletzt hatte es immer wieder heftig gekracht am Verkehrsknotenpunkt. (Quelle: J\u00f6rn H\u00fcneke\/t-online)<\/p>\n<p><img loading=\"lazy\" src=\"https:\/\/bremen.t-online.de\/s\/paper\/_next\/static\/media\/audio-volume.6689034c.svg\" alt=\"\" title=\"\" class=\"block h-[calc(var(--height)_\/_16_*_1rem)] w-[calc(var(--width)_\/_16_*_1rem)] max-w-none group-hover:brightness-0 group-hover:invert\" style=\"--width:16;--height:16\" decoding=\"async\"\/>Vorlesen<\/p>\n<p>Aktuelle Zeit:0:00Gesamtdauer:0:00<\/p>\n<p>1x<img loading=\"lazy\" src=\"https:\/\/bremen.t-online.de\/s\/paper\/_next\/static\/media\/font-sizes.32942e33.svg\" alt=\"\" title=\"\" class=\"block h-[calc(var(--height)_\/_16_*_1rem)] w-[calc(var(--width)_\/_16_*_1rem)] max-w-none group-hover:hidden group-aria-expanded:hidden\" style=\"--width:16;--height:16\" decoding=\"async\"\/><img loading=\"lazy\" src=\"https:\/\/bremen.t-online.de\/s\/paper\/_next\/static\/media\/font-sizes-dark-mode.e382645c.svg\" alt=\"\" title=\"\" class=\"block h-[calc(var(--height)_\/_16_*_1rem)] w-[calc(var(--width)_\/_16_*_1rem)] max-w-none hidden group-hover:block group-aria-expanded:block\" style=\"--width:16;--height:16\" decoding=\"async\"\/><img loading=\"lazy\" src=\"https:\/\/bremen.t-online.de\/s\/paper\/_next\/static\/media\/sharing-menu-icon.1eb71368.svg\" alt=\"\" title=\"\" class=\"block h-[calc(var(--height)_\/_16_*_1rem)] w-[calc(var(--width)_\/_16_*_1rem)] max-w-none group-hover:brightness-0 group-hover:invert\" style=\"--width:16;--height:16\" decoding=\"async\"\/>Artikel teilen<\/p>\n<p class=\"font-bold text-18 leading-17 user-text-lg:text-22 user-text-xl:text-24\">Es kracht und kracht und kracht: Die A1 bei Bremen entwickelt sich zum Unfallschwerpunkt der Nation. Die Zahlen sind besorgniserregend.<\/p>\n<p class=\"text-18 leading-17 user-text-lg:text-22 user-text-xl:text-24\">Hunderte Unf\u00e4lle, mehrere Tote und immer wieder schwere Kollisionen am Stauende: Die A1 rund um die Weserbr\u00fccke bei Bremen hat sich zu einem auff\u00e4lligen Unfall-Hotspot entwickelt.<\/p>\n<p class=\"text-18 leading-17 user-text-lg:text-22 user-text-xl:text-24\">Allein in diesem Jahr registrierte die Polizei im Bereich der Baustelle bislang 292 Unf\u00e4lle. <a href=\"https:\/\/bremen.t-online.de\/region\/bremen\/id_101048102\/a1-bei-bremen-weserbruecke-an-der-baustelle-gibt-es-fast-taeglich-unfaelle.html\" class=\"transition-colors cursor-pointer no-underline md:hover:text-magenta md:focus:text-magenta border-b border-solid border-current text-salemsfur md:hover:border-magenta\" data-tracking=\"{&quot;action&quot;:&quot;click&quot;,&quot;category&quot;:&quot;intextLink&quot;,&quot;label&quot;:&quot;\/region\/bremen\/id_101048102\/a1-bei-bremen-weserbruecke-an-der-baustelle-gibt-es-fast-taeglich-unfaelle.html&quot;}\" data-sctrack=\"BodyAnchor\" rel=\"nofollow noopener\" target=\"_blank\">Schon 2025 waren es 556.<\/a> Seit M\u00e4rz kamen auf dem Abschnitt rund um Stuhr und Brinkum vier Menschen ums Leben. Laut &#8222;Bild&#8220; handelt es sich um &#8222;Deutschlands gef\u00e4hrlichste Baustelle&#8220;.<\/p>\n<p>A1-Weserbr\u00fccke: Besonders Auffahrunf\u00e4lle h\u00e4ufen sich<\/p>\n<p class=\"text-18 leading-17 user-text-lg:text-22 user-text-xl:text-24\">Eine bundesweite Rangliste der gef\u00e4hrlichsten Autobahnbaustellen gibt es zwar nicht. Die Zahlen zeigen jedoch, wie angespannt die Lage auf der vielbefahrenen Strecke ist.<\/p>\n<p><a href=\"#focus-1\" class=\"transition-colors block text-current relative\" data-sctrack=\"FocusGalleryImage.Reference\"><img   loading=\"lazy\" src=\"https:\/\/www.europesays.com\/de\/wp-content\/uploads\/2026\/08\/a1-in-richtung-bremen-bei-der-dauerbaustelle-weserbruecke-kam-es-zu-einem-schweren-unfall.jpg\" alt=\"A1 in Richtung Bremen: Bei der Dauerbaustelle &quot;Weserbr\u00fccke&quot; kam es zu einem schweren Unfall.\" title=\"A1 in Richtung Bremen: Bei der Dauerbaustelle &quot;Weserbr\u00fccke&quot; kam es zu einem schweren Unfall.\" width=\"3840\" height=\"2160\" class=\"h-full w-full max-w-full rounded-8\" decoding=\"async\"\/><img loading=\"lazy\" src=\"https:\/\/bremen.t-online.de\/s\/paper\/_next\/static\/media\/zoom-in.f7dae02f.svg\" alt=\"Vergr\u00f6\u00dfern des Bildes\" title=\"Vergr\u00f6\u00dfern des Bildes\" class=\"block h-[calc(var(--height)_\/_16_*_1rem)] w-[calc(var(--width)_\/_16_*_1rem)] max-w-none absolute right-8 bottom-8 rounded-4 bg-snow p-8\" style=\"--width:32;--height:32\" decoding=\"async\"\/>A1 in Richtung Bremen: Bei der Dauerbaustelle Weserbr\u00fccke kam es zu einem schweren Unfall. (Quelle: Nord-West-Media TV &amp; Nachrichten GmbH im Auftrag f\u00fcr Thomas Lindemann (Standort Harpstedt (NI)))<\/a><\/p>\n<p class=\"text-18 leading-17 user-text-lg:text-22 user-text-xl:text-24\">Besonders h\u00e4ufig kommt es zu schweren Auffahrunf\u00e4llen an R\u00fcckstaus. Zuletzt starb am 25. August ein Autofahrer zwischen dem Dreieck Stuhr und Brinkum, nachdem ein Sattelzug auf seinen Wagen am Stauende gefahren war. Wenig sp\u00e4ter kam es am dadurch entstandenen R\u00fcckstau erneut zu einer schweren Kollision mehrerer Lastwagen.<\/p>\n<p>Immer wieder Todesopfer<\/p>\n<p class=\"text-18 leading-17 user-text-lg:text-22 user-text-xl:text-24\">Auch zuvor hatte es auf dem Abschnitt mehrfach \u00e4hnliche Unf\u00e4lle gegeben. Anfang M\u00e4rz starb ein 51-J\u00e4hriger, nachdem er auf einen stehenden Sattelzug aufgefahren war. Wenige Wochen sp\u00e4ter kollidierten an einem Baustellenstau drei Lastwagen. Zwei Fahrer wurden schwer verletzt, einer von ihnen lebensgef\u00e4hrlich.<\/p>\n<p><a href=\"#focus-2\" class=\"transition-colors block text-current relative\" data-sctrack=\"FocusGalleryImage.Reference\"><img   loading=\"lazy\" src=\"https:\/\/www.europesays.com\/de\/wp-content\/uploads\/2026\/08\/a1-weserbruecke-bei-bremen-bei-bremen-ueberquert-die-autobahn-1-die-weser-da-die-bruecke-sanierungsb.jpeg\" alt=\"imago images 0835348832\" title=\"imago images 0835348832\" width=\"2468\" height=\"1389\" class=\"h-full w-full max-w-full rounded-8\" decoding=\"async\"\/><img loading=\"lazy\" src=\"https:\/\/bremen.t-online.de\/s\/paper\/_next\/static\/media\/zoom-in.f7dae02f.svg\" alt=\"Vergr\u00f6\u00dfern des Bildes\" title=\"Vergr\u00f6\u00dfern des Bildes\" class=\"block h-[calc(var(--height)_\/_16_*_1rem)] w-[calc(var(--width)_\/_16_*_1rem)] max-w-none absolute right-8 bottom-8 rounded-4 bg-snow p-8\" style=\"--width:32;--height:32\" decoding=\"async\"\/>A1-Weserbr\u00fccke bei Bremen (Archivfoto): Aktuell laufen aufwendige Instandsetzungsarbeiten, perspektivisch soll die Br\u00fccke jedoch ersetzt werden. (Quelle: IMAGO\/imago)<\/a><\/p>\n<p class=\"text-18 leading-17 user-text-lg:text-22 user-text-xl:text-24\">Die Baustelle ist dabei nicht die alleinige Ursache. Zu geringer Abstand, \u00fcberh\u00f6hte Geschwindigkeit und Unaufmerksamkeit spielen ebenfalls eine Rolle. Polizeisprecher Nils Matthiesen sieht dennoch einen klaren Zusammenhang: Die Bauarbeiten an der Weserbr\u00fccke und die daraus entstehenden R\u00fcckstaus tr\u00fcgen &#8222;wesentlich zum erh\u00f6hten Unfallrisiko&#8220; bei.<\/p>\n<p class=\"text-18 leading-17 user-text-lg:text-22 user-text-xl:text-24\">Zus\u00e4tzlich versch\u00e4rft das enorme Verkehrsaufkommen die Lage. Rund 130.000 Fahrzeuge passieren nach Angaben der Projektgesellschaft DEGES t\u00e4glich die Weserbr\u00fccke. Etwa 24 Prozent davon entfallen auf den Schwerverkehr \u2013 rechnerisch mehr als 30.000 Lkw und andere schwere Fahrzeuge am Tag.<\/p>\n<p><a href=\"#focus-3\" class=\"transition-colors block text-current relative\" data-sctrack=\"FocusGalleryImage.Reference\"><img   loading=\"lazy\" src=\"https:\/\/www.europesays.com\/de\/wp-content\/uploads\/2026\/08\/reiseverkehr-stau-vor-dem-langen-wochenende-auf-der-a1-bei-bremen-vor-dem-langen-wochenende-mit-dem-.jpeg\" alt=\"imago images 0836080297\" title=\"imago images 0836080297\" width=\"5714\" height=\"3214\" class=\"h-full w-full max-w-full rounded-8\" decoding=\"async\"\/><img loading=\"lazy\" src=\"https:\/\/bremen.t-online.de\/s\/paper\/_next\/static\/media\/zoom-in.f7dae02f.svg\" alt=\"Vergr\u00f6\u00dfern des Bildes\" title=\"Vergr\u00f6\u00dfern des Bildes\" class=\"block h-[calc(var(--height)_\/_16_*_1rem)] w-[calc(var(--width)_\/_16_*_1rem)] max-w-none absolute right-8 bottom-8 rounded-4 bg-snow p-8\" style=\"--width:32;--height:32\" decoding=\"async\"\/>Gewohntes Bild rund um Bremen: Seit 2025 staut sich der Verkehr regelm\u00e4\u00dfig aufgrund der Gro\u00dfbaustelle an der Weserbr\u00fccke. (Quelle: IMAGO\/imago)<\/a><\/p>\n","protected":false},"excerpt":{"rendered":"Vier Tote seit M\u00e4rz Unfallserie rei\u00dft nicht ab: Gro\u00dfbaustelle immer gef\u00e4hrlicher 28.08.2026 &#8211; 18:01 UhrLesedauer: 2 Min. Stau&hellip;\n","protected":false},"author":2,"featured_media":1266669,"comment_status":"","ping_status":"","sticky":false,"template":"","format":"standard","meta":{"footnotes":"","_share_on_mastodon":"0"},"categories":[1824],"tags":[2420,25564,3364,29,514,30,23617,121,108001,7834,226,1284,83000,192572,79927],"class_list":["post-1266668","post","type-post","status-publish","format-standard","has-post-thumbnail","category-bremen","tag-bremen","tag-brinkum","tag-de","tag-deutschland","tag-fahrzeug","tag-germany","tag-grossbaustelle","tag-polizei","tag-rueckstau","tag-stuhr","tag-t-online","tag-unfall","tag-unfallschwerpunkt","tag-unfallserie","tag-weserbruecke"],"share_on_mastodon":{"url":"https:\/\/pubeurope.com\/@de\/117174797565725381","error":""},"_links":{"self":[{"href":"https:\/\/www.europesays.com\/de\/wp-json\/wp\/v2\/posts\/1266668","targetHints":{"allow":["GET"]}}],"collection":[{"href":"https:\/\/www.europesays.com\/de\/wp-json\/wp\/v2\/posts"}],"about":[{"href":"https:\/\/www.europesays.com\/de\/wp-json\/wp\/v2\/types\/post"}],"author":[{"embeddable":true,"href":"https:\/\/www.europesays.com\/de\/wp-json\/wp\/v2\/users\/2"}],"replies":[{"embeddable":true,"href":"https:\/\/www.europesays.com\/de\/wp-json\/wp\/v2\/comments?post=1266668"}],"version-history":[{"count":0,"href":"https:\/\/www.europesays.com\/de\/wp-json\/wp\/v2\/posts\/1266668\/revisions"}],"wp:featuredmedia":[{"embeddable":true,"href":"https:\/\/www.europesays.com\/de\/wp-json\/wp\/v2\/media\/1266669"}],"wp:attachment":[{"href":"https:\/\/www.europesays.com\/de\/wp-json\/wp\/v2\/media?parent=1266668"}],"wp:term":[{"taxonomy":"category","embeddable":true,"href":"https:\/\/www.europesays.com\/de\/wp-json\/wp\/v2\/categories?post=1266668"},{"taxonomy":"post_tag","embeddable":true,"href":"https:\/\/www.europesays.com\/de\/wp-json\/wp\/v2\/tags?post=1266668"}],"curies":[{"name":"wp","href":"https:\/\/api.w.org\/{rel}","templated":true}]}}