{"id":1266688,"date":"2026-08-28T19:41:20","date_gmt":"2026-08-28T19:41:20","guid":{"rendered":"https:\/\/www.europesays.com\/de\/1266688\/"},"modified":"2026-08-28T19:41:20","modified_gmt":"2026-08-28T19:41:20","slug":"juergen-klopp-kuendigt-treffen-mit-neuzugang-des-vfb-stuttgart-an-hoffnungstraeger-fuer-das-dfb-team","status":"publish","type":"post","link":"https:\/\/www.europesays.com\/de\/1266688\/","title":{"rendered":"J\u00fcrgen Klopp k\u00fcndigt Treffen mit Neuzugang des VfB Stuttgart an &#8211; Hoffnungstr\u00e4ger f\u00fcr das DFB-Team?"},"content":{"rendered":"<p>Der neue Bundestrainer J\u00fcrgen Klopp hat offensichtlich Pl\u00e4ne mit dem neuen Stuttgarter Torj\u00e4ger Dzenan Pejcinovic.<\/p>\n<p style=\"text-align:start\">&#8222;Er wei\u00df das jetzt, weil ich gesagt habe: Wenn ich Montag in Stuttgart bin, treffen wir uns&#8220;, sagte Klopp vor <a href=\"https:\/\/www.spox.com\/fussball\/live\/fc-bayern-muenchen-vs-vfb-stuttgart-live-das-eroeffnungsspiel-der-bundesliga-heute-im-liveticker\/blt9c5d7ab358754b69\" rel=\"nofollow noopener\" target=\"_blank\" data-affiliate-type=\"NONE\">dem Bundesliga-Auftaktspiel zwischen dem FC Bayern und dem VfB<\/a> am Freitagabend bei Sat.1. <a href=\"https:\/\/www.spox.com\/fussball\/news\/juergen-klopp-hat-den-verein-schon-informiert-steht-der-erste-dfb-debuetant-unter-dem-neuen-bundestrainer-schon-fest\/blt067cfa7b4f044c40\" rel=\"nofollow noopener\" target=\"_blank\" data-affiliate-type=\"NONE\">Pejcinovic hat alle U-Mannschaften des DFB durchlaufen und zuletzt sieben Spiele in der U21 bestritten<\/a>.<\/p>\n<p style=\"text-align:start\">Klopp erg\u00e4nzte bei Sky, dass er mit vielen Spielern bereits gesprochen habe, unter anderem mit Florian Wirtz. Am Sonntag wolle er sich beim Training des FC Bayern unter anderem mit Jamal Musiala treffen, dem er bereits eine Sprachnachricht geschickt habe. Am Nachmittag will der Bundestrainer dann in Augsburg das Spiel des FCA gegen Schalke 04 verfolgen.<\/p>\n<p style=\"text-align:start\">Den bereits kontaktierten Spielern habe er eine &#8222;Botschaft&#8220; \u00fcbermittelt, sagte Klopp, &#8222;und die Botschaft, um die es da geht, ist einfach: dass wir vieles intensiver gestalten wollen. Da sind sich aber auch alle einig. Es ist ja wirklich so: Besser spielen sollte m\u00f6glich sein, und daf\u00fcr muss jeder ein bisschen mehr machen.&#8220;<\/p>\n<p>Was will J\u00fcrgen Klopp im DFB-Team ver\u00e4ndern?<\/p>\n<p style=\"text-align:start\">Es gehe im internationalen Vergleich auch nicht darum, &#8222;dass wir die besten Talente der Welt haben&#8220;, erg\u00e4nzte Klopp. &#8222;Es geht darum, dass es f\u00fcr den Gegner wahnsinnig schwer ist, gegen uns zu spielen. Damit m\u00fcssen wir jetzt anfangen.&#8220;<\/p>\n<p><img class=\"fco-image__image\" alt=\"VfB Stuttgart - Team Presentation 2026\/27\"   loading=\"lazy\" decoding=\"async\" fetchpriority=\"auto\" width=\"5004\" height=\"3336\" src=\"https:\/\/www.europesays.com\/de\/wp-content\/uploads\/2026\/08\/GettyImages-2291129208.jpg\" style=\"aspect-ratio:5004 \/ 3336;width:100%;height:100%\"\/>Getty Images<\/p>\n<p style=\"text-align:start\">Der Bundestrainer ahnt auch, dass er unter Erwartungsdruck steht. &#8222;Wir haben ganz viel vor beim DFB, aber wir wissen, wir k\u00f6nnen uns Zeit nur kaufen \u00fcber Ergebnisse, also \u00fcber Fortschritte.&#8220; Er k\u00f6nne erz\u00e4hlen, was er wolle, &#8222;aber wenn wir am Ende die Spiele verlieren, dann habe ich auch nicht so wahnsinnig viel Zeit&#8220;.<\/p>\n<p style=\"text-align:start\">Seinen ersten Kader wird Klopp am 17. September nominieren. Mit diesem geht er in die Spiele der Nations League <a href=\"https:\/\/www.spox.com\/fussball\/news\/einer-der-besten-trainer-ex-barcelona-coach-freut-sich-auf-duell-mit-juergen-klopp\/blt02cdddb58f849f8a\" rel=\"nofollow noopener\" target=\"_blank\" data-affiliate-type=\"NONE\">in den Niederlanden<\/a> (24. September), gegen Griechenland in Augsburg (27. September), gegen Serbien in M\u00fcnchen (1. Oktober) und in Griechenland (4. Oktober).<\/p>\n","protected":false},"excerpt":{"rendered":"Der neue Bundestrainer J\u00fcrgen Klopp hat offensichtlich Pl\u00e4ne mit dem neuen Stuttgarter Torj\u00e4ger Dzenan Pejcinovic. &#8222;Er wei\u00df das&hellip;\n","protected":false},"author":2,"featured_media":1266689,"comment_status":"","ping_status":"","sticky":false,"template":"","format":"standard","meta":{"footnotes":"","_share_on_mastodon":"0"},"categories":[1830],"tags":[1634,299,243727,3364,29,347,30,196006,4665,250473,250472,4604,1441,10953,2915],"class_list":["post-1266688","post","type-post","status-publish","format-standard","has-post-thumbnail","category-stuttgart","tag-baden-wuerttemberg","tag-bundesliga","tag-d-pejcinovic","tag-de","tag-deutschland","tag-fussball","tag-germany","tag-j-klopp","tag-juergen-klopp","tag-netherlands-vs-germany","tag-niederlande-vs-deutschland","tag-soccer","tag-stuttgart","tag-uefa-nations-league-a","tag-vfb-stuttgart"],"share_on_mastodon":{"url":"https:\/\/pubeurope.com\/@de\/117174842961408598","error":""},"_links":{"self":[{"href":"https:\/\/www.europesays.com\/de\/wp-json\/wp\/v2\/posts\/1266688","targetHints":{"allow":["GET"]}}],"collection":[{"href":"https:\/\/www.europesays.com\/de\/wp-json\/wp\/v2\/posts"}],"about":[{"href":"https:\/\/www.europesays.com\/de\/wp-json\/wp\/v2\/types\/post"}],"author":[{"embeddable":true,"href":"https:\/\/www.europesays.com\/de\/wp-json\/wp\/v2\/users\/2"}],"replies":[{"embeddable":true,"href":"https:\/\/www.europesays.com\/de\/wp-json\/wp\/v2\/comments?post=1266688"}],"version-history":[{"count":0,"href":"https:\/\/www.europesays.com\/de\/wp-json\/wp\/v2\/posts\/1266688\/revisions"}],"wp:featuredmedia":[{"embeddable":true,"href":"https:\/\/www.europesays.com\/de\/wp-json\/wp\/v2\/media\/1266689"}],"wp:attachment":[{"href":"https:\/\/www.europesays.com\/de\/wp-json\/wp\/v2\/media?parent=1266688"}],"wp:term":[{"taxonomy":"category","embeddable":true,"href":"https:\/\/www.europesays.com\/de\/wp-json\/wp\/v2\/categories?post=1266688"},{"taxonomy":"post_tag","embeddable":true,"href":"https:\/\/www.europesays.com\/de\/wp-json\/wp\/v2\/tags?post=1266688"}],"curies":[{"name":"wp","href":"https:\/\/api.w.org\/{rel}","templated":true}]}}