{"id":1266748,"date":"2026-08-28T20:19:18","date_gmt":"2026-08-28T20:19:18","guid":{"rendered":"https:\/\/www.europesays.com\/de\/1266748\/"},"modified":"2026-08-28T20:19:18","modified_gmt":"2026-08-28T20:19:18","slug":"clubnacht-und-sommermusik-die-besten-tipps-fuer-wochenende-in-moenchengladbach-am-29-und-30-august","status":"publish","type":"post","link":"https:\/\/www.europesays.com\/de\/1266748\/","title":{"rendered":"Clubnacht und Sommermusik: Die besten Tipps f\u00fcr Wochenende in M\u00f6nchengladbach am 29. und 30. August"},"content":{"rendered":"<p>                    29. und 30. August                \u201eWine and Soul\u201c, Clubnacht und Sommermusik \u2013 die besten Tipps f\u00fcrs Wochenende in M\u00f6nchengladbach<\/p>\n<p>                        <a class=\"absolute bottom-0 inset-x-0 z-10 group\/link before:float-left after:clear-both flex justify-end items-end print:hidden\" href=\"https:\/\/rp-online.de\/imgs\/32\/4\/6\/1\/3\/2\/7\/1\/3\/tok_6600107a004b6a4636a0be9a2ccfcffb\/w1900_h1425_x1796_y1347_20230806_142704-fef3349bb757da89.jpg\" title=\"Vergr\u00f6\u00dferte Ansicht\" aria-describedby=\"park-figure-\" data-enlargable=\"image\" rel=\"nofollow noopener\" target=\"_blank\"><\/p>\n<p>                            <\/a><\/p>\n<p>                <img class=\"inset-0 w-full h-full object-cover opacity-0 transition-opacity animated\" onload=\"this.style.opacity = '1';\" src=\"https:\/\/www.europesays.com\/de\/wp-content\/uploads\/2026\/08\/w2100_h1575_x1796_y1347_20230806_142704-fef3349bb757da89.jpg\"   alt=\" Beim Hoftr\u00f6del in Geneicken kann nach Herzenslust gest\u00f6bert werden. \" width=\"3592\" height=\"2694\" fetchpriority=\"high\" decoding=\"async\" data-park-image-img=\"\"\/><\/p>\n<p class=\"block font-sans text-30 text-black-almost dark:text-white-almost desktop:text-40 desktop:[.floated_&amp;]:text-30 mt-3 desktop:[.floated_&amp;]:mt-3 desktop:mt-4\" data-readtime-content=\"\">\n         Beim Hoftr\u00f6del in Geneicken kann nach Herzenslust gest\u00f6bert werden.\n    <\/p>\n<p>    Foto: Sigrid Blomen-Radermacher  <\/p>\n<p class=\"text-60 park-container-small px-6 mb-5 desktop:mb-4\">M\u00f6nchengladbach \u00b7 <strong data-cy=\"intro\" data-readtime-content=\"\">Das Wetter wird k\u00fchler, die Ferien gehen zu Ende \u2013 doch wer den Sommer feiern m\u00f6chte, hat am Samstag und Sonntag noch einmal die Chance. Musik, Wein und Sch\u00fctzenfeste locken nach drau\u00dfen. Wer lieber auf Schn\u00e4ppchenjagd geht, kann sich au\u00dferdem auf mehrere stimmungsvolle Tr\u00f6delm\u00e4rkte an der frischen Luft freuen.<\/strong><\/p>\n","protected":false},"excerpt":{"rendered":"29. und 30. August \u201eWine and Soul\u201c, Clubnacht und Sommermusik \u2013 die besten Tipps f\u00fcrs Wochenende in M\u00f6nchengladbach&hellip;\n","protected":false},"author":2,"featured_media":1266749,"comment_status":"","ping_status":"","sticky":false,"template":"","format":"standard","meta":{"footnotes":"","_share_on_mastodon":"0"},"categories":[1849],"tags":[3364,29,548,663,3934,21338,30,13,21433,4455,21432,14,15,1209,12,94,21434],"class_list":["post-1266748","post","type-post","status-publish","format-standard","has-post-thumbnail","category-moenchengladbach","tag-de","tag-deutschland","tag-eu","tag-europa","tag-europe","tag-franz","tag-germany","tag-headlines","tag-karl","tag-moenchengladbach","tag-moor","tag-nachrichten","tag-news","tag-nordrhein-westfalen","tag-schlagzeilen","tag-theater","tag-theaterkasse"],"share_on_mastodon":{"url":"https:\/\/pubeurope.com\/@de\/117174992661231721","error":""},"_links":{"self":[{"href":"https:\/\/www.europesays.com\/de\/wp-json\/wp\/v2\/posts\/1266748","targetHints":{"allow":["GET"]}}],"collection":[{"href":"https:\/\/www.europesays.com\/de\/wp-json\/wp\/v2\/posts"}],"about":[{"href":"https:\/\/www.europesays.com\/de\/wp-json\/wp\/v2\/types\/post"}],"author":[{"embeddable":true,"href":"https:\/\/www.europesays.com\/de\/wp-json\/wp\/v2\/users\/2"}],"replies":[{"embeddable":true,"href":"https:\/\/www.europesays.com\/de\/wp-json\/wp\/v2\/comments?post=1266748"}],"version-history":[{"count":0,"href":"https:\/\/www.europesays.com\/de\/wp-json\/wp\/v2\/posts\/1266748\/revisions"}],"wp:featuredmedia":[{"embeddable":true,"href":"https:\/\/www.europesays.com\/de\/wp-json\/wp\/v2\/media\/1266749"}],"wp:attachment":[{"href":"https:\/\/www.europesays.com\/de\/wp-json\/wp\/v2\/media?parent=1266748"}],"wp:term":[{"taxonomy":"category","embeddable":true,"href":"https:\/\/www.europesays.com\/de\/wp-json\/wp\/v2\/categories?post=1266748"},{"taxonomy":"post_tag","embeddable":true,"href":"https:\/\/www.europesays.com\/de\/wp-json\/wp\/v2\/tags?post=1266748"}],"curies":[{"name":"wp","href":"https:\/\/api.w.org\/{rel}","templated":true}]}}